{"id":35311,"date":"2022-08-19T00:09:20","date_gmt":"2022-08-18T21:09:20","guid":{"rendered":"https:\/\/www.adanaseshaber.com\/?p=35311"},"modified":"2022-08-19T00:09:43","modified_gmt":"2022-08-18T21:09:43","slug":"kardeslerim-dizisi-yeni-sezon-ne-zaman-kardeslerim-yeni-sezon-yayin-tarihi-aciklandi","status":"publish","type":"post","link":"https:\/\/adanaseshaber.com.tr\/?p=35311","title":{"rendered":"Karde\u015flerim dizisi yeni sezon ne zaman? Karde\u015flerim yeni sezon yay\u0131n tarihi a\u00e7\u0131kland\u0131"},"content":{"rendered":"<p>ATV ekranlar\u0131n\u0131n b\u00fcy\u00fck bir ilgiyle izlenen dizisi Karde\u015flerim\u2019in yeni sezonu i\u00e7in heyecan dorukta. Ge\u00e7ti\u011fimiz sezon \u00e7ok ba\u015far\u0131l\u0131 bir ekran maceras\u0131 ya\u015fayan ve reytinglerdeki ba\u015far\u0131s\u0131yla b\u00fcy\u00fck takdir toplayan dizinin yeni sezonu i\u00e7in geri say\u0131m ba\u015flad\u0131. Sezon finaliyle nefesleri kesen dizinin yeni sezonuyla ilgili t\u00fcm detaylar merakla ara\u015ft\u0131r\u0131l\u0131yor. Her b\u00f6l\u00fcm\u00fc b\u00fcy\u00fck bir ilgiyle izlenen ve oyuncu kadrosu ve konusuyla t\u00fcm dikkatleri \u00fczerine \u00e7ekmeyi ba\u015faran sevilen dizi Karde\u015flerim\u2019in yeni sezonu i\u00e7in heyecan dorukta. Sevilen dizinin yeni sezon tarihi merak edilmeye ba\u015fland\u0131. Peki, Karde\u015flerim yeni sezon ne zaman ba\u015flayacak? ATV Karde\u015flerim yeni sezon olacak m\u0131? Karde\u015flerim yeni sezonda da devam edecek mi? Karde\u015flerim yeni sezon tarihi a\u00e7\u0131kland\u0131 m\u0131, \u00e7ekimler ba\u015flad\u0131 m\u0131? \u0130\u015fte t\u00fcm detaylar\u2026<\/p>\n<p><strong>KARDE\u015eLER\u0130M YEN\u0130 SEZON NE ZAMAN BA\u015eLAYACAK?<\/strong><\/p>\n<p>ATV ekranlar\u0131n\u0131n b\u00fcy\u00fck bir ilgiyle izlenen dizisi Karde\u015flerim\u2019in yeni sezonu i\u00e7in nefesler tutuldu. Muhte\u015fem bir sezon finaliyle ekrana ara veren dizinin yeni sezonunda neler ya\u015fanaca\u011f\u0131 merak konusu. Dizinin yeni sezon \u00e7ekimlerinin ba\u015flay\u0131p ba\u015flamad\u0131\u011f\u0131 merakla ara\u015ft\u0131r\u0131l\u0131yor. Dizinin s\u0131k\u0131 takip\u00e7ileri yeni sezonda neler olaca\u011f\u0131n\u0131 b\u00fcy\u00fck bir merakla bekliyor. Karde\u015flerim dizisi yeni sezon i\u00e7in sete \u00e7\u0131kt\u0131. Dizinin yeni sezonu i\u00e7in \u00e7ekimler ba\u015flad\u0131. A\u011fustos ay\u0131 itibar\u0131yla yeni sezon \u00e7ekimleri ba\u015flayan dizinin Eyl\u00fcl ay\u0131nda ekrana geri d\u00f6nmesi bekleniyor.<\/p>\n<p><img loading=\"lazy\" decoding=\"async\" class=\"aligncenter wp-image-35313 size-full\" src=\"https:\/\/adanaseshaber.com.tr\/wp-content\/uploads\/2022\/08\/kardeslerim-dizisi-yeni-sezon-ne-zaman-kardeslerim-yeni-sezon-yayin-tarihi-aciklandi-1.jpg\" alt=\"\" width=\"1280\" height=\"720\" srcset=\"https:\/\/adanaseshaber.com.tr\/wp-content\/uploads\/2022\/08\/kardeslerim-dizisi-yeni-sezon-ne-zaman-kardeslerim-yeni-sezon-yayin-tarihi-aciklandi-1.jpg 1280w, https:\/\/adanaseshaber.com.tr\/wp-content\/uploads\/2022\/08\/kardeslerim-dizisi-yeni-sezon-ne-zaman-kardeslerim-yeni-sezon-yayin-tarihi-aciklandi-1-300x169.jpg 300w, https:\/\/adanaseshaber.com.tr\/wp-content\/uploads\/2022\/08\/kardeslerim-dizisi-yeni-sezon-ne-zaman-kardeslerim-yeni-sezon-yayin-tarihi-aciklandi-1-1024x576.jpg 1024w, https:\/\/adanaseshaber.com.tr\/wp-content\/uploads\/2022\/08\/kardeslerim-dizisi-yeni-sezon-ne-zaman-kardeslerim-yeni-sezon-yayin-tarihi-aciklandi-1-768x432.jpg 768w, https:\/\/adanaseshaber.com.tr\/wp-content\/uploads\/2022\/08\/kardeslerim-dizisi-yeni-sezon-ne-zaman-kardeslerim-yeni-sezon-yayin-tarihi-aciklandi-1-390x220.jpg 390w\" sizes=\"auto, (max-width: 1280px) 100vw, 1280px\" \/><\/p>\n<p><strong>KARDE\u015eLER\u0130M D\u0130Z\u0130S\u0130 OYUNCU KADROSU<\/strong><\/p>\n<p>ATV\u2019nin sevilen ve izlenme rekorlar\u0131 k\u0131ran dizisi Karde\u015flerim\u2019in oyuncu kadrosunda C\u00fcneyt Mete, Celil Nal\u00e7akan, Ahu Ya\u011ftu, Fadik Sevin Atasoy, Su Burcu Yazg\u0131 Co\u015fkun, Yi\u011fit Ko\u00e7ak, Aylin Akp\u0131nar, Onur Seyit Yaran, Melis Minkari, Cihan \u015eim\u015fek, Seda K\u0131r\u0131ml\u0131o\u011flu, gibi isimler yer al\u0131yor.<\/p>\n","protected":false},"excerpt":{"rendered":"<p>ATV ekranlar\u0131n\u0131n b\u00fcy\u00fck bir ilgiyle izlenen dizisi Karde\u015flerim\u2019in yeni sezonu i\u00e7in heyecan dorukta. Ge\u00e7ti\u011fimiz sezon \u00e7ok ba\u015far\u0131l\u0131 bir ekran maceras\u0131 ya\u015fayan ve reytinglerdeki ba\u015far\u0131s\u0131yla b\u00fcy\u00fck takdir toplayan dizinin yeni sezonu i\u00e7in geri say\u0131m ba\u015flad\u0131. Sezon finaliyle nefesleri kesen dizinin yeni sezonuyla ilgili t\u00fcm detaylar merakla ara\u015ft\u0131r\u0131l\u0131yor. Her b\u00f6l\u00fcm\u00fc b\u00fcy\u00fck bir ilgiyle izlenen ve oyuncu kadrosu &hellip;<\/p>\n","protected":false},"author":6,"featured_media":35312,"comment_status":"closed","ping_status":"closed","sticky":false,"template":"","format":"standard","meta":{"footnotes":""},"categories":[15431],"tags":[],"class_list":["post-35311","post","type-post","status-publish","format-standard","has-post-thumbnail","hentry","category-medya"],"amp_enabled":true,"_links":{"self":[{"href":"https:\/\/adanaseshaber.com.tr\/index.php?rest_route=\/wp\/v2\/posts\/35311","targetHints":{"allow":["GET"]}}],"collection":[{"href":"https:\/\/adanaseshaber.com.tr\/index.php?rest_route=\/wp\/v2\/posts"}],"about":[{"href":"https:\/\/adanaseshaber.com.tr\/index.php?rest_route=\/wp\/v2\/types\/post"}],"author":[{"embeddable":true,"href":"https:\/\/adanaseshaber.com.tr\/index.php?rest_route=\/wp\/v2\/users\/6"}],"replies":[{"embeddable":true,"href":"https:\/\/adanaseshaber.com.tr\/index.php?rest_route=%2Fwp%2Fv2%2Fcomments&post=35311"}],"version-history":[{"count":1,"href":"https:\/\/adanaseshaber.com.tr\/index.php?rest_route=\/wp\/v2\/posts\/35311\/revisions"}],"predecessor-version":[{"id":35314,"href":"https:\/\/adanaseshaber.com.tr\/index.php?rest_route=\/wp\/v2\/posts\/35311\/revisions\/35314"}],"wp:featuredmedia":[{"embeddable":true,"href":"https:\/\/adanaseshaber.com.tr\/index.php?rest_route=\/wp\/v2\/media\/35312"}],"wp:attachment":[{"href":"https:\/\/adanaseshaber.com.tr\/index.php?rest_route=%2Fwp%2Fv2%2Fmedia&parent=35311"}],"wp:term":[{"taxonomy":"category","embeddable":true,"href":"https:\/\/adanaseshaber.com.tr\/index.php?rest_route=%2Fwp%2Fv2%2Fcategories&post=35311"},{"taxonomy":"post_tag","embeddable":true,"href":"https:\/\/adanaseshaber.com.tr\/index.php?rest_route=%2Fwp%2Fv2%2Ftags&post=35311"}],"curies":[{"name":"wp","href":"https:\/\/api.w.org\/{rel}","templated":true}]}}