{"id":35315,"date":"2022-08-19T00:52:04","date_gmt":"2022-08-18T21:52:04","guid":{"rendered":"https:\/\/www.adanaseshaber.com\/?p=35315"},"modified":"2022-08-19T00:52:15","modified_gmt":"2022-08-18T21:52:15","slug":"fenerbahce-austria-wien-rovans-maci-ne-zaman-fenerbahce-austria-wien-mac-bileti-ne-kadar","status":"publish","type":"post","link":"https:\/\/adanaseshaber.com.tr\/?p=35315","title":{"rendered":"Fenerbah\u00e7e Austria Wien r\u00f6van\u015f ma\u00e7\u0131 ne zaman? Fenerbah\u00e7e Austria Wien ma\u00e7 bileti ne kadar?"},"content":{"rendered":"<p>Temsilcimiz Fenerbah\u00e7e, UEFA Avrupa Ligi\u2019nde m\u00fccadelesini s\u00fcrd\u00fcr\u00fcyor. Yeni sezona yeni hocas\u0131 Jorge Jesus ile ba\u015flayan Fenerbah\u00e7e, UEFA Avrupa Ligi\u2019ndeki rakiplerine g\u00f6z a\u00e7t\u0131rm\u0131yor. Son olarak Austria Wien ile ma\u00e7\u0131nda 2-0\u2019l\u0131k skorla galibiyeti yakalayan Fenerbah\u00e7e, rahat bir galibiyetle rakibini ge\u00e7ti. \u015eimdi g\u00f6zler r\u00f6van\u015f ma\u00e7\u0131na \u00e7evrildi. Jorge Jesus\u2019un y\u00f6netiminde olan Fenerbah\u00e7e, UEFA Avrupa Ligi maceras\u0131n\u0131 s\u00fcrd\u00fcr\u00fcyor. \u0130ki tak\u0131m aras\u0131ndaki ilk kar\u015f\u0131la\u015fma Viyana\u2019da oynand\u0131. Viyana\u2019daki kar\u015f\u0131la\u015fma Fenerbah\u00e7e\u2019nin 2-0\u2019l\u0131k \u00fcst\u00fcnl\u00fc\u011f\u00fcyle sonu\u00e7land\u0131. \u015eimdi g\u00f6zler r\u00f6van\u015f ma\u00e7\u0131na \u00e7evrildi. Peki, Fenerbah\u00e7e Austria Wien r\u00f6van\u015f ma\u00e7\u0131 ne zaman, saat ka\u00e7ta? Fenerbah\u00e7e Austria Wien r\u00f6van\u015f ma\u00e7\u0131 hangi kanalda? Fenerbah\u00e7e Austria Wien ma\u00e7 bileti ne kadar? \u0130\u015fte t\u00fcm merak edilenler\u2026<\/p>\n<p><strong>FENERBAH\u00c7E-AUSTR\u0130A W\u0130EN R\u00d6VAN\u015e MA\u00c7I NE ZAMAN?<\/strong><\/p>\n<p>UEFA Avrupa Ligi\u2019nde temsilcimiz Fdenerbah\u00e7e, Viyana\u2019da rakibi Austria Wien\u2019in konu\u011fu oldu. \u0130ki tak\u0131m aras\u0131ndaki kar\u015f\u0131la\u015fmada y\u00fcz\u00fc g\u00fclen taraf sar\u0131 lacivertli temsilcimiz olurken ma\u00e7 2-0\u2019l\u0131k skorla tamamland\u0131. Deplasmandaki m\u00fccadelenin ard\u0131ndan g\u00f6zler r\u00f6van\u015f ma\u00e7\u0131na \u00e7evrildi. Fenerbah\u00e7e-Austria Wien aras\u0131nda oynanacak r\u00f6van\u015f ma\u00e7\u0131n\u0131n tarihi futbolseverler taraf\u0131ndan merakla ara\u015ft\u0131r\u0131l\u0131yor. Fenerbah\u00e7e-Austria Wien r\u00f6van\u015f ma\u00e7\u0131 25 A\u011fustos 2022 Per\u015fembe g\u00fcn\u00fc saat 20.00\u2019de ekrana gelecek.<\/p>\n<p><img loading=\"lazy\" decoding=\"async\" class=\"aligncenter wp-image-35317 size-full\" src=\"https:\/\/adanaseshaber.com.tr\/wp-content\/uploads\/2022\/08\/fenerbahce-austria-wien-rovans-maci-ne-zaman-fenerbahce-austria-wien-mac-bileti-ne-kadar.jpg\" alt=\"\" width=\"1280\" height=\"720\" srcset=\"https:\/\/adanaseshaber.com.tr\/wp-content\/uploads\/2022\/08\/fenerbahce-austria-wien-rovans-maci-ne-zaman-fenerbahce-austria-wien-mac-bileti-ne-kadar.jpg 1280w, https:\/\/adanaseshaber.com.tr\/wp-content\/uploads\/2022\/08\/fenerbahce-austria-wien-rovans-maci-ne-zaman-fenerbahce-austria-wien-mac-bileti-ne-kadar-300x169.jpg 300w, https:\/\/adanaseshaber.com.tr\/wp-content\/uploads\/2022\/08\/fenerbahce-austria-wien-rovans-maci-ne-zaman-fenerbahce-austria-wien-mac-bileti-ne-kadar-1024x576.jpg 1024w, https:\/\/adanaseshaber.com.tr\/wp-content\/uploads\/2022\/08\/fenerbahce-austria-wien-rovans-maci-ne-zaman-fenerbahce-austria-wien-mac-bileti-ne-kadar-768x432.jpg 768w, https:\/\/adanaseshaber.com.tr\/wp-content\/uploads\/2022\/08\/fenerbahce-austria-wien-rovans-maci-ne-zaman-fenerbahce-austria-wien-mac-bileti-ne-kadar-390x220.jpg 390w\" sizes=\"auto, (max-width: 1280px) 100vw, 1280px\" \/><\/p>\n<p><strong>FENERBAH\u00c7E-AUSTR\u0130A W\u0130EN MA\u00c7I HANG\u0130 KANALDA?<\/strong><\/p>\n<p>Futbolseverlerin merakla ara\u015ft\u0131rd\u0131\u011f\u0131 r\u00f6van\u015f ma\u00e7\u0131yla ilgili en merak edilen konulardan biri de ma\u00e7\u0131n yay\u0131nlanaca\u011f\u0131 kanal. Fenerbah\u00e7e ve rakibi Austria Wien aras\u0131nda oynanacak olan r\u00f6van\u015f ma\u00e7\u0131n\u0131n yay\u0131nc\u0131s\u0131 hen\u00fcz belli olmad\u0131. Bilindi\u011fi gibi ilk kar\u015f\u0131la\u015fma D-Smart GO ve Spor Smart HD uygulamas\u0131nda yay\u0131nlanm\u0131\u015ft\u0131. Fakat s\u00f6z konusu turnuvan\u0131n yay\u0131n haklar\u0131 EXXEN\u2019e ait. Ma\u00e7 yay\u0131n bilgisi ile ilgili detaylar\u0131n \u00f6n\u00fcm\u00fczdeki g\u00fcnlerde netlik kazanmas\u0131 bekleniyor.<\/p>\n<p>&nbsp;<\/p>\n","protected":false},"excerpt":{"rendered":"<p>Temsilcimiz Fenerbah\u00e7e, UEFA Avrupa Ligi\u2019nde m\u00fccadelesini s\u00fcrd\u00fcr\u00fcyor. Yeni sezona yeni hocas\u0131 Jorge Jesus ile ba\u015flayan Fenerbah\u00e7e, UEFA Avrupa Ligi\u2019ndeki rakiplerine g\u00f6z a\u00e7t\u0131rm\u0131yor. Son olarak Austria Wien ile ma\u00e7\u0131nda 2-0\u2019l\u0131k skorla galibiyeti yakalayan Fenerbah\u00e7e, rahat bir galibiyetle rakibini ge\u00e7ti. \u015eimdi g\u00f6zler r\u00f6van\u015f ma\u00e7\u0131na \u00e7evrildi. Jorge Jesus\u2019un y\u00f6netiminde olan Fenerbah\u00e7e, UEFA Avrupa Ligi maceras\u0131n\u0131 s\u00fcrd\u00fcr\u00fcyor. \u0130ki tak\u0131m &hellip;<\/p>\n","protected":false},"author":6,"featured_media":35316,"comment_status":"closed","ping_status":"closed","sticky":false,"template":"","format":"standard","meta":{"footnotes":""},"categories":[5],"tags":[],"class_list":["post-35315","post","type-post","status-publish","format-standard","has-post-thumbnail","hentry","category-spor"],"amp_enabled":true,"_links":{"self":[{"href":"https:\/\/adanaseshaber.com.tr\/index.php?rest_route=\/wp\/v2\/posts\/35315","targetHints":{"allow":["GET"]}}],"collection":[{"href":"https:\/\/adanaseshaber.com.tr\/index.php?rest_route=\/wp\/v2\/posts"}],"about":[{"href":"https:\/\/adanaseshaber.com.tr\/index.php?rest_route=\/wp\/v2\/types\/post"}],"author":[{"embeddable":true,"href":"https:\/\/adanaseshaber.com.tr\/index.php?rest_route=\/wp\/v2\/users\/6"}],"replies":[{"embeddable":true,"href":"https:\/\/adanaseshaber.com.tr\/index.php?rest_route=%2Fwp%2Fv2%2Fcomments&post=35315"}],"version-history":[{"count":2,"href":"https:\/\/adanaseshaber.com.tr\/index.php?rest_route=\/wp\/v2\/posts\/35315\/revisions"}],"predecessor-version":[{"id":35319,"href":"https:\/\/adanaseshaber.com.tr\/index.php?rest_route=\/wp\/v2\/posts\/35315\/revisions\/35319"}],"wp:featuredmedia":[{"embeddable":true,"href":"https:\/\/adanaseshaber.com.tr\/index.php?rest_route=\/wp\/v2\/media\/35316"}],"wp:attachment":[{"href":"https:\/\/adanaseshaber.com.tr\/index.php?rest_route=%2Fwp%2Fv2%2Fmedia&parent=35315"}],"wp:term":[{"taxonomy":"category","embeddable":true,"href":"https:\/\/adanaseshaber.com.tr\/index.php?rest_route=%2Fwp%2Fv2%2Fcategories&post=35315"},{"taxonomy":"post_tag","embeddable":true,"href":"https:\/\/adanaseshaber.com.tr\/index.php?rest_route=%2Fwp%2Fv2%2Ftags&post=35315"}],"curies":[{"name":"wp","href":"https:\/\/api.w.org\/{rel}","templated":true}]}}