{"id":35320,"date":"2022-08-19T01:13:48","date_gmt":"2022-08-18T22:13:48","guid":{"rendered":"https:\/\/www.adanaseshaber.com\/?p=35320"},"modified":"2022-08-19T01:13:26","modified_gmt":"2022-08-18T22:13:26","slug":"burcu-karanin-bebeginin-cinsiyeti-belli-oldu","status":"publish","type":"post","link":"https:\/\/adanaseshaber.com.tr\/?p=35320","title":{"rendered":"Burcu Kara\u2019n\u0131n bebe\u011finin cinsiyeti belli oldu"},"content":{"rendered":"<p>Bir s\u00fcredir ekranlardan uzak olan \u00fcnl\u00fc oyuncu Burcu Kara, son olarak ATV ekranlar\u0131nda yay\u0131nlanan Hakim dizisinde rol alm\u0131\u015ft\u0131. Dizide \u2018Ay\u015fe\u2019 karakterine hayat veren g\u00fczel oyuncunun hamilelik m\u00fcjdesi hayranlar\u0131n\u0131 bir hayli sevindirmi\u015fti. Anne olmaya haz\u0131rlanan Burcu Kara\u2019n\u0131n bebe\u011finin cinsiyeti belli oldu. \u00dcnl\u00fc oyuncunun Ali \u00c7\u0131nar ad\u0131nda bir o\u011flu bulunuyor. \u0130kinci kez anne olmaya haz\u0131rlanan \u00fcnl\u00fc oyuncu Burcu Kara\u2019n\u0131n bebe\u011finin cinsiyeti belli oldu. Ali \u00c7\u0131nar ad\u0131nda bir o\u011flu bulunan \u00fcnl\u00fc oyuncu ikinci kez annelik heyecan\u0131 ya\u015f\u0131yor. G\u00fczel oyuncunun hamilelik haberi magazin man\u015fetlerinde en \u00fcst s\u0131rada yer alm\u0131\u015f ve hayranlar\u0131n\u0131 \u00e7ok sevindirmi\u015fti. F\u0131rat Do\u011fu Parlak ile mutlu bir evlilik s\u00fcrd\u00fcren \u00fcnl\u00fc oyuncunun ikinci bebe\u011finin cinsiyeti belli oldu.<\/p>\n<p><strong>\u0130K\u0130NC\u0130 KEZ ANNE OLUYOR<\/strong><\/p>\n<p>Bir s\u00fcre ekranlardan uzak kald\u0131ktan sonra ATV ekranlar\u0131nda yay\u0131nlanan Hakim dizisinde \u2018Ay\u015fe\u2019 karakterine hayat veren \u00fcnl\u00fc oyuncu Burcu Kara, F\u0131rat Do\u011fu Parlak ile mutlu bir evlilik s\u00fcrd\u00fcr\u00fcyor. Magazin d\u00fcnyas\u0131n\u0131n \u00f6rnek \u00e7iftlerinden olan Burcu Kara ve F\u0131rat Do\u011fu Parlak\u2019\u0131n Ali \u00c7\u0131nar ad\u0131nda bir o\u011fullar\u0131 bulunuyor. \u015eimdilerde ise \u00e7ifti ikinci bebek heyecan\u0131 sarm\u0131\u015f durumda. \u0130kinci kez anne-baba olmaya haz\u0131rlanan \u00e7iftin bebeklerinin cinsiyeti de belli oldu.<\/p>\n<p><img loading=\"lazy\" decoding=\"async\" class=\"aligncenter wp-image-35322 size-full\" src=\"https:\/\/adanaseshaber.com.tr\/wp-content\/uploads\/2022\/08\/burcu-karanin-bebeginin-cinsiyeti-belli-oldu-1.jpg\" alt=\"\" width=\"1280\" height=\"720\" srcset=\"https:\/\/adanaseshaber.com.tr\/wp-content\/uploads\/2022\/08\/burcu-karanin-bebeginin-cinsiyeti-belli-oldu-1.jpg 1280w, https:\/\/adanaseshaber.com.tr\/wp-content\/uploads\/2022\/08\/burcu-karanin-bebeginin-cinsiyeti-belli-oldu-1-300x169.jpg 300w, https:\/\/adanaseshaber.com.tr\/wp-content\/uploads\/2022\/08\/burcu-karanin-bebeginin-cinsiyeti-belli-oldu-1-1024x576.jpg 1024w, https:\/\/adanaseshaber.com.tr\/wp-content\/uploads\/2022\/08\/burcu-karanin-bebeginin-cinsiyeti-belli-oldu-1-768x432.jpg 768w, https:\/\/adanaseshaber.com.tr\/wp-content\/uploads\/2022\/08\/burcu-karanin-bebeginin-cinsiyeti-belli-oldu-1-390x220.jpg 390w\" sizes=\"auto, (max-width: 1280px) 100vw, 1280px\" \/><\/p>\n<p><strong>C\u0130NS\u0130YET\u0130 ERKEK<\/strong><\/p>\n<p>G\u00fczel oyuncu Burcu Kara, 2016 y\u0131l\u0131nda y\u00f6netmen F\u0131rat Do\u011fu Parlak ile hayat\u0131n\u0131 birle\u015ftirmi\u015fti. Mutlu bir evlilik s\u00fcrd\u00fcren \u00e7iftten ge\u00e7ti\u011fimiz aylarda ikinci bebek m\u00fcjdesi gelmi\u015fti. Bebek haberiyle hayranlar\u0131n\u0131 sevindiren Burcu Kara\u2019n\u0131n ikinci \u00e7ocu\u011funun cinsiyeti de belli oldu. Burcu Kara ve F\u0131rat Do\u011fu Parlak \u00e7ifti erkek bebek bekliyor. \u00c7iftin evliliklerinden Ali \u00c7\u0131nar ad\u0131nda bir o\u011flu bulunuyor. F\u0131rat Do\u011fu Parlak\u2019\u0131n ilk evlili\u011finden bir erkek \u00e7ocu\u011fu bulunuyor. \u00c7iftin yeni d\u00fcnyaya gelecek bebekleriyle birlikte 3 erkek \u00e7ocu\u011fu olacak.<\/p>\n","protected":false},"excerpt":{"rendered":"<p>Bir s\u00fcredir ekranlardan uzak olan \u00fcnl\u00fc oyuncu Burcu Kara, son olarak ATV ekranlar\u0131nda yay\u0131nlanan Hakim dizisinde rol alm\u0131\u015ft\u0131. Dizide \u2018Ay\u015fe\u2019 karakterine hayat veren g\u00fczel oyuncunun hamilelik m\u00fcjdesi hayranlar\u0131n\u0131 bir hayli sevindirmi\u015fti. Anne olmaya haz\u0131rlanan Burcu Kara\u2019n\u0131n bebe\u011finin cinsiyeti belli oldu. \u00dcnl\u00fc oyuncunun Ali \u00c7\u0131nar ad\u0131nda bir o\u011flu bulunuyor. \u0130kinci kez anne olmaya haz\u0131rlanan \u00fcnl\u00fc oyuncu &hellip;<\/p>\n","protected":false},"author":6,"featured_media":35321,"comment_status":"closed","ping_status":"closed","sticky":false,"template":"","format":"standard","meta":{"footnotes":""},"categories":[15431],"tags":[],"class_list":["post-35320","post","type-post","status-publish","format-standard","has-post-thumbnail","hentry","category-medya"],"amp_enabled":true,"_links":{"self":[{"href":"https:\/\/adanaseshaber.com.tr\/index.php?rest_route=\/wp\/v2\/posts\/35320","targetHints":{"allow":["GET"]}}],"collection":[{"href":"https:\/\/adanaseshaber.com.tr\/index.php?rest_route=\/wp\/v2\/posts"}],"about":[{"href":"https:\/\/adanaseshaber.com.tr\/index.php?rest_route=\/wp\/v2\/types\/post"}],"author":[{"embeddable":true,"href":"https:\/\/adanaseshaber.com.tr\/index.php?rest_route=\/wp\/v2\/users\/6"}],"replies":[{"embeddable":true,"href":"https:\/\/adanaseshaber.com.tr\/index.php?rest_route=%2Fwp%2Fv2%2Fcomments&post=35320"}],"version-history":[{"count":2,"href":"https:\/\/adanaseshaber.com.tr\/index.php?rest_route=\/wp\/v2\/posts\/35320\/revisions"}],"predecessor-version":[{"id":35324,"href":"https:\/\/adanaseshaber.com.tr\/index.php?rest_route=\/wp\/v2\/posts\/35320\/revisions\/35324"}],"wp:featuredmedia":[{"embeddable":true,"href":"https:\/\/adanaseshaber.com.tr\/index.php?rest_route=\/wp\/v2\/media\/35321"}],"wp:attachment":[{"href":"https:\/\/adanaseshaber.com.tr\/index.php?rest_route=%2Fwp%2Fv2%2Fmedia&parent=35320"}],"wp:term":[{"taxonomy":"category","embeddable":true,"href":"https:\/\/adanaseshaber.com.tr\/index.php?rest_route=%2Fwp%2Fv2%2Fcategories&post=35320"},{"taxonomy":"post_tag","embeddable":true,"href":"https:\/\/adanaseshaber.com.tr\/index.php?rest_route=%2Fwp%2Fv2%2Ftags&post=35320"}],"curies":[{"name":"wp","href":"https:\/\/api.w.org\/{rel}","templated":true}]}}