{"id":35375,"date":"2022-08-19T11:50:30","date_gmt":"2022-08-19T08:50:30","guid":{"rendered":"https:\/\/www.adanaseshaber.com\/?p=35375"},"modified":"2022-08-19T11:50:57","modified_gmt":"2022-08-19T08:50:57","slug":"secimde-oy-kullanacak-suriyeli-sayisi-aciklandi","status":"publish","type":"post","link":"https:\/\/adanaseshaber.com.tr\/?p=35375","title":{"rendered":"Se\u00e7imde oy kullanacak Suriyeli say\u0131s\u0131 a\u00e7\u0131kland\u0131"},"content":{"rendered":"<p>\u0130\u00e7i\u015fleri Bakan\u0131 S\u00fcleyman Soylu, kat\u0131ld\u0131\u011f\u0131 bir canl\u0131 yay\u0131nda \u00f6nemli a\u00e7\u0131klamalara yer verdi. Son d\u00f6nemde g\u00fcndemden d\u00fc\u015fmeyen Suriyeli s\u0131\u011f\u0131nmac\u0131larla ilgili konu\u015fan Bakan Soylu, s\u0131\u011f\u0131nmac\u0131lar\u0131n mutlaka evlerine d\u00f6nece\u011fini s\u00f6yledi. T\u00fcrkiye\u2019nin bu s\u00fcreci bir politikayla y\u00f6netti\u011fini ve \u015fu anda T\u00fcrkiye\u2019de 3 milyon 650 bin Suriyeli oldu\u011funu s\u00f6yledi. Yap\u0131lan ara\u015ft\u0131rmalar neticesinde Suriyeli s\u0131\u011f\u0131nmac\u0131lar\u0131n y\u00fczde 70\u2019inin geri d\u00f6nmek istedi\u011fini s\u00f6yleyen Bakan Koca, 2023 se\u00e7imlerinde oy kullanabilecek Suriyeli say\u0131s\u0131n\u0131 da a\u00e7\u0131klad\u0131. \u0130\u00e7i\u015fleri Bakan\u0131, \u00f6n\u00fcm\u00fczdeki se\u00e7imlerde oy kullanabilecek Suriyeli say\u0131s\u0131n\u0131n 120 bin oldu\u011funu s\u00f6yledi. \u0130\u015fte detaylar\u2026<\/p>\n<p><strong>\u0130\u00c7\u0130\u015eLER\u0130 BAKANI SOYLU\u2019DAN A\u00c7IKLAMALAR<\/strong><\/p>\n<p>NTV ekranlar\u0131nda canl\u0131 yay\u0131nda \u00e7ok \u00f6nemli a\u00e7\u0131klamalara yer veren \u0130\u00e7i\u015fleri Bakan\u0131 S\u00fcleyman Soylu, T\u00fcrkiye\u2019deki s\u0131\u011f\u0131nmac\u0131larla ilgili de konu\u015ftu. Son d\u00f6nemde s\u0131k s\u0131k tart\u0131\u015fma konusu olan s\u0131\u011f\u0131nmac\u0131larla ilgili a\u00e7\u0131klamalarda bulunan Bakan Soylu, \u2018Kom\u015fumuzda ya\u015fanan bir dram var. Elbette kendi \u00fclkelerine d\u00f6necekler. T\u00fcrkiye bu s\u00fcreci bir politikayla y\u00f6netiyor. Biz o insanlar\u0131 \u00f6l\u00fcme terk edemeyiz. Operasyon b\u00f6lgelerinde hayat normale d\u00f6nm\u00fc\u015f durumda.\u2019 dedi.<\/p>\n<p><img loading=\"lazy\" decoding=\"async\" class=\"aligncenter wp-image-35377 size-full\" src=\"https:\/\/adanaseshaber.com.tr\/wp-content\/uploads\/2022\/08\/secimde-oy-kullanacak-suriyeli-sayisi-aciklandi-1.jpg\" alt=\"\" width=\"1280\" height=\"720\" srcset=\"https:\/\/adanaseshaber.com.tr\/wp-content\/uploads\/2022\/08\/secimde-oy-kullanacak-suriyeli-sayisi-aciklandi-1.jpg 1280w, https:\/\/adanaseshaber.com.tr\/wp-content\/uploads\/2022\/08\/secimde-oy-kullanacak-suriyeli-sayisi-aciklandi-1-300x169.jpg 300w, https:\/\/adanaseshaber.com.tr\/wp-content\/uploads\/2022\/08\/secimde-oy-kullanacak-suriyeli-sayisi-aciklandi-1-1024x576.jpg 1024w, https:\/\/adanaseshaber.com.tr\/wp-content\/uploads\/2022\/08\/secimde-oy-kullanacak-suriyeli-sayisi-aciklandi-1-768x432.jpg 768w, https:\/\/adanaseshaber.com.tr\/wp-content\/uploads\/2022\/08\/secimde-oy-kullanacak-suriyeli-sayisi-aciklandi-1-390x220.jpg 390w\" sizes=\"auto, (max-width: 1280px) 100vw, 1280px\" \/><\/p>\n<p><strong>OY KULLANACAK SUR\u0130YEL\u0130 SAYISINI A\u00c7IKLADI<\/strong><\/p>\n<p>2023 se\u00e7imlerinde oy kullanacak Suriyeli se\u00e7men say\u0131s\u0131n\u0131 da a\u00e7\u0131klayan \u0130\u00e7i\u015fleri Bakan\u0131 Soylu, \u2018Suriyeli se\u00e7men say\u0131s\u0131 120 bin. 211 bin vatanda\u015f yapt\u0131k. Bunun 91 bini \u00e7ocuk. Bunlar kimler? \u00c7ok kriterimiz var. Sanatkar\u0131 var, m\u00fchendisi var, doktoru var, iyi \u00f6\u011frencisi var, sigortal\u0131 \u00e7al\u0131\u015fmaya devam eden var. Bir ara bir \u015fikayet vard\u0131, en iyileri Avrupa\u2019ya gidiyor. T\u00fcrkiye bir \u00e7ad\u0131r devleti de\u011fildir. \u0130lk kez de vatanda\u015f yapm\u0131yor. Bu i\u015fin kriterleri var.\u2019 dedi.<\/p>\n<p>&nbsp;<\/p>\n","protected":false},"excerpt":{"rendered":"<p>\u0130\u00e7i\u015fleri Bakan\u0131 S\u00fcleyman Soylu, kat\u0131ld\u0131\u011f\u0131 bir canl\u0131 yay\u0131nda \u00f6nemli a\u00e7\u0131klamalara yer verdi. Son d\u00f6nemde g\u00fcndemden d\u00fc\u015fmeyen Suriyeli s\u0131\u011f\u0131nmac\u0131larla ilgili konu\u015fan Bakan Soylu, s\u0131\u011f\u0131nmac\u0131lar\u0131n mutlaka evlerine d\u00f6nece\u011fini s\u00f6yledi. T\u00fcrkiye\u2019nin bu s\u00fcreci bir politikayla y\u00f6netti\u011fini ve \u015fu anda T\u00fcrkiye\u2019de 3 milyon 650 bin Suriyeli oldu\u011funu s\u00f6yledi. Yap\u0131lan ara\u015ft\u0131rmalar neticesinde Suriyeli s\u0131\u011f\u0131nmac\u0131lar\u0131n y\u00fczde 70\u2019inin geri d\u00f6nmek istedi\u011fini s\u00f6yleyen &hellip;<\/p>\n","protected":false},"author":6,"featured_media":35376,"comment_status":"closed","ping_status":"closed","sticky":false,"template":"","format":"standard","meta":{"footnotes":""},"categories":[1],"tags":[],"class_list":["post-35375","post","type-post","status-publish","format-standard","has-post-thumbnail","hentry","category-genel"],"amp_enabled":true,"_links":{"self":[{"href":"https:\/\/adanaseshaber.com.tr\/index.php?rest_route=\/wp\/v2\/posts\/35375","targetHints":{"allow":["GET"]}}],"collection":[{"href":"https:\/\/adanaseshaber.com.tr\/index.php?rest_route=\/wp\/v2\/posts"}],"about":[{"href":"https:\/\/adanaseshaber.com.tr\/index.php?rest_route=\/wp\/v2\/types\/post"}],"author":[{"embeddable":true,"href":"https:\/\/adanaseshaber.com.tr\/index.php?rest_route=\/wp\/v2\/users\/6"}],"replies":[{"embeddable":true,"href":"https:\/\/adanaseshaber.com.tr\/index.php?rest_route=%2Fwp%2Fv2%2Fcomments&post=35375"}],"version-history":[{"count":2,"href":"https:\/\/adanaseshaber.com.tr\/index.php?rest_route=\/wp\/v2\/posts\/35375\/revisions"}],"predecessor-version":[{"id":35379,"href":"https:\/\/adanaseshaber.com.tr\/index.php?rest_route=\/wp\/v2\/posts\/35375\/revisions\/35379"}],"wp:featuredmedia":[{"embeddable":true,"href":"https:\/\/adanaseshaber.com.tr\/index.php?rest_route=\/wp\/v2\/media\/35376"}],"wp:attachment":[{"href":"https:\/\/adanaseshaber.com.tr\/index.php?rest_route=%2Fwp%2Fv2%2Fmedia&parent=35375"}],"wp:term":[{"taxonomy":"category","embeddable":true,"href":"https:\/\/adanaseshaber.com.tr\/index.php?rest_route=%2Fwp%2Fv2%2Fcategories&post=35375"},{"taxonomy":"post_tag","embeddable":true,"href":"https:\/\/adanaseshaber.com.tr\/index.php?rest_route=%2Fwp%2Fv2%2Ftags&post=35375"}],"curies":[{"name":"wp","href":"https:\/\/api.w.org\/{rel}","templated":true}]}}