{"id":35385,"date":"2022-08-19T12:10:33","date_gmt":"2022-08-19T09:10:33","guid":{"rendered":"https:\/\/www.adanaseshaber.com\/?p=35385"},"modified":"2022-08-19T12:10:17","modified_gmt":"2022-08-19T09:10:17","slug":"oguzhan-ugurdan-melih-gokceke-aboubakar-yaniti-dolayli-yoldan-kufretti","status":"publish","type":"post","link":"https:\/\/adanaseshaber.com.tr\/?p=35385","title":{"rendered":"O\u011fuzhan U\u011fur\u2019dan Melih G\u00f6k\u00e7ek\u2019e Aboubakar yan\u0131t\u0131! Dolayl\u0131 yoldan k\u00fcfretti"},"content":{"rendered":"<p>YouTuber O\u011fuzhan U\u011fur, sosyal medyada sahte bir i\u00e7eri\u011fi ger\u00e7ek sanarak payla\u015fan ve \u00e7ok ge\u00e7meden durumu fark ederek payla\u015f\u0131m\u0131n\u0131 silen eski Ankara B\u00fcy\u00fck\u015fehir Belediye Ba\u015fkan\u0131 Melih G\u00f6k\u00e7ek\u2019e fena y\u00fcklendi. G\u00f6k\u00e7ek\u2019in s\u00f6z konusu payla\u015f\u0131m\u0131 dan\u0131\u015fman\u0131n\u0131n yapt\u0131\u011f\u0131n\u0131 s\u00f6yleyerek \u00f6z\u00fcr dilemesinin ard\u0131ndan O\u011fuzhan U\u011fur\u2019dan g\u00fcndem olan bir g\u00f6nderme geldi. Be\u015fikta\u015f\u2019\u0131n eski futbolcusu Vincent Aboubakar\u2019\u0131n askeri k\u0131yafetli sahte g\u00f6rselini ger\u00e7ek sanarak sosyal medya hesab\u0131ndan payla\u015fan ve k\u0131sa s\u00fcrede durumu fark ederek payla\u015f\u0131m\u0131n\u0131 silen Melih G\u00f6k\u00e7ek, sosyal medyan\u0131n diline fena d\u00fc\u015fm\u00fc\u015ft\u00fc. G\u00f6k\u00e7ek\u2019in bu payla\u015f\u0131m\u0131 dan\u0131\u015fman\u0131n\u0131n yapt\u0131\u011f\u0131n\u0131 s\u00f6yleyerek \u00f6z\u00fcr dilemesi \u00fczerine O\u011fuzhan U\u011fur\u2019dan ironik bir cevap geldi.<\/p>\n<p><strong>ABU BAKERO\u011eLU PAYLA\u015eIMI G\u00dcNDEM OLDU<\/strong><\/p>\n<p>Eski Ankara B\u00fcy\u00fck\u015fehir Belediye Ba\u015fkan\u0131 Melih G\u00f6k\u0131\u00e7ek\u2019in sosyal medya hesab\u0131 \u00fczerinden payla\u015f\u0131lan payla\u015f\u0131mda, \u2018Bak T\u00fcrkiye. Somali\u2019den gelip T\u00fcrk vatanda\u015f\u0131 olan, senin \u00fclken ve senin inanc\u0131n i\u00e7in sava\u015fan Abu Bakero\u011flu PKK\u2019l\u0131lar\u0131n yapt\u0131\u011f\u0131 karakol bask\u0131n\u0131nda \u015fehit oldu.\u2019 ifadelerini kulland\u0131. G\u00f6k\u00e7ek\u2019in bu notla payla\u015ft\u0131\u011f\u0131 foto\u011fraftaki ki\u015fi ise Be\u015fikta\u015f\u2019\u0131n eski y\u0131ld\u0131z futbolcusu Aboubakar idi. K\u0131sa s\u00fcrede durumu fark ederek payla\u015f\u0131m\u0131n\u0131 silen G\u00f6k\u00e7ek, olay\u0131n ard\u0131ndan s\u00f6z konusu payla\u015f\u0131m\u0131 dan\u0131\u015fman\u0131n\u0131n yapt\u0131\u011f\u0131n\u0131 s\u00f6yleyerek \u00f6z\u00fcr dilemi\u015fti.<\/p>\n<p><img loading=\"lazy\" decoding=\"async\" class=\"aligncenter wp-image-35388 size-full\" src=\"https:\/\/adanaseshaber.com.tr\/wp-content\/uploads\/2022\/08\/oguzhan-ugurdan-melih-gokceke-aboubakar-yaniti-dolayli-yoldan-kufretti-1.jpg\" alt=\"\" width=\"1280\" height=\"720\" srcset=\"https:\/\/adanaseshaber.com.tr\/wp-content\/uploads\/2022\/08\/oguzhan-ugurdan-melih-gokceke-aboubakar-yaniti-dolayli-yoldan-kufretti-1.jpg 1280w, https:\/\/adanaseshaber.com.tr\/wp-content\/uploads\/2022\/08\/oguzhan-ugurdan-melih-gokceke-aboubakar-yaniti-dolayli-yoldan-kufretti-1-300x169.jpg 300w, https:\/\/adanaseshaber.com.tr\/wp-content\/uploads\/2022\/08\/oguzhan-ugurdan-melih-gokceke-aboubakar-yaniti-dolayli-yoldan-kufretti-1-1024x576.jpg 1024w, https:\/\/adanaseshaber.com.tr\/wp-content\/uploads\/2022\/08\/oguzhan-ugurdan-melih-gokceke-aboubakar-yaniti-dolayli-yoldan-kufretti-1-768x432.jpg 768w, https:\/\/adanaseshaber.com.tr\/wp-content\/uploads\/2022\/08\/oguzhan-ugurdan-melih-gokceke-aboubakar-yaniti-dolayli-yoldan-kufretti-1-390x220.jpg 390w\" sizes=\"auto, (max-width: 1280px) 100vw, 1280px\" \/><\/p>\n<p><strong>O\u011eUZHAN U\u011eUR\u2019DAN G\u00d6K\u00c7EK\u2019E \u0130RON\u0130K YANIT<\/strong><\/p>\n<p>Sosyal medyan\u0131n diline d\u00fc\u015fen Melih G\u00f6k\u00e7ek, payla\u015f\u0131m\u0131 dan\u0131\u015fman\u0131n\u0131n yapt\u0131\u011f\u0131n\u0131 s\u00f6ylemi\u015f ve \u00f6z\u00fcr dilemi\u015fti. Eski asker Hasan Atilla U\u011fur\u2019un o\u011flu YouTuber O\u011fuzhan U\u011fur, G\u00f6k\u00e7ek\u2019in \u00f6z\u00fcr diledi\u011fi payla\u015f\u0131m\u0131 al\u0131nt\u0131layarak kendisine \u00e7ok ironik bir yan\u0131t verdi. U\u011fur, \u2018Oh. \u0130yi ki siz payla\u015fmam\u0131\u015fs\u0131n\u0131z ba\u015fkan\u0131m. Ne cahil bir dan\u0131\u015fman\u0131n\u0131z varm\u0131\u015f. 7 ya\u015f\u0131ndaki \u00e7ocuk daha zekidir dan\u0131\u015fman\u0131n\u0131zdan. B\u00f6yle aptalca bir payla\u015f\u0131m yapt\u0131\u011f\u0131 i\u00e7in kovmu\u015fsunuzdur umar\u0131m. Tam bir embesilmi\u015f \u00e7\u00fcnk\u00fc. Ske s\u00fcr\u00fclecek ak\u0131l yokmu\u015f dan\u0131\u015fman\u0131n\u0131zda. \u0130yi ki siz de\u011filmi\u015fsiniz.\u2019 ifadelerini kulland\u0131.<\/p>\n<p>&nbsp;<\/p>\n","protected":false},"excerpt":{"rendered":"<p>YouTuber O\u011fuzhan U\u011fur, sosyal medyada sahte bir i\u00e7eri\u011fi ger\u00e7ek sanarak payla\u015fan ve \u00e7ok ge\u00e7meden durumu fark ederek payla\u015f\u0131m\u0131n\u0131 silen eski Ankara B\u00fcy\u00fck\u015fehir Belediye Ba\u015fkan\u0131 Melih G\u00f6k\u00e7ek\u2019e fena y\u00fcklendi. G\u00f6k\u00e7ek\u2019in s\u00f6z konusu payla\u015f\u0131m\u0131 dan\u0131\u015fman\u0131n\u0131n yapt\u0131\u011f\u0131n\u0131 s\u00f6yleyerek \u00f6z\u00fcr dilemesinin ard\u0131ndan O\u011fuzhan U\u011fur\u2019dan g\u00fcndem olan bir g\u00f6nderme geldi. Be\u015fikta\u015f\u2019\u0131n eski futbolcusu Vincent Aboubakar\u2019\u0131n askeri k\u0131yafetli sahte g\u00f6rselini ger\u00e7ek &hellip;<\/p>\n","protected":false},"author":6,"featured_media":35386,"comment_status":"closed","ping_status":"closed","sticky":false,"template":"","format":"standard","meta":{"footnotes":""},"categories":[1],"tags":[],"class_list":["post-35385","post","type-post","status-publish","format-standard","has-post-thumbnail","hentry","category-genel"],"amp_enabled":true,"_links":{"self":[{"href":"https:\/\/adanaseshaber.com.tr\/index.php?rest_route=\/wp\/v2\/posts\/35385","targetHints":{"allow":["GET"]}}],"collection":[{"href":"https:\/\/adanaseshaber.com.tr\/index.php?rest_route=\/wp\/v2\/posts"}],"about":[{"href":"https:\/\/adanaseshaber.com.tr\/index.php?rest_route=\/wp\/v2\/types\/post"}],"author":[{"embeddable":true,"href":"https:\/\/adanaseshaber.com.tr\/index.php?rest_route=\/wp\/v2\/users\/6"}],"replies":[{"embeddable":true,"href":"https:\/\/adanaseshaber.com.tr\/index.php?rest_route=%2Fwp%2Fv2%2Fcomments&post=35385"}],"version-history":[{"count":2,"href":"https:\/\/adanaseshaber.com.tr\/index.php?rest_route=\/wp\/v2\/posts\/35385\/revisions"}],"predecessor-version":[{"id":35390,"href":"https:\/\/adanaseshaber.com.tr\/index.php?rest_route=\/wp\/v2\/posts\/35385\/revisions\/35390"}],"wp:featuredmedia":[{"embeddable":true,"href":"https:\/\/adanaseshaber.com.tr\/index.php?rest_route=\/wp\/v2\/media\/35386"}],"wp:attachment":[{"href":"https:\/\/adanaseshaber.com.tr\/index.php?rest_route=%2Fwp%2Fv2%2Fmedia&parent=35385"}],"wp:term":[{"taxonomy":"category","embeddable":true,"href":"https:\/\/adanaseshaber.com.tr\/index.php?rest_route=%2Fwp%2Fv2%2Fcategories&post=35385"},{"taxonomy":"post_tag","embeddable":true,"href":"https:\/\/adanaseshaber.com.tr\/index.php?rest_route=%2Fwp%2Fv2%2Ftags&post=35385"}],"curies":[{"name":"wp","href":"https:\/\/api.w.org\/{rel}","templated":true}]}}