{"id":35397,"date":"2022-08-19T12:23:19","date_gmt":"2022-08-19T09:23:19","guid":{"rendered":"https:\/\/www.adanaseshaber.com\/?p=35397"},"modified":"2022-08-19T12:33:58","modified_gmt":"2022-08-19T09:33:58","slug":"cumhurbaskani-erdogandan-suriye-ile-siyasi-diyalog-aciklamasi-daha-ileri-seviyede-adimlari-temin-etmemiz-gerekiyor","status":"publish","type":"post","link":"https:\/\/adanaseshaber.com.tr\/?p=35397","title":{"rendered":"Cumhurba\u015fkan\u0131 Erdo\u011fan\u2019dan Suriye ile siyasi diyalog a\u00e7\u0131klamas\u0131: Daha ileri seviyede ad\u0131mlar\u0131 temin etmemiz gerekiyor"},"content":{"rendered":"<p>Cumhurba\u015fkan\u0131 Recep Tayyip Erdo\u011fan, Lviv\u2019e ger\u00e7ekle\u015ftirdi\u011fi ziyaret sonras\u0131nda T\u00fcrkiye\u2019ye d\u00f6n\u00fc\u015f i\u00e7in u\u00e7akta yerini al\u0131rken burada gazetecilerin sorular\u0131na da yan\u0131t verdi. Gazetecilerin g\u00fcndeme ili\u015fkin sorular\u0131n\u0131 yan\u0131tlayan Cumhurba\u015fkan\u0131 Erdo\u011fan, son d\u00f6nemde s\u0131k s\u0131k g\u00fcndeme gelen Suriye ile siyasi diyalog konusunda da konu\u015ftu. Erdo\u011fan, \u2018Suriye ile siyasi diyalog olacak m\u0131?\u2019 sorusunu yan\u0131tlad\u0131. Daha ileri seviyede ad\u0131mlar\u0131n temin edilmesi gerekti\u011fini s\u00f6yleyen Cumhurba\u015fkan\u0131 Erdo\u011fan, \u2018Bu ad\u0131mlar\u0131 atmak suretiyle, t\u00fcm b\u00f6lgede yani \u0130slam d\u00fcnyas\u0131n\u0131n bizim kom\u015fular\u0131m\u0131zla olan bu b\u00f6lgesinde in\u015fallah bir\u00e7ok oyunu biz bozar\u0131z.\u2019 ifadelerini kulland\u0131.<\/p>\n<p><b>CUMHURBA\u015eKANI ERDO\u011eAN&#8217;DAN SUR\u0130YE A\u00c7IKLAMASI<\/b><\/p>\n<p>T\u00fcrkiye&#8217;ye geri d\u00f6n\u00fc\u015f i\u00e7in u\u00e7akta yerini alan Cumhurba\u015fkan\u0131 Recep Tayyip Erdo\u011fan, gazetecilerin sorular\u0131n\u0131 yan\u0131tlad\u0131. &#8216;Suriye ile siyasi diyalog olacak m\u0131?&#8217; sorusuna yan\u0131t veren Erdo\u011fan, devletler aras\u0131ndaki siyasi diyaloglar\u0131n kesilip at\u0131lamayaca\u011f\u0131n\u0131 belirtti. Yeni d\u00f6nemin sinyallerini veren Cumhurba\u015fkan\u0131 Erdo\u011fan, &#8221;her zaman diyaloglar olur, olmal\u0131d\u0131r. Devletler aras\u0131nda hi\u00e7bir zaman siyasi diyalog ve diplomasi kesip at\u0131lamaz. Her zaman, her an bu t\u00fcr diyaloglar olur, olmal\u0131d\u0131r. \u015eimdi biz mesela b\u00f6lgede M\u0131s\u0131r&#8217;la alt d\u00fczeyde, bakanlar\u0131m\u0131z seviyesinde temaslar\u0131m\u0131z\u0131 devam ettiriyoruz. Bu ili\u015fkiler durup dururken olmuyor. Diplomasiyi tamamen devre d\u0131\u015f\u0131 b\u0131rakamazs\u0131n\u0131z. Diplomasiye ne denli ihtiyac\u0131m\u0131z oldu\u011funu b\u00fct\u00fcn d\u00fcnya g\u00f6rd\u00fc. Biz her zaman \u00e7\u00f6z\u00fcm\u00fcn par\u00e7as\u0131 olduk. Suriye sorununu \u00e7\u00f6zmek i\u00e7in elimizi ta\u015f\u0131n alt\u0131na biz koyduk. Hedefimiz b\u00f6lgesel bar\u0131\u015f oldu, \u00fclkemizi bu krizin a\u011f\u0131r tehditlerinden ve risklerinden korumak oldu.&#8217; dedi.<\/p>\n<p><strong>&#8216;S\u0130YASETTE DARGINLIK OLMAZ&#8217;<\/strong><\/p>\n<p>A\u00e7\u0131klamalar\u0131na devam eden Cumhurba\u015fkan\u0131 Recep Tayyip Erdo\u011fan, &#8216;Daha \u00e7ok siyaset eksenli dersek isabetli olur. Yani siyasetin gere\u011fi bu. Onun i\u00e7in de siyasette darg\u0131nl\u0131k olmaz. Her an bar\u0131\u015f i\u00e7inde olacaks\u0131n. Her an g\u00f6r\u00fc\u015febilme imkan\u0131 yakalayacaks\u0131n. Suriye ile daha ileri seviyede ad\u0131mlar\u0131 temin etmemiz gerekiyor. Bu ad\u0131mlar\u0131 atmak suretiyle, t\u00fcm b\u00f6lgede yani \u0130slam d\u00fcnyas\u0131n\u0131n bizim kom\u015fular\u0131m\u0131zla olan bu b\u00f6lgesinde in\u015fallah bir\u00e7ok oyunu biz bozar\u0131z.&#8217; ifadelerini kulland\u0131.<\/p>\n<p>&nbsp;<\/p>\n","protected":false},"excerpt":{"rendered":"<p>Cumhurba\u015fkan\u0131 Recep Tayyip Erdo\u011fan, Lviv\u2019e ger\u00e7ekle\u015ftirdi\u011fi ziyaret sonras\u0131nda T\u00fcrkiye\u2019ye d\u00f6n\u00fc\u015f i\u00e7in u\u00e7akta yerini al\u0131rken burada gazetecilerin sorular\u0131na da yan\u0131t verdi. Gazetecilerin g\u00fcndeme ili\u015fkin sorular\u0131n\u0131 yan\u0131tlayan Cumhurba\u015fkan\u0131 Erdo\u011fan, son d\u00f6nemde s\u0131k s\u0131k g\u00fcndeme gelen Suriye ile siyasi diyalog konusunda da konu\u015ftu. Erdo\u011fan, \u2018Suriye ile siyasi diyalog olacak m\u0131?\u2019 sorusunu yan\u0131tlad\u0131. Daha ileri seviyede ad\u0131mlar\u0131n temin edilmesi &hellip;<\/p>\n","protected":false},"author":6,"featured_media":35398,"comment_status":"closed","ping_status":"closed","sticky":false,"template":"","format":"standard","meta":{"footnotes":""},"categories":[1],"tags":[],"class_list":["post-35397","post","type-post","status-publish","format-standard","has-post-thumbnail","hentry","category-genel"],"amp_enabled":true,"_links":{"self":[{"href":"https:\/\/adanaseshaber.com.tr\/index.php?rest_route=\/wp\/v2\/posts\/35397","targetHints":{"allow":["GET"]}}],"collection":[{"href":"https:\/\/adanaseshaber.com.tr\/index.php?rest_route=\/wp\/v2\/posts"}],"about":[{"href":"https:\/\/adanaseshaber.com.tr\/index.php?rest_route=\/wp\/v2\/types\/post"}],"author":[{"embeddable":true,"href":"https:\/\/adanaseshaber.com.tr\/index.php?rest_route=\/wp\/v2\/users\/6"}],"replies":[{"embeddable":true,"href":"https:\/\/adanaseshaber.com.tr\/index.php?rest_route=%2Fwp%2Fv2%2Fcomments&post=35397"}],"version-history":[{"count":3,"href":"https:\/\/adanaseshaber.com.tr\/index.php?rest_route=\/wp\/v2\/posts\/35397\/revisions"}],"predecessor-version":[{"id":35401,"href":"https:\/\/adanaseshaber.com.tr\/index.php?rest_route=\/wp\/v2\/posts\/35397\/revisions\/35401"}],"wp:featuredmedia":[{"embeddable":true,"href":"https:\/\/adanaseshaber.com.tr\/index.php?rest_route=\/wp\/v2\/media\/35398"}],"wp:attachment":[{"href":"https:\/\/adanaseshaber.com.tr\/index.php?rest_route=%2Fwp%2Fv2%2Fmedia&parent=35397"}],"wp:term":[{"taxonomy":"category","embeddable":true,"href":"https:\/\/adanaseshaber.com.tr\/index.php?rest_route=%2Fwp%2Fv2%2Fcategories&post=35397"},{"taxonomy":"post_tag","embeddable":true,"href":"https:\/\/adanaseshaber.com.tr\/index.php?rest_route=%2Fwp%2Fv2%2Ftags&post=35397"}],"curies":[{"name":"wp","href":"https:\/\/api.w.org\/{rel}","templated":true}]}}