{"id":35425,"date":"2022-08-19T14:44:17","date_gmt":"2022-08-19T11:44:17","guid":{"rendered":"https:\/\/www.adanaseshaber.com\/?p=35425"},"modified":"2022-08-19T14:44:04","modified_gmt":"2022-08-19T11:44:04","slug":"beyza-tufandan-omer-faruk-gergerlioglunu-terleten-soru-hdp-ozerk-bir-devlet-kurmak-istiyor-mu","status":"publish","type":"post","link":"https:\/\/adanaseshaber.com.tr\/?p=35425","title":{"rendered":"Beyza Tufan\u2019dan \u00d6mer Faruk Gergerlio\u011flu\u2019nu terleten soru: HDP \u00f6zerk bir devlet kurmak istiyor mu?"},"content":{"rendered":"<p>HDP Kocaeli Milletvekili \u00d6mer Faruk Gergerlio\u011flu, Babala TV\u2019ye konuk oldu. YouTube \u00fczerinden yay\u0131n yapan Babala TV\u2019nin konu\u011fu olan Gergerlio\u011flu\u2019na y\u00f6neltilen sorular g\u00fcndem olurken \u00f6zellikle \u015eehit Analar\u0131 Derne\u011fi Bas\u0131n S\u00f6zc\u00fcs\u00fc Beyza Tufan\u2019\u0131n y\u00f6neltti\u011fi \u2018\u00d6zerklik\u2019 sorusu Gergerlio\u011flu\u2019nu terletti. \u015eehit Analar\u0131 Derne\u011fi Bas\u0131n S\u00f6zc\u00fcs\u00fc Beyza Tufan, \u2018HDP, T\u00fcrkiye Cumhuriyeti Devleti\u2019nden toprak koparmak istiyor mu? \u00d6zerk bir devlet kurmak istiyor mu?\u2019 sorusuyla Gergerlio\u011flu\u2019na zor dakikalar ya\u015fatt\u0131. Bu soru kar\u015f\u0131s\u0131nda bir hayli afallayan Gergerlio\u011flu\u2019nun zor anlar\u0131 y\u00fcz\u00fcne yans\u0131d\u0131. \u0130\u015fte Beyza Tufan\u2019\u0131n HDP\u2019li Gergerlio\u011flu\u2019na sordu\u011fu soru ve t\u00fcm detaylar\u2026<\/p>\n<p><strong>\u00d6MER FARUK GERGERL\u0130O\u011eLU\u2019NUN ZOR ANLARI<\/strong><\/p>\n<p>YouTube \u00fczerinden yay\u0131n yapan Babala TV\u2019ye konuk olan HDP Kocaeli Milletvekili \u00d6mer Faruk Gergerlio\u011flu, vatanda\u015flar\u0131n kendisine y\u00f6neltti\u011fi sorular\u0131 yan\u0131tlad\u0131. \u015eehit Analar\u0131 Derne\u011fi Bas\u0131n S\u00f6zc\u00fcs\u00fc Beyza Tufan\u2019\u0131n kendisine y\u00f6neltti\u011fi soru kar\u015f\u0131s\u0131nda ter d\u00f6ken Gergerlio\u011flu\u2019nun ya\u015fad\u0131\u011f\u0131 zor anlar adeta y\u00fcz\u00fcne yans\u0131d\u0131.<\/p>\n<p><img loading=\"lazy\" decoding=\"async\" class=\"aligncenter wp-image-35427 size-full\" src=\"https:\/\/adanaseshaber.com.tr\/wp-content\/uploads\/2022\/08\/beyza-tufandan-omer-faruk-gergerlioglunu-terleten-soru-hdp-ozerk-bir-devlet-kurmak-istiyor-mu-1.jpg\" alt=\"\" width=\"1280\" height=\"720\" srcset=\"https:\/\/adanaseshaber.com.tr\/wp-content\/uploads\/2022\/08\/beyza-tufandan-omer-faruk-gergerlioglunu-terleten-soru-hdp-ozerk-bir-devlet-kurmak-istiyor-mu-1.jpg 1280w, https:\/\/adanaseshaber.com.tr\/wp-content\/uploads\/2022\/08\/beyza-tufandan-omer-faruk-gergerlioglunu-terleten-soru-hdp-ozerk-bir-devlet-kurmak-istiyor-mu-1-300x169.jpg 300w, https:\/\/adanaseshaber.com.tr\/wp-content\/uploads\/2022\/08\/beyza-tufandan-omer-faruk-gergerlioglunu-terleten-soru-hdp-ozerk-bir-devlet-kurmak-istiyor-mu-1-1024x576.jpg 1024w, https:\/\/adanaseshaber.com.tr\/wp-content\/uploads\/2022\/08\/beyza-tufandan-omer-faruk-gergerlioglunu-terleten-soru-hdp-ozerk-bir-devlet-kurmak-istiyor-mu-1-768x432.jpg 768w, https:\/\/adanaseshaber.com.tr\/wp-content\/uploads\/2022\/08\/beyza-tufandan-omer-faruk-gergerlioglunu-terleten-soru-hdp-ozerk-bir-devlet-kurmak-istiyor-mu-1-390x220.jpg 390w\" sizes=\"auto, (max-width: 1280px) 100vw, 1280px\" \/><\/p>\n<p><strong>\u2018HDP \u00d6ZERK B\u0130R DEVLET KURMAK \u0130ST\u0130YOR MU?<\/strong><\/p>\n<p>\u015eehit Analar\u0131 Derne\u011fi Bas\u0131n S\u00f6zc\u00fcs\u00fc Beyza Tufan, eline mikrofonu alarak \u00d6mer Faruk Gergerlio\u011flu\u2019na bir soru y\u00f6neltti. \u2018Siz sa\u00e7t\u0131\u011f\u0131n\u0131z fitneyle insanlar\u0131n beyinlerine kur\u015fun s\u0131k\u0131yorsunuz. Binlerce insan\u0131n \u00f6lmesine neden oldunuz sa\u00e7t\u0131\u011f\u0131n\u0131z fitneyle\u2019 ifadelerine yer veren Beyza Tufan, \u2018HDP, T\u00fcrkiye Cumhuriyeti Devleti\u2019nden toprak koparmak istiyor mu? \u00d6zerk bir devlet kurmak istiyor mu? \u2018 sorusunu y\u00f6neltti.<\/p>\n<p><img loading=\"lazy\" decoding=\"async\" class=\"aligncenter wp-image-35428 size-full\" src=\"https:\/\/adanaseshaber.com.tr\/wp-content\/uploads\/2022\/08\/beyza-tufandan-omer-faruk-gergerlioglunu-terleten-soru-hdp-ozerk-bir-devlet-kurmak-istiyor-mu-2.jpg\" alt=\"\" width=\"1280\" height=\"720\" srcset=\"https:\/\/adanaseshaber.com.tr\/wp-content\/uploads\/2022\/08\/beyza-tufandan-omer-faruk-gergerlioglunu-terleten-soru-hdp-ozerk-bir-devlet-kurmak-istiyor-mu-2.jpg 1280w, https:\/\/adanaseshaber.com.tr\/wp-content\/uploads\/2022\/08\/beyza-tufandan-omer-faruk-gergerlioglunu-terleten-soru-hdp-ozerk-bir-devlet-kurmak-istiyor-mu-2-300x169.jpg 300w, https:\/\/adanaseshaber.com.tr\/wp-content\/uploads\/2022\/08\/beyza-tufandan-omer-faruk-gergerlioglunu-terleten-soru-hdp-ozerk-bir-devlet-kurmak-istiyor-mu-2-1024x576.jpg 1024w, https:\/\/adanaseshaber.com.tr\/wp-content\/uploads\/2022\/08\/beyza-tufandan-omer-faruk-gergerlioglunu-terleten-soru-hdp-ozerk-bir-devlet-kurmak-istiyor-mu-2-768x432.jpg 768w, https:\/\/adanaseshaber.com.tr\/wp-content\/uploads\/2022\/08\/beyza-tufandan-omer-faruk-gergerlioglunu-terleten-soru-hdp-ozerk-bir-devlet-kurmak-istiyor-mu-2-390x220.jpg 390w\" sizes=\"auto, (max-width: 1280px) 100vw, 1280px\" \/><\/p>\n<p><strong>GERGERL\u0130O\u011eLU\u2019NDAN KA\u00c7AMAK CEVAP<\/strong><\/p>\n<p>HDP\u2019nin T\u00fcrkiye Cumhuriyeti Devleti\u2019nden toprak koparmak isteyip istemedi\u011fi ve \u00f6zerklik sorusu kar\u015f\u0131s\u0131nda bir hayli zor anlar ya\u015fad\u0131\u011f\u0131 g\u00f6r\u00fclen \u00d6mer Faruk Gergerlio\u011flu, bu soruya ka\u00e7amak bir yan\u0131t verdi. Sorulara verdi\u011fi yan\u0131tlar kar\u015f\u0131s\u0131nda seyircinin tepkisini \u00e7eken ve sorular\u0131 cevaplamamakla su\u00e7lanan Gergerlio\u011flu, HDP\u2019nin \u00f6zerk bir devlet talebi olmad\u0131\u011f\u0131n\u0131 dile getirdi.<\/p>\n<p>&nbsp;<\/p>\n","protected":false},"excerpt":{"rendered":"<p>HDP Kocaeli Milletvekili \u00d6mer Faruk Gergerlio\u011flu, Babala TV\u2019ye konuk oldu. YouTube \u00fczerinden yay\u0131n yapan Babala TV\u2019nin konu\u011fu olan Gergerlio\u011flu\u2019na y\u00f6neltilen sorular g\u00fcndem olurken \u00f6zellikle \u015eehit Analar\u0131 Derne\u011fi Bas\u0131n S\u00f6zc\u00fcs\u00fc Beyza Tufan\u2019\u0131n y\u00f6neltti\u011fi \u2018\u00d6zerklik\u2019 sorusu Gergerlio\u011flu\u2019nu terletti. \u015eehit Analar\u0131 Derne\u011fi Bas\u0131n S\u00f6zc\u00fcs\u00fc Beyza Tufan, \u2018HDP, T\u00fcrkiye Cumhuriyeti Devleti\u2019nden toprak koparmak istiyor mu? \u00d6zerk bir devlet kurmak &hellip;<\/p>\n","protected":false},"author":6,"featured_media":35426,"comment_status":"closed","ping_status":"closed","sticky":false,"template":"","format":"standard","meta":{"footnotes":""},"categories":[1],"tags":[],"class_list":["post-35425","post","type-post","status-publish","format-standard","has-post-thumbnail","hentry","category-genel"],"amp_enabled":true,"_links":{"self":[{"href":"https:\/\/adanaseshaber.com.tr\/index.php?rest_route=\/wp\/v2\/posts\/35425","targetHints":{"allow":["GET"]}}],"collection":[{"href":"https:\/\/adanaseshaber.com.tr\/index.php?rest_route=\/wp\/v2\/posts"}],"about":[{"href":"https:\/\/adanaseshaber.com.tr\/index.php?rest_route=\/wp\/v2\/types\/post"}],"author":[{"embeddable":true,"href":"https:\/\/adanaseshaber.com.tr\/index.php?rest_route=\/wp\/v2\/users\/6"}],"replies":[{"embeddable":true,"href":"https:\/\/adanaseshaber.com.tr\/index.php?rest_route=%2Fwp%2Fv2%2Fcomments&post=35425"}],"version-history":[{"count":1,"href":"https:\/\/adanaseshaber.com.tr\/index.php?rest_route=\/wp\/v2\/posts\/35425\/revisions"}],"predecessor-version":[{"id":35430,"href":"https:\/\/adanaseshaber.com.tr\/index.php?rest_route=\/wp\/v2\/posts\/35425\/revisions\/35430"}],"wp:featuredmedia":[{"embeddable":true,"href":"https:\/\/adanaseshaber.com.tr\/index.php?rest_route=\/wp\/v2\/media\/35426"}],"wp:attachment":[{"href":"https:\/\/adanaseshaber.com.tr\/index.php?rest_route=%2Fwp%2Fv2%2Fmedia&parent=35425"}],"wp:term":[{"taxonomy":"category","embeddable":true,"href":"https:\/\/adanaseshaber.com.tr\/index.php?rest_route=%2Fwp%2Fv2%2Fcategories&post=35425"},{"taxonomy":"post_tag","embeddable":true,"href":"https:\/\/adanaseshaber.com.tr\/index.php?rest_route=%2Fwp%2Fv2%2Ftags&post=35425"}],"curies":[{"name":"wp","href":"https:\/\/api.w.org\/{rel}","templated":true}]}}