{"id":35462,"date":"2022-08-19T16:21:21","date_gmt":"2022-08-19T13:21:21","guid":{"rendered":"https:\/\/www.adanaseshaber.com\/?p=35462"},"modified":"2022-08-19T16:22:42","modified_gmt":"2022-08-19T13:22:42","slug":"ogrenci-affi-basvurulari-basladi-mi-ogrenci-affi-basvurusu-nasil-yapilir","status":"publish","type":"post","link":"https:\/\/adanaseshaber.com.tr\/?p=35462","title":{"rendered":"\u00d6\u011frenci aff\u0131 ba\u015fvurular\u0131 ba\u015flad\u0131 m\u0131? \u00d6\u011frenci aff\u0131 ba\u015fvurusu nas\u0131l yap\u0131l\u0131r?"},"content":{"rendered":"<p>Ge\u00e7ti\u011fimiz aylarda a\u00e7\u0131klanan ve Resmi Gazete\u2019de yay\u0131mlanan \u00f6\u011frenci aff\u0131 ile ilgili detaylar merak ediliyor. \u00d6\u011frenci aff\u0131 ba\u015fvurular\u0131n\u0131n ba\u015flayaca\u011f\u0131 tarih ve ba\u015fvuru ile ilgili t\u00fcm detaylar yo\u011fun bir \u015fekilde ara\u015ft\u0131r\u0131l\u0131yor. TBMM Genel Kurulu\u2019nda kabul edilen \u00f6\u011frenci aff\u0131 ile ilgili merak edilen \u00e7ok fazla detay var. \u00d6zellikle ba\u015fvuru tarihi ve \u00f6\u011frenci aff\u0131ndan kimlerin yararlanabilece\u011fi merak edilen konular\u0131n ba\u015f\u0131nda geliyor. \u00d6\u011frenci aff\u0131 ile ilgili detaylar ara\u015ft\u0131r\u0131lmaya devam ederken konuyla ilgili a\u00e7\u0131klama Y\u00d6K\u2019ten geldi. Peki, \u00f6\u011frenci aff\u0131 ba\u015fvurular\u0131 ba\u015flad\u0131 m\u0131? \u00d6\u011frenci aff\u0131 ba\u015fvurular\u0131 ne zaman ba\u015flayacak? \u00d6\u011frenci aff\u0131ndan kimler yararlanabilir? \u00d6\u011frenci aff\u0131 ba\u015fvurusu nas\u0131l yap\u0131l\u0131r? 2022 \u00f6\u011frenci aff\u0131 ba\u015fvuru \u015fartlar\u0131 neler? \u0130\u015fte t\u00fcm merak edilenler\u2026<\/p>\n<p><strong>\u00d6\u011eRENC\u0130 AFFI BA\u015eVURULARI BA\u015eLADI MI 2022?<\/strong><\/p>\n<p>\u00d6\u011frenci aff\u0131 ba\u015fvurular\u0131n\u0131n ba\u015flay\u0131p ba\u015flamad\u0131\u011f\u0131 sorusuna yan\u0131t aran\u0131yor. 5 Temmuz 2022 tarihinden \u00f6nce ili\u015fi\u011fi kesilen \u00f6\u011frenciler, ili\u015fiklerinin kesildi\u011fi y\u00fcksek\u00f6\u011fretim kurumuna 4 ay i\u00e7erisinde ba\u015fvuruda bulunmalar\u0131 halinde 2022-2023 e\u011fitim-\u00f6\u011fretim y\u0131l\u0131nda \u00f6\u011frenimlerine ba\u015flayabilecek.<\/p>\n<p><strong>\u00d6\u011eRENC\u0130 AFFI BA\u015eVURUSU NASIL YAPILIR 2022?<\/strong><\/p>\n<p>\u00d6\u011frenci aff\u0131 konusuyla ilgili merak edilen bir ba\u015fka konu ise ba\u015fvurunun nas\u0131l yap\u0131laca\u011f\u0131. \u00dcniversiteler \u2018\u00d6\u011frenci Aff\u0131\u2019 ba\u015fvurular\u0131n\u0131 almaya ba\u015flad\u0131. \u00d6\u011frenimi yar\u0131da kesilen \u00f6\u011frenciler gelen af ile birlikte okullar\u0131na geri d\u00f6nebilecek. \u00dcniversitelerden daha \u00f6nce ili\u015fi\u011fi kesinlerle ile kazand\u0131\u011f\u0131 programa kay\u0131t yapt\u0131rmayanlar\u0131n okullar\u0131na geri d\u00f6nebilme imkan\u0131n\u0131 sa\u011flayan d\u00fczenleme 5 Temmuz 2022 tarihinde Resmi Gazete\u2019de yay\u0131mlanarak y\u00fcr\u00fcrl\u00fc\u011fe girdi. \u00dcniversiteler bu d\u00fczenleme kapsam\u0131nda ba\u015fvurular\u0131 almaya ba\u015flad\u0131. S\u00f6z konusu aftan ter\u00f6r \u00f6rg\u00fctleri veya devletin g\u00fcvenli\u011fine kar\u015f\u0131 faaliyette bulundu\u011funa karar verilen yap\u0131lara \u00fcyeli\u011fi sebebiyle okulla ili\u015fi\u011fi kesilenler yararlanamayacak. Ba\u015fvurular ise ilgili \u00fcniversitelerin resmi internet sayfas\u0131 \u00fczerinden verilen bilgiler do\u011frultusunda ger\u00e7ekle\u015ftirilebilecek.<\/p>\n<p><img loading=\"lazy\" decoding=\"async\" class=\"aligncenter wp-image-35465 size-full\" src=\"https:\/\/adanaseshaber.com.tr\/wp-content\/uploads\/2022\/08\/ogrenci-affi-basvurulari-basladi-mi-ogrenci-affi-basvurusu-nasil-yapilir-1.jpg\" alt=\"\" width=\"1280\" height=\"720\" srcset=\"https:\/\/adanaseshaber.com.tr\/wp-content\/uploads\/2022\/08\/ogrenci-affi-basvurulari-basladi-mi-ogrenci-affi-basvurusu-nasil-yapilir-1.jpg 1280w, https:\/\/adanaseshaber.com.tr\/wp-content\/uploads\/2022\/08\/ogrenci-affi-basvurulari-basladi-mi-ogrenci-affi-basvurusu-nasil-yapilir-1-300x169.jpg 300w, https:\/\/adanaseshaber.com.tr\/wp-content\/uploads\/2022\/08\/ogrenci-affi-basvurulari-basladi-mi-ogrenci-affi-basvurusu-nasil-yapilir-1-1024x576.jpg 1024w, https:\/\/adanaseshaber.com.tr\/wp-content\/uploads\/2022\/08\/ogrenci-affi-basvurulari-basladi-mi-ogrenci-affi-basvurusu-nasil-yapilir-1-768x432.jpg 768w, https:\/\/adanaseshaber.com.tr\/wp-content\/uploads\/2022\/08\/ogrenci-affi-basvurulari-basladi-mi-ogrenci-affi-basvurusu-nasil-yapilir-1-390x220.jpg 390w\" sizes=\"auto, (max-width: 1280px) 100vw, 1280px\" \/><\/p>\n<p><strong>\u00d6\u011eRENC\u0130 AFFI BA\u015eVURU \u015eARTLARI<\/strong><\/p>\n<p>\u00d6\u011frenci aff\u0131 ba\u015fvuru \u015fartlar\u0131 \u015f\u00f6yle;<\/p>\n<p>&#8211; Kendi iste\u011fi ile okuldan ayr\u0131lma<\/p>\n<p>&#8211; Disiplin cezas\u0131 almam\u0131\u015f olma<\/p>\n<p>&#8211; Yabanc\u0131 dil haz\u0131rl\u0131k s\u0131n\u0131f\u0131nda ba\u015far\u0131s\u0131zl\u0131k<\/p>\n<p>&#8211; 667 say\u0131l\u0131 KHK ile y\u00fcksek\u00f6\u011fretim kurumunun kapat\u0131lmas\u0131<\/p>\n<p>&#8211; \u0130zinli\/Kay\u0131t dondurma yapm\u0131\u015f olmas\u0131<\/p>\n<p>&#8211; Bilimsel haz\u0131rl\u0131k s\u0131n\u0131f\u0131nda ba\u015far\u0131s\u0131zl\u0131k<\/p>\n<p>&#8211; Tezinin intihalden dolay\u0131 iptal edilmesi<\/p>\n<p>&#8211; Azami s\u00fcrenin dolmas\u0131 nedeniyle ili\u015fik kesme<\/p>\n<p>&#8211; 4 y\u0131l \u00fcst \u00fcste katk\u0131 pay\u0131 veya \u00f6\u011frenim \u00fccretinin \u00f6denmemesi ile kay\u0131t yenilenmemesi sebebiyle ili\u015fik kesme<\/p>\n","protected":false},"excerpt":{"rendered":"<p>Ge\u00e7ti\u011fimiz aylarda a\u00e7\u0131klanan ve Resmi Gazete\u2019de yay\u0131mlanan \u00f6\u011frenci aff\u0131 ile ilgili detaylar merak ediliyor. \u00d6\u011frenci aff\u0131 ba\u015fvurular\u0131n\u0131n ba\u015flayaca\u011f\u0131 tarih ve ba\u015fvuru ile ilgili t\u00fcm detaylar yo\u011fun bir \u015fekilde ara\u015ft\u0131r\u0131l\u0131yor. TBMM Genel Kurulu\u2019nda kabul edilen \u00f6\u011frenci aff\u0131 ile ilgili merak edilen \u00e7ok fazla detay var. \u00d6zellikle ba\u015fvuru tarihi ve \u00f6\u011frenci aff\u0131ndan kimlerin yararlanabilece\u011fi merak edilen konular\u0131n &hellip;<\/p>\n","protected":false},"author":6,"featured_media":35463,"comment_status":"closed","ping_status":"closed","sticky":false,"template":"","format":"standard","meta":{"footnotes":""},"categories":[1],"tags":[],"class_list":["post-35462","post","type-post","status-publish","format-standard","has-post-thumbnail","hentry","category-genel"],"amp_enabled":true,"_links":{"self":[{"href":"https:\/\/adanaseshaber.com.tr\/index.php?rest_route=\/wp\/v2\/posts\/35462","targetHints":{"allow":["GET"]}}],"collection":[{"href":"https:\/\/adanaseshaber.com.tr\/index.php?rest_route=\/wp\/v2\/posts"}],"about":[{"href":"https:\/\/adanaseshaber.com.tr\/index.php?rest_route=\/wp\/v2\/types\/post"}],"author":[{"embeddable":true,"href":"https:\/\/adanaseshaber.com.tr\/index.php?rest_route=\/wp\/v2\/users\/6"}],"replies":[{"embeddable":true,"href":"https:\/\/adanaseshaber.com.tr\/index.php?rest_route=%2Fwp%2Fv2%2Fcomments&post=35462"}],"version-history":[{"count":2,"href":"https:\/\/adanaseshaber.com.tr\/index.php?rest_route=\/wp\/v2\/posts\/35462\/revisions"}],"predecessor-version":[{"id":35466,"href":"https:\/\/adanaseshaber.com.tr\/index.php?rest_route=\/wp\/v2\/posts\/35462\/revisions\/35466"}],"wp:featuredmedia":[{"embeddable":true,"href":"https:\/\/adanaseshaber.com.tr\/index.php?rest_route=\/wp\/v2\/media\/35463"}],"wp:attachment":[{"href":"https:\/\/adanaseshaber.com.tr\/index.php?rest_route=%2Fwp%2Fv2%2Fmedia&parent=35462"}],"wp:term":[{"taxonomy":"category","embeddable":true,"href":"https:\/\/adanaseshaber.com.tr\/index.php?rest_route=%2Fwp%2Fv2%2Fcategories&post=35462"},{"taxonomy":"post_tag","embeddable":true,"href":"https:\/\/adanaseshaber.com.tr\/index.php?rest_route=%2Fwp%2Fv2%2Ftags&post=35462"}],"curies":[{"name":"wp","href":"https:\/\/api.w.org\/{rel}","templated":true}]}}