{"id":35475,"date":"2022-08-19T16:47:02","date_gmt":"2022-08-19T13:47:02","guid":{"rendered":"https:\/\/www.adanaseshaber.com\/?p=35475"},"modified":"2022-08-19T16:47:02","modified_gmt":"2022-08-19T13:47:02","slug":"uefa-ulke-puani-siralamasi-son-durum","status":"publish","type":"post","link":"https:\/\/adanaseshaber.com.tr\/?p=35475","title":{"rendered":"UEFA \u00fclke puan\u0131 s\u0131ralamas\u0131 son durum"},"content":{"rendered":"<p>UEFA \u015eampiyonlar Ligi\u2019nde temsilcilerimizin m\u00fccadelesi h\u0131z kesmeden devam ederken merak edilen bir konuda \u00fclke puan\u0131 s\u0131ralamas\u0131 oldu. T\u00fcrk temsilcilerimiz UEFA kapsam\u0131nda d\u00fczenlenen Avrupa Ligi, \u015eampiyonlar Ligi ve Konferans Ligi\u2019nde m\u00fccadele ediyor. Temsilcilerimizin m\u00fccadelesi devam ederken UEFA \u00fclke s\u0131ralamas\u0131ndaki son durum merak ediliyor. UEFA kapsam\u0131nda d\u00fczenlenen \u015eampiyonlar Ligi, Avrupa Ligi ve Konferans Ligi m\u00fccadeleleri s\u00fcr\u00fcyor. T\u00fcrk temsilcilerimiz Avrupa kupalar\u0131nda \u00fclkemizi temsil etmeye devam ederken \u00fclke puan\u0131 s\u0131rlamas\u0131 da merak ediliyor. Peki, UEFA \u00fclke puan\u0131 s\u0131rlamas\u0131ndaki son durum ne? T\u00fcrkiye UEFA \u00fclke puan\u0131 s\u0131rlamas\u0131nda ka\u00e7\u0131nc\u0131 s\u0131rada? \u0130\u015fte detaylar\u2026<\/p>\n<p><strong>UEFA \u00dcLKE PUANI SIRALAMASI<\/strong><\/p>\n<p>T\u00fcrk temsilcilerimizin ald\u0131\u011f\u0131 son sonu\u00e7larla beraber \u00fclke puan s\u0131ralamas\u0131 merak konusu oldu. T\u00fcrkiye, UEFA \u00fclke puan\u0131 s\u0131ralamas\u0131nda 20. s\u0131rada kendine yer buldu. Bu sezon al\u0131nacak skorlarla tekrar ilk 15\u2019e girerek \u015eampiyonlar Ligi\u2019ne \u015fampiyonumuzu direkt g\u00f6nderebilir veya k\u00f6t\u00fc bir sonu\u00e7la Devlet Ligi\u2019ne tak\u0131m g\u00f6nderemez.<\/p>\n<p><img loading=\"lazy\" decoding=\"async\" class=\"aligncenter wp-image-35478 size-full\" src=\"https:\/\/adanaseshaber.com.tr\/wp-content\/uploads\/2022\/08\/uefa-ulke-puani-siralamasi-son-durum-1.jpg\" alt=\"\" width=\"1280\" height=\"720\" srcset=\"https:\/\/adanaseshaber.com.tr\/wp-content\/uploads\/2022\/08\/uefa-ulke-puani-siralamasi-son-durum-1.jpg 1280w, https:\/\/adanaseshaber.com.tr\/wp-content\/uploads\/2022\/08\/uefa-ulke-puani-siralamasi-son-durum-1-300x169.jpg 300w, https:\/\/adanaseshaber.com.tr\/wp-content\/uploads\/2022\/08\/uefa-ulke-puani-siralamasi-son-durum-1-1024x576.jpg 1024w, https:\/\/adanaseshaber.com.tr\/wp-content\/uploads\/2022\/08\/uefa-ulke-puani-siralamasi-son-durum-1-768x432.jpg 768w, https:\/\/adanaseshaber.com.tr\/wp-content\/uploads\/2022\/08\/uefa-ulke-puani-siralamasi-son-durum-1-390x220.jpg 390w\" sizes=\"auto, (max-width: 1280px) 100vw, 1280px\" \/><\/p>\n<p><img loading=\"lazy\" decoding=\"async\" class=\"aligncenter wp-image-35479 size-full\" src=\"https:\/\/adanaseshaber.com.tr\/wp-content\/uploads\/2022\/08\/uefa-ulke-puani-siralamasi-son-durum-2.jpg\" alt=\"\" width=\"1280\" height=\"720\" srcset=\"https:\/\/adanaseshaber.com.tr\/wp-content\/uploads\/2022\/08\/uefa-ulke-puani-siralamasi-son-durum-2.jpg 1280w, https:\/\/adanaseshaber.com.tr\/wp-content\/uploads\/2022\/08\/uefa-ulke-puani-siralamasi-son-durum-2-300x169.jpg 300w, https:\/\/adanaseshaber.com.tr\/wp-content\/uploads\/2022\/08\/uefa-ulke-puani-siralamasi-son-durum-2-1024x576.jpg 1024w, https:\/\/adanaseshaber.com.tr\/wp-content\/uploads\/2022\/08\/uefa-ulke-puani-siralamasi-son-durum-2-768x432.jpg 768w, https:\/\/adanaseshaber.com.tr\/wp-content\/uploads\/2022\/08\/uefa-ulke-puani-siralamasi-son-durum-2-390x220.jpg 390w\" sizes=\"auto, (max-width: 1280px) 100vw, 1280px\" \/><\/p>\n<p><img loading=\"lazy\" decoding=\"async\" class=\"aligncenter wp-image-35480 size-full\" src=\"https:\/\/adanaseshaber.com.tr\/wp-content\/uploads\/2022\/08\/uefa-ulke-puani-siralamasi-son-durum-3.jpg\" alt=\"\" width=\"1280\" height=\"720\" srcset=\"https:\/\/adanaseshaber.com.tr\/wp-content\/uploads\/2022\/08\/uefa-ulke-puani-siralamasi-son-durum-3.jpg 1280w, https:\/\/adanaseshaber.com.tr\/wp-content\/uploads\/2022\/08\/uefa-ulke-puani-siralamasi-son-durum-3-300x169.jpg 300w, https:\/\/adanaseshaber.com.tr\/wp-content\/uploads\/2022\/08\/uefa-ulke-puani-siralamasi-son-durum-3-1024x576.jpg 1024w, https:\/\/adanaseshaber.com.tr\/wp-content\/uploads\/2022\/08\/uefa-ulke-puani-siralamasi-son-durum-3-768x432.jpg 768w, https:\/\/adanaseshaber.com.tr\/wp-content\/uploads\/2022\/08\/uefa-ulke-puani-siralamasi-son-durum-3-390x220.jpg 390w\" sizes=\"auto, (max-width: 1280px) 100vw, 1280px\" \/><\/p>\n<p><strong>KONYASPOR ELEND\u0130<\/strong><\/p>\n<p>T\u00fcrkiye, UEFA \u015eampiyonlar Ligi, Avrupa Ligi ve Konferans Ligi kapsam\u0131nda 4 temsilcimizle m\u00fccadelesine devam ediyor. \u00dclkemiz son y\u0131llarda al\u0131nan sonu\u00e7lar sebebiyle geriye d\u00fc\u015ft\u00fc ve maalesef \u00f6nce ilk 10\u2019da daha sonra da ilk 15\u2019te kendine yer bulamad\u0131. S\u0131ralamadaki bu k\u00f6t\u00fc sonucun ard\u0131ndan lig \u015fampiyonumuz bile direkt olarak Devler Ligi\u2019ne gidemedi. \u015eimdi \u00fclkemiz i\u00e7in kritik bir s\u00fcre\u00e7 ba\u015flad\u0131. Avrupa\u2019daki prestijimizi tekrar \u00fcst seviyelere \u00e7\u0131karmam\u0131z i\u00e7in olduk\u00e7a kritik bir s\u00fcre\u00e7teyiz. Temsilcilerimizin iyi bir puan hedefiyle m\u00fccadelesi s\u00fcrerken son olarak Konyaspor, Vaduz\u2019a elenerek b\u00fcy\u00fck bir \u015fok ya\u015fam\u0131\u015ft\u0131. Temsilcilerimizin bu hafta oynad\u0131\u011f\u0131 ma\u00e7lar\u0131n ard\u0131ndan \u00fclke s\u0131ralamas\u0131ndaki yerimiz de belli oldu. T\u00fcrkiye, 20. s\u0131radaki yerini korurken temsilcilerimiz \u015fu ana kadar 1.900 puan toplad\u0131.<\/p>\n","protected":false},"excerpt":{"rendered":"<p>UEFA \u015eampiyonlar Ligi\u2019nde temsilcilerimizin m\u00fccadelesi h\u0131z kesmeden devam ederken merak edilen bir konuda \u00fclke puan\u0131 s\u0131ralamas\u0131 oldu. T\u00fcrk temsilcilerimiz UEFA kapsam\u0131nda d\u00fczenlenen Avrupa Ligi, \u015eampiyonlar Ligi ve Konferans Ligi\u2019nde m\u00fccadele ediyor. Temsilcilerimizin m\u00fccadelesi devam ederken UEFA \u00fclke s\u0131ralamas\u0131ndaki son durum merak ediliyor. UEFA kapsam\u0131nda d\u00fczenlenen \u015eampiyonlar Ligi, Avrupa Ligi ve Konferans Ligi m\u00fccadeleleri s\u00fcr\u00fcyor. T\u00fcrk &hellip;<\/p>\n","protected":false},"author":6,"featured_media":35477,"comment_status":"closed","ping_status":"closed","sticky":false,"template":"","format":"standard","meta":{"footnotes":""},"categories":[5],"tags":[],"class_list":["post-35475","post","type-post","status-publish","format-standard","has-post-thumbnail","hentry","category-spor"],"amp_enabled":true,"_links":{"self":[{"href":"https:\/\/adanaseshaber.com.tr\/index.php?rest_route=\/wp\/v2\/posts\/35475","targetHints":{"allow":["GET"]}}],"collection":[{"href":"https:\/\/adanaseshaber.com.tr\/index.php?rest_route=\/wp\/v2\/posts"}],"about":[{"href":"https:\/\/adanaseshaber.com.tr\/index.php?rest_route=\/wp\/v2\/types\/post"}],"author":[{"embeddable":true,"href":"https:\/\/adanaseshaber.com.tr\/index.php?rest_route=\/wp\/v2\/users\/6"}],"replies":[{"embeddable":true,"href":"https:\/\/adanaseshaber.com.tr\/index.php?rest_route=%2Fwp%2Fv2%2Fcomments&post=35475"}],"version-history":[{"count":2,"href":"https:\/\/adanaseshaber.com.tr\/index.php?rest_route=\/wp\/v2\/posts\/35475\/revisions"}],"predecessor-version":[{"id":35482,"href":"https:\/\/adanaseshaber.com.tr\/index.php?rest_route=\/wp\/v2\/posts\/35475\/revisions\/35482"}],"wp:featuredmedia":[{"embeddable":true,"href":"https:\/\/adanaseshaber.com.tr\/index.php?rest_route=\/wp\/v2\/media\/35477"}],"wp:attachment":[{"href":"https:\/\/adanaseshaber.com.tr\/index.php?rest_route=%2Fwp%2Fv2%2Fmedia&parent=35475"}],"wp:term":[{"taxonomy":"category","embeddable":true,"href":"https:\/\/adanaseshaber.com.tr\/index.php?rest_route=%2Fwp%2Fv2%2Fcategories&post=35475"},{"taxonomy":"post_tag","embeddable":true,"href":"https:\/\/adanaseshaber.com.tr\/index.php?rest_route=%2Fwp%2Fv2%2Ftags&post=35475"}],"curies":[{"name":"wp","href":"https:\/\/api.w.org\/{rel}","templated":true}]}}