{"id":35555,"date":"2022-08-19T18:34:15","date_gmt":"2022-08-19T15:34:15","guid":{"rendered":"https:\/\/www.adanaseshaber.com\/?p=35555"},"modified":"2022-08-19T18:48:59","modified_gmt":"2022-08-19T15:48:59","slug":"fenerbahce-3-temmuzdaki-zararlar-nedeniyle-icisleri-bakanligina-dava-acti","status":"publish","type":"post","link":"https:\/\/adanaseshaber.com.tr\/?p=35555","title":{"rendered":"Fenerbah\u00e7e 3 Temmuz\u2019daki zararlar nedeniyle \u0130\u00e7i\u015fleri Bakanl\u0131\u011f\u0131\u2019na dava a\u00e7t\u0131"},"content":{"rendered":"<p>Fenerbah\u00e7e Spor Kul\u00fcb\u00fc, 3 Temmuz d\u00f6nemindeki zararlar nedeniyle \u0130\u00e7i\u015fleri Bakanl\u0131\u011f\u0131\u2019na dava a\u00e7t\u0131. Spor man\u015fetlerine bomba gibi d\u00fc\u015fen dava haberi sosyal medyan\u0131n da g\u00fcndemine oturdu. Fenerbah\u00e7e\u2019nin KAP\u2019a yapt\u0131\u011f\u0131 bildirimde, itibar\u0131n iadesi talepli yarg\u0131 davas\u0131 a\u00e7\u0131ld\u0131. Fenerbah\u00e7e, 3 Temmuz d\u00f6nemindeki zararlar dolay\u0131s\u0131yla \u0130\u00e7i\u015fleri Bakanl\u0131\u011f\u0131\u2019na maddi ve manevi tazminat davas\u0131 a\u00e7t\u0131. Fenerbah\u00e7e\u2019den KAP\u2019a yap\u0131lan a\u00e7\u0131klamada, \u2018\u015eirketimizin u\u011fram\u0131\u015f oldu\u011fu zararlar sebebiyle T.C. \u0130\u00e7i\u015fleri Bakanl\u0131\u011f\u0131\u2019na kar\u015f\u0131 19.08.2022 tarihinde \u0130stanbul 6. \u0130dare Mahkemesi\u2019nin 2022\/1797 Esas dosyas\u0131 ile maddi ve manevi tazminat ile Fenerbah\u00e7e\u2019ye itibar\u0131n iadesi talepli tam yarg\u0131 davas\u0131 a\u00e7\u0131ld\u0131\u011f\u0131n\u0131 kamuoyuna bildiririz.\u2019 denildi.<\/p>\n<p><b>\u0130\u00c7\u0130\u015eLER\u0130 BAKANLI\u011eI&#8217;NA 3 TEMMUZ DAVASI<\/b><\/p>\n<p>Fenerbah\u00e7e, 3 Temmuz&#8217;daki zararlar nedeniyle \u0130\u00e7i\u015fleri Bakanl\u0131\u011f\u0131&#8217;na dava a\u00e7t\u0131\u011f\u0131n\u0131 duyurdu. Fenerbah\u00e7e Spor Kul\u00fcb\u00fc, KAP&#8217;a yapt\u0131\u011f\u0131 a\u00e7\u0131klamada, &#8216;\u015eirketimiz taraf\u0131ndan, 3 Temmuz 2011 tarihinde ba\u015flayan ve devam eden kumpas soru\u015fturmas\u0131 s\u0131ras\u0131nda Savc\u0131l\u0131k ve emniyet mensuplar\u0131n\u0131n a\u011f\u0131r hizmet kusuru niteli\u011findeki idari i\u015flem ve eylemleri sonucunda \u015firketimizin u\u011fram\u0131\u015f oldu\u011fu zararlar sebebiyle, T.C. \u0130\u00e7i\u015fleri Bakanl\u0131\u011f\u0131&#8217;na kar\u015f\u0131 19.08.2022 tarihinde \u0130stanbul 6. \u0130dare Mahkemesi&#8217;nin 2022\/1797 Esas dosyas\u0131 ile maddi ve manevi tazminat ile Fenerbah\u00e7e&#8217;ye itibar\u0131n iadesi talepli tam yarg\u0131 davas\u0131 a\u00e7\u0131ld\u0131\u011f\u0131n\u0131 t\u00fcm kamuoyuna bildiririz.&#8217; ifadelerine yer verildi.<\/p>\n<p><img loading=\"lazy\" decoding=\"async\" class=\"aligncenter wp-image-35563 size-full\" src=\"https:\/\/adanaseshaber.com.tr\/wp-content\/uploads\/2022\/08\/fenerbahce-3-temmuzdaki-zararlar-nedeniyle-icisleri-bakanligina-dava-acti-1.jpg\" alt=\"\" width=\"1280\" height=\"720\" srcset=\"https:\/\/adanaseshaber.com.tr\/wp-content\/uploads\/2022\/08\/fenerbahce-3-temmuzdaki-zararlar-nedeniyle-icisleri-bakanligina-dava-acti-1.jpg 1280w, https:\/\/adanaseshaber.com.tr\/wp-content\/uploads\/2022\/08\/fenerbahce-3-temmuzdaki-zararlar-nedeniyle-icisleri-bakanligina-dava-acti-1-300x169.jpg 300w, https:\/\/adanaseshaber.com.tr\/wp-content\/uploads\/2022\/08\/fenerbahce-3-temmuzdaki-zararlar-nedeniyle-icisleri-bakanligina-dava-acti-1-1024x576.jpg 1024w, https:\/\/adanaseshaber.com.tr\/wp-content\/uploads\/2022\/08\/fenerbahce-3-temmuzdaki-zararlar-nedeniyle-icisleri-bakanligina-dava-acti-1-768x432.jpg 768w, https:\/\/adanaseshaber.com.tr\/wp-content\/uploads\/2022\/08\/fenerbahce-3-temmuzdaki-zararlar-nedeniyle-icisleri-bakanligina-dava-acti-1-390x220.jpg 390w\" sizes=\"auto, (max-width: 1280px) 100vw, 1280px\" \/><\/p>\n<p><strong>FUTBOLDA \u015e\u0130KE DAVASINDA NE OLMU\u015eTU?<\/strong><\/p>\n<p>Futbolda \u015fike davas\u0131, 3 Temmuz 2011 y\u0131l\u0131nda ba\u015flam\u0131\u015f ve s\u00f6z konusu davada yap\u0131lan ceza yarg\u0131lamas\u0131 10 y\u0131ll\u0131k bir s\u00fcrecin ard\u0131ndan Yarg\u0131tay 5. Ceza Dairesince verilen karar\u0131n ard\u0131ndan sona ermi\u015fti. Bu kapsamda \u0130stanbul 13. A\u011f\u0131s Ceza Mahkemesi taraf\u0131ndan yarg\u0131lanan ve &#8216;Tehdit, \u015fike, te\u015fvik primi&#8217; su\u00e7lamalar\u0131n\u0131 i\u00e7eren dava ile ilgili olarak Fenerbah\u00e7e Spor Kul\u00fcb\u00fc eski Ba\u015fkan\u0131 Aziz Y\u0131ld\u0131r\u0131m&#8217;\u0131n da aralar\u0131nda oldu\u011fu 4 san\u0131k hakk\u0131nda beraat karar\u0131 verilmi\u015fti. Yerel mahkeme taraf\u0131ndan verilen beraat karar\u0131 temyiz edilmi\u015f ve temyiz istemi sonras\u0131nda dosya Yarg\u0131tay 5. Ceza Dairesi&#8217;ne gelmi\u015fti. Yap\u0131lan temyiz incelemesinin ard\u0131ndan eski Fenerbah\u00e7e Spor Kul\u00fcb\u00fc Ba\u015fkan\u0131 Aziz Y\u0131ld\u0131r\u0131m&#8217;\u0131n da aralar\u0131nda bulundu\u011fu 4 san\u0131k hakk\u0131ndaki beraat h\u00fck\u00fcmleri onanm\u0131\u015ft\u0131.<\/p>\n<p><strong>MESLEKTEN \u0130HRA\u00c7 ED\u0130LD\u0130LER<\/strong><\/p>\n<p>Hakimler ve Savc\u0131lar Kurulu \u0130kinci Dairesi, y\u0131l ba\u015f\u0131nda \u00f6nemli bir karar alm\u0131\u015f ve Fenerbah\u00e7e \u015eike Davas\u0131 ile ilgili 38 savc\u0131 ve hakimi meslekten ihra\u00e7 etmi\u015fti.<\/p>\n","protected":false},"excerpt":{"rendered":"<p>Fenerbah\u00e7e Spor Kul\u00fcb\u00fc, 3 Temmuz d\u00f6nemindeki zararlar nedeniyle \u0130\u00e7i\u015fleri Bakanl\u0131\u011f\u0131\u2019na dava a\u00e7t\u0131. Spor man\u015fetlerine bomba gibi d\u00fc\u015fen dava haberi sosyal medyan\u0131n da g\u00fcndemine oturdu. Fenerbah\u00e7e\u2019nin KAP\u2019a yapt\u0131\u011f\u0131 bildirimde, itibar\u0131n iadesi talepli yarg\u0131 davas\u0131 a\u00e7\u0131ld\u0131. Fenerbah\u00e7e, 3 Temmuz d\u00f6nemindeki zararlar dolay\u0131s\u0131yla \u0130\u00e7i\u015fleri Bakanl\u0131\u011f\u0131\u2019na maddi ve manevi tazminat davas\u0131 a\u00e7t\u0131. Fenerbah\u00e7e\u2019den KAP\u2019a yap\u0131lan a\u00e7\u0131klamada, \u2018\u015eirketimizin u\u011fram\u0131\u015f oldu\u011fu &hellip;<\/p>\n","protected":false},"author":6,"featured_media":35556,"comment_status":"closed","ping_status":"closed","sticky":false,"template":"","format":"standard","meta":{"footnotes":""},"categories":[5],"tags":[],"class_list":["post-35555","post","type-post","status-publish","format-standard","has-post-thumbnail","hentry","category-spor"],"amp_enabled":true,"_links":{"self":[{"href":"https:\/\/adanaseshaber.com.tr\/index.php?rest_route=\/wp\/v2\/posts\/35555","targetHints":{"allow":["GET"]}}],"collection":[{"href":"https:\/\/adanaseshaber.com.tr\/index.php?rest_route=\/wp\/v2\/posts"}],"about":[{"href":"https:\/\/adanaseshaber.com.tr\/index.php?rest_route=\/wp\/v2\/types\/post"}],"author":[{"embeddable":true,"href":"https:\/\/adanaseshaber.com.tr\/index.php?rest_route=\/wp\/v2\/users\/6"}],"replies":[{"embeddable":true,"href":"https:\/\/adanaseshaber.com.tr\/index.php?rest_route=%2Fwp%2Fv2%2Fcomments&post=35555"}],"version-history":[{"count":7,"href":"https:\/\/adanaseshaber.com.tr\/index.php?rest_route=\/wp\/v2\/posts\/35555\/revisions"}],"predecessor-version":[{"id":35564,"href":"https:\/\/adanaseshaber.com.tr\/index.php?rest_route=\/wp\/v2\/posts\/35555\/revisions\/35564"}],"wp:featuredmedia":[{"embeddable":true,"href":"https:\/\/adanaseshaber.com.tr\/index.php?rest_route=\/wp\/v2\/media\/35556"}],"wp:attachment":[{"href":"https:\/\/adanaseshaber.com.tr\/index.php?rest_route=%2Fwp%2Fv2%2Fmedia&parent=35555"}],"wp:term":[{"taxonomy":"category","embeddable":true,"href":"https:\/\/adanaseshaber.com.tr\/index.php?rest_route=%2Fwp%2Fv2%2Fcategories&post=35555"},{"taxonomy":"post_tag","embeddable":true,"href":"https:\/\/adanaseshaber.com.tr\/index.php?rest_route=%2Fwp%2Fv2%2Ftags&post=35555"}],"curies":[{"name":"wp","href":"https:\/\/api.w.org\/{rel}","templated":true}]}}