{"id":35565,"date":"2022-08-19T19:13:32","date_gmt":"2022-08-19T16:13:32","guid":{"rendered":"https:\/\/www.adanaseshaber.com\/?p=35565"},"modified":"2022-08-19T19:14:36","modified_gmt":"2022-08-19T16:14:36","slug":"bennu-yildirimlar-guler-okten-bulusmasi-yillar-sonra-ayni-karedeler","status":"publish","type":"post","link":"https:\/\/adanaseshaber.com.tr\/?p=35565","title":{"rendered":"Bennu Y\u0131ld\u0131r\u0131mlar G\u00fcler \u00d6kten bulu\u015fmas\u0131! Y\u0131llar sonra ayn\u0131 karedeler"},"content":{"rendered":"<p>Bir d\u00f6neme damas\u0131n\u0131 vuran Yaprak D\u00f6k\u00fcm\u00fc dizisinde beraber rol alan \u00fcnl\u00fc oyuncu G\u00fcler \u00d6kten ve Bennu Y\u0131ld\u0131r\u0131mlar\u2019\u0131n y\u0131llar sonraki bulu\u015fmas\u0131 g\u00fcndem oldu. Dizide gelin-kay\u0131nvalide rol\u00fcnde olan iki \u00fcnl\u00fc oyuncunun y\u0131llar sonra bulu\u015farak beraber verdi\u011fi poz sosyal medyan\u0131n g\u00fcndemine oturdu. G\u00fcler \u00d6kten, Yaprak D\u00f6k\u00fcm\u00fc dizisinde \u2018Cevriye\u2019 karakterine, Bennu Y\u0131ld\u0131r\u0131mlar ise \u2018Fikret\u2019 karakterine hayat vermi\u015fti. \u00dczerinden uzun y\u0131llar ge\u00e7mesine ra\u011fmen hala tekrar b\u00f6l\u00fcmleri severek izlenen efsane dizi Yaprak D\u00f6k\u00fcm\u00fc, hem konusu hem de oyuncu kadrosuyla kalitesini ortaya koymu\u015f ve haf\u0131zalara kaz\u0131nm\u0131\u015ft\u0131. Yaprak D\u00f6k\u00fcm\u00fc\u2019n\u00fcn Fikret\u2019i Bennu Y\u0131ld\u0131r\u0131mlar ile dizide Cevriye karakterine hayat veren G\u00fcler \u00d6kten y\u0131llar sonra ayn\u0131 karede yer ald\u0131. \u0130ki \u00fcnl\u00fc ismin y\u0131llar sonraki bulu\u015fmas\u0131 g\u00fcndem oldu.<\/p>\n<p><strong>ROL ARKADA\u015eLARI YILLAR SONRA BULU\u015eTU<\/strong><\/p>\n<p>Y\u0131llar ge\u00e7mesine ra\u011fmen hala ilk g\u00fcnk\u00fc heyecanla izlenen efsane dizi Yaprak D\u00f6k\u00fcm\u00fc\u2019n\u00fcn iki n\u00fcl\u00fc oyuncusu y\u0131llar sonra bulu\u015ftu. Londra\u2019da olan Bennu Y\u0131ld\u0131r\u0131mlar, dizide kay\u0131nvalidesi rol\u00fcnde olan G\u00fcler \u00d6kten\u2019le \u00e7ekilen foto\u011fraf\u0131n\u0131 Instagram hesab\u0131n\u0131n hikaye k\u0131sm\u0131nda payla\u015ft\u0131. Eski g\u00fcnleri yad eden iki n\u00fcl\u00fc oyuncunun bulu\u015fmas\u0131 sosyal medyan\u0131n da g\u00fcndemine oturdu.<\/p>\n<p><img loading=\"lazy\" decoding=\"async\" class=\"aligncenter wp-image-35567 size-full\" src=\"https:\/\/adanaseshaber.com.tr\/wp-content\/uploads\/2022\/08\/bennu-yildirimlar-guler-okten-bulusmasi-yillar-sonra-ayni-karedeler.jpeg\" alt=\"\" width=\"1280\" height=\"720\" srcset=\"https:\/\/adanaseshaber.com.tr\/wp-content\/uploads\/2022\/08\/bennu-yildirimlar-guler-okten-bulusmasi-yillar-sonra-ayni-karedeler.jpeg 1280w, https:\/\/adanaseshaber.com.tr\/wp-content\/uploads\/2022\/08\/bennu-yildirimlar-guler-okten-bulusmasi-yillar-sonra-ayni-karedeler-300x169.jpeg 300w, https:\/\/adanaseshaber.com.tr\/wp-content\/uploads\/2022\/08\/bennu-yildirimlar-guler-okten-bulusmasi-yillar-sonra-ayni-karedeler-1024x576.jpeg 1024w, https:\/\/adanaseshaber.com.tr\/wp-content\/uploads\/2022\/08\/bennu-yildirimlar-guler-okten-bulusmasi-yillar-sonra-ayni-karedeler-768x432.jpeg 768w, https:\/\/adanaseshaber.com.tr\/wp-content\/uploads\/2022\/08\/bennu-yildirimlar-guler-okten-bulusmasi-yillar-sonra-ayni-karedeler-390x220.jpeg 390w\" sizes=\"auto, (max-width: 1280px) 100vw, 1280px\" \/><\/p>\n<p><strong>YAPRAK D\u00d6K\u00dcM\u00dc D\u0130Z\u0130S\u0130 KONUSU NED\u0130R?<\/strong><\/p>\n<p>Bir d\u00f6nemin fenomen dizisi Yaprak D\u00f6k\u00fcm\u00fc, \u015fimdilerde yay\u0131nlanan tekrar b\u00f6l\u00fcmleri ile bile izlenme rekorlar\u0131 k\u0131r\u0131yor. Kaymakam Ali R\u0131za Bey, ya\u015fam\u0131n\u0131 5 \u00e7ocu\u011funa temiz bir ki\u015filik ve iyi fikirler vermeye adam\u0131\u015f bir babad\u0131r. Kendisinden ya\u015fad\u0131\u011f\u0131 bir olayda haks\u0131zl\u0131\u011fa g\u00f6z yummas\u0131 istenince Kaymakaml\u0131k g\u00f6revinden istifa eder. K\u0131z\u0131 Necla\u2019n\u0131n \u0130stanbul\u2019da bir \u00fcniversite kazanmas\u0131n\u0131n ard\u0131ndan t\u00fcm aile \u0130stanbul\u2019a kendilerine ait eski bir kona\u011fa ta\u015f\u0131n\u0131rlar. \u015eartlar art\u0131k Ali R\u0131za Bey ve ailesi i\u00e7in bir hayli zordur. Kaymakam Ali R\u0131za Bey ve ailesi \u0130stanbul\u2019da sadece maddi s\u0131k\u0131nt\u0131larla de\u011fil ba\u015flar\u0131na gelen b\u00fcy\u00fck s\u0131k\u0131nt\u0131lar sebebiyle manevi s\u0131k\u0131nt\u0131larla da m\u00fccadele edecektir.<\/p>\n","protected":false},"excerpt":{"rendered":"<p>Bir d\u00f6neme damas\u0131n\u0131 vuran Yaprak D\u00f6k\u00fcm\u00fc dizisinde beraber rol alan \u00fcnl\u00fc oyuncu G\u00fcler \u00d6kten ve Bennu Y\u0131ld\u0131r\u0131mlar\u2019\u0131n y\u0131llar sonraki bulu\u015fmas\u0131 g\u00fcndem oldu. Dizide gelin-kay\u0131nvalide rol\u00fcnde olan iki \u00fcnl\u00fc oyuncunun y\u0131llar sonra bulu\u015farak beraber verdi\u011fi poz sosyal medyan\u0131n g\u00fcndemine oturdu. G\u00fcler \u00d6kten, Yaprak D\u00f6k\u00fcm\u00fc dizisinde \u2018Cevriye\u2019 karakterine, Bennu Y\u0131ld\u0131r\u0131mlar ise \u2018Fikret\u2019 karakterine hayat vermi\u015fti. \u00dczerinden uzun &hellip;<\/p>\n","protected":false},"author":6,"featured_media":35566,"comment_status":"closed","ping_status":"closed","sticky":false,"template":"","format":"standard","meta":{"footnotes":""},"categories":[15431],"tags":[],"class_list":["post-35565","post","type-post","status-publish","format-standard","has-post-thumbnail","hentry","category-medya"],"amp_enabled":true,"_links":{"self":[{"href":"https:\/\/adanaseshaber.com.tr\/index.php?rest_route=\/wp\/v2\/posts\/35565","targetHints":{"allow":["GET"]}}],"collection":[{"href":"https:\/\/adanaseshaber.com.tr\/index.php?rest_route=\/wp\/v2\/posts"}],"about":[{"href":"https:\/\/adanaseshaber.com.tr\/index.php?rest_route=\/wp\/v2\/types\/post"}],"author":[{"embeddable":true,"href":"https:\/\/adanaseshaber.com.tr\/index.php?rest_route=\/wp\/v2\/users\/6"}],"replies":[{"embeddable":true,"href":"https:\/\/adanaseshaber.com.tr\/index.php?rest_route=%2Fwp%2Fv2%2Fcomments&post=35565"}],"version-history":[{"count":3,"href":"https:\/\/adanaseshaber.com.tr\/index.php?rest_route=\/wp\/v2\/posts\/35565\/revisions"}],"predecessor-version":[{"id":35570,"href":"https:\/\/adanaseshaber.com.tr\/index.php?rest_route=\/wp\/v2\/posts\/35565\/revisions\/35570"}],"wp:featuredmedia":[{"embeddable":true,"href":"https:\/\/adanaseshaber.com.tr\/index.php?rest_route=\/wp\/v2\/media\/35566"}],"wp:attachment":[{"href":"https:\/\/adanaseshaber.com.tr\/index.php?rest_route=%2Fwp%2Fv2%2Fmedia&parent=35565"}],"wp:term":[{"taxonomy":"category","embeddable":true,"href":"https:\/\/adanaseshaber.com.tr\/index.php?rest_route=%2Fwp%2Fv2%2Fcategories&post=35565"},{"taxonomy":"post_tag","embeddable":true,"href":"https:\/\/adanaseshaber.com.tr\/index.php?rest_route=%2Fwp%2Fv2%2Ftags&post=35565"}],"curies":[{"name":"wp","href":"https:\/\/api.w.org\/{rel}","templated":true}]}}