{"id":35571,"date":"2022-08-19T19:52:53","date_gmt":"2022-08-19T16:52:53","guid":{"rendered":"https:\/\/www.adanaseshaber.com\/?p=35571"},"modified":"2022-08-19T19:52:03","modified_gmt":"2022-08-19T16:52:03","slug":"dursun-ozbekin-annesi-kezban-ozbek-son-yolculuguna-ugurlandi","status":"publish","type":"post","link":"https:\/\/adanaseshaber.com.tr\/?p=35571","title":{"rendered":"Dursun \u00d6zbek\u2019in annesi Kezban \u00d6zbek son yolculu\u011funa u\u011furland\u0131"},"content":{"rendered":"<p>Galatasaray Ba\u015fkan\u0131 Dursun \u00d6zbek\u2019in annesi Kezban \u00d6zbek, son yolculu\u011funa u\u011furland\u0131. Dursun \u00d6zbek\u2019in ac\u0131 g\u00fcn\u00fcnde spor ve siyasetten \u00e7ok say\u0131da isim Galatasaray Ba\u015fkan\u0131\u2019n\u0131 yaln\u0131z b\u0131rakmad\u0131. Kezban \u00d6zbek\u2019in cenaze t\u00f6renine hem spor hem de siyasetten \u00e7ok say\u0131da isim kat\u0131ld\u0131. Fenerbah\u00e7e Spor Kul\u00fcb\u00fc Ba\u015fkan\u0131 Ali Ko\u00e7 ve Galatasaray\u2019\u0131n eski teknik direkt\u00f6r\u00fc Fatih Terim\u2019in de cenaze t\u00f6reninde yer ald\u0131\u011f\u0131 g\u00f6r\u00fcld\u00fc. Dursun \u00d6zbk\u2019in annesi Kezban \u00d6zbek\u2019in cenaze t\u00f6renine ailesi ve seveblerinin yan\u0131 s\u0131ra spor ve siyasetten \u00e7ok say\u0131da isim kat\u0131ld\u0131. Levent Afet Yolal Camii\u2019nde d\u00fczenlenen cenaze t\u00f6renine kat\u0131lan isimler aras\u0131nda Galatasaray\u2019\u0131n eski teknik direkt\u00f6r\u00fc Fatih Terim ve Fenerbah\u00e7e Spor Kul\u00fcb\u00fc Ba\u015fkan\u0131 Ali Ko\u00e7\u2019un da yer ald\u0131\u011f\u0131 g\u00f6r\u00fcld\u00fc. \u00d6te yandan siyasetten de \u00e7ok say\u0131da ac\u0131 g\u00fcn\u00fcnde Dursun \u00d6zbek\u2019i yaln\u0131z b\u0131rakmad\u0131.<\/p>\n<p><strong>DURSUN \u00d6ZBEK\u2019\u0130 YALNIZ BIRAKMADILAR<\/strong><\/p>\n<p>Galatasaray Ba\u015fkan\u0131 Dursun \u00d6zbek, annesi Kezban \u00d6zbek\u2019i son yolculu\u011funa u\u011furlad\u0131. \u00d6zbek\u2019i ac\u0131 g\u00fcn\u00fcnde hem spor hem de siyaset d\u00fcnyas\u0131ndan \u00e7ok say\u0131da isim yaln\u0131z b\u0131rakmad\u0131. Cenaze t\u00f6renine kat\u0131lan isimler aras\u0131nda TBMM D\u0131\u015fi\u015fleri Komisyonu Ba\u015fkan\u0131 ve AK Parti \u0130stanbul Milletvekili Akif \u00c7a\u011fatay K\u0131l\u0131\u00e7, \u0130BB Ba\u015fkan\u0131 Ekrem \u0130mamo\u011flu, Galatasaray\u2019\u0131n eski teknik direkt\u00f6r\u00fc Fatih Terim, Galatasaray eski ba\u015fkanlar\u0131 Burak Elmas, Faruk S\u00fcren, Galatasaray Divan Kurulu Ba\u015fkan\u0131 Aykutalp Derkan, Fenerbah\u00e7e Ba\u015fkan\u0131 Ali Ko\u00e7, Ba\u015fak\u015fehir Ba\u015fkan\u0131 G\u00f6ksel G\u00fcm\u00fc\u015fda\u011f, Trabzonspor Ba\u015fkan\u0131 Ahmet A\u011fao\u011flu, Adana Demirspor Ba\u015fkan\u0131 Murat Sancak, TFF Ba\u015fkanvekili Yusuf G\u00fcnay, Hamza Hamzao\u011flu, Mustafa Denizli, Galatasarayl\u0131 y\u00f6neticiler ve merhumenin ailesi, sevenleri ve yak\u0131n dostlar\u0131 yer ald\u0131.<\/p>\n<p><img loading=\"lazy\" decoding=\"async\" class=\"aligncenter wp-image-35573 size-full\" src=\"https:\/\/adanaseshaber.com.tr\/wp-content\/uploads\/2022\/08\/dursun-ozbekin-annesi-kezban-ozbek-son-yolculuguna-ugurlandi-1.jpg\" alt=\"\" width=\"1280\" height=\"720\" srcset=\"https:\/\/adanaseshaber.com.tr\/wp-content\/uploads\/2022\/08\/dursun-ozbekin-annesi-kezban-ozbek-son-yolculuguna-ugurlandi-1.jpg 1280w, https:\/\/adanaseshaber.com.tr\/wp-content\/uploads\/2022\/08\/dursun-ozbekin-annesi-kezban-ozbek-son-yolculuguna-ugurlandi-1-300x169.jpg 300w, https:\/\/adanaseshaber.com.tr\/wp-content\/uploads\/2022\/08\/dursun-ozbekin-annesi-kezban-ozbek-son-yolculuguna-ugurlandi-1-1024x576.jpg 1024w, https:\/\/adanaseshaber.com.tr\/wp-content\/uploads\/2022\/08\/dursun-ozbekin-annesi-kezban-ozbek-son-yolculuguna-ugurlandi-1-768x432.jpg 768w, https:\/\/adanaseshaber.com.tr\/wp-content\/uploads\/2022\/08\/dursun-ozbekin-annesi-kezban-ozbek-son-yolculuguna-ugurlandi-1-390x220.jpg 390w\" sizes=\"auto, (max-width: 1280px) 100vw, 1280px\" \/><\/p>\n<p><strong>FAT\u0130H TER\u0130M\u2019DEN DURSUN \u00d6ZBEK\u2019E DESTEK<\/strong><\/p>\n<p>Levent Afet Yolal Camii\u2019nde ikindi namaz\u0131na m\u00fcteakip k\u0131l\u0131nan cenaze namaz\u0131n\u0131n ard\u0131ndan merhume Kezban \u00d6zbek, A\u015fiyan Mezarl\u0131\u011f\u0131\u2019nda topra\u011fa verildi. Galatasaray\u2019\u0131n eski teknik direkt\u00f6r\u00fc Fatih Terim, cenaze t\u00f6renine kat\u0131lmak i\u00e7in Bodrum\u2019dan \u0130stanbul\u2019a geldi. Terim\u2019in Dursun \u00d6zbek\u2019i sar\u0131larak teselli etti\u011fi g\u00f6r\u00fcld\u00fc.<\/p>\n","protected":false},"excerpt":{"rendered":"<p>Galatasaray Ba\u015fkan\u0131 Dursun \u00d6zbek\u2019in annesi Kezban \u00d6zbek, son yolculu\u011funa u\u011furland\u0131. Dursun \u00d6zbek\u2019in ac\u0131 g\u00fcn\u00fcnde spor ve siyasetten \u00e7ok say\u0131da isim Galatasaray Ba\u015fkan\u0131\u2019n\u0131 yaln\u0131z b\u0131rakmad\u0131. Kezban \u00d6zbek\u2019in cenaze t\u00f6renine hem spor hem de siyasetten \u00e7ok say\u0131da isim kat\u0131ld\u0131. Fenerbah\u00e7e Spor Kul\u00fcb\u00fc Ba\u015fkan\u0131 Ali Ko\u00e7 ve Galatasaray\u2019\u0131n eski teknik direkt\u00f6r\u00fc Fatih Terim\u2019in de cenaze t\u00f6reninde yer ald\u0131\u011f\u0131 &hellip;<\/p>\n","protected":false},"author":6,"featured_media":35572,"comment_status":"closed","ping_status":"closed","sticky":false,"template":"","format":"standard","meta":{"footnotes":""},"categories":[5],"tags":[],"class_list":["post-35571","post","type-post","status-publish","format-standard","has-post-thumbnail","hentry","category-spor"],"amp_enabled":true,"_links":{"self":[{"href":"https:\/\/adanaseshaber.com.tr\/index.php?rest_route=\/wp\/v2\/posts\/35571","targetHints":{"allow":["GET"]}}],"collection":[{"href":"https:\/\/adanaseshaber.com.tr\/index.php?rest_route=\/wp\/v2\/posts"}],"about":[{"href":"https:\/\/adanaseshaber.com.tr\/index.php?rest_route=\/wp\/v2\/types\/post"}],"author":[{"embeddable":true,"href":"https:\/\/adanaseshaber.com.tr\/index.php?rest_route=\/wp\/v2\/users\/6"}],"replies":[{"embeddable":true,"href":"https:\/\/adanaseshaber.com.tr\/index.php?rest_route=%2Fwp%2Fv2%2Fcomments&post=35571"}],"version-history":[{"count":2,"href":"https:\/\/adanaseshaber.com.tr\/index.php?rest_route=\/wp\/v2\/posts\/35571\/revisions"}],"predecessor-version":[{"id":35575,"href":"https:\/\/adanaseshaber.com.tr\/index.php?rest_route=\/wp\/v2\/posts\/35571\/revisions\/35575"}],"wp:featuredmedia":[{"embeddable":true,"href":"https:\/\/adanaseshaber.com.tr\/index.php?rest_route=\/wp\/v2\/media\/35572"}],"wp:attachment":[{"href":"https:\/\/adanaseshaber.com.tr\/index.php?rest_route=%2Fwp%2Fv2%2Fmedia&parent=35571"}],"wp:term":[{"taxonomy":"category","embeddable":true,"href":"https:\/\/adanaseshaber.com.tr\/index.php?rest_route=%2Fwp%2Fv2%2Fcategories&post=35571"},{"taxonomy":"post_tag","embeddable":true,"href":"https:\/\/adanaseshaber.com.tr\/index.php?rest_route=%2Fwp%2Fv2%2Ftags&post=35571"}],"curies":[{"name":"wp","href":"https:\/\/api.w.org\/{rel}","templated":true}]}}