{"id":35586,"date":"2022-08-19T23:15:05","date_gmt":"2022-08-19T20:15:05","guid":{"rendered":"https:\/\/www.adanaseshaber.com\/?p=35586"},"modified":"2022-08-19T23:16:10","modified_gmt":"2022-08-19T20:16:10","slug":"destan-dizisi-finale-hazirlaniyor","status":"publish","type":"post","link":"https:\/\/adanaseshaber.com.tr\/?p=35586","title":{"rendered":"Destan dizisi finale haz\u0131rlan\u0131yor"},"content":{"rendered":"<p>ATV ekranlar\u0131nda yay\u0131nlanan ve hem konusu hem de oyuncu kadrosuyla b\u00fcy\u00fck bir be\u011feni toplayan Destan dizisi \u015fimdilerde finale haz\u0131rlan\u0131yor. Sal\u0131 ak\u015famlar\u0131n\u0131n vazge\u00e7ilmezi haline gelen ba\u015far\u0131l\u0131 d\u00f6nem dizilerinden biri olan Desten dizisi ekrana veda ediyor. Dizinin b\u00fcy\u00fck finali i\u00e7in haz\u0131rl\u0131klar ba\u015flad\u0131. Destan dizisini yak\u0131ndan takip edenler b\u00fcy\u00fck final ile ilgili t\u00fcm detaylar\u0131 da ara\u015ft\u0131rmaya ba\u015flad\u0131. \u0130lk b\u00f6l\u00fcmden itibaren herkesi ekran ba\u015f\u0131na toplayan Destan dizisinden hayranlar\u0131n\u0131 \u00fczen final haberi geldi. Ebru \u015eahin\u2019in ba\u015frol\u00fcnde oldu\u011fu dizinin final b\u00f6l\u00fcm\u00fcyle ekrana veda edece\u011fi \u00f6\u011frenildi. Peki, Destan dizisi final b\u00f6l\u00fcm\u00fc ne zaman? Destan dizisi final mi oluyor? Destan dizisi neden final yap\u0131yor? \u0130\u015fte t\u00fcm merak edilenler\u2026<\/p>\n<p><strong>DESTAN D\u0130Z\u0130S\u0130 F\u0130NAL M\u0130 YAPIYOR?<\/strong><\/p>\n<p>ATV ekranlar\u0131n\u0131n ba\u015far\u0131l\u0131 d\u00f6nem dizilerinden biri olan Destan dizisi \u015fimdilerde final haz\u0131rl\u0131klar\u0131 i\u00e7erisinde. \u0130lk b\u00f6l\u00fcm\u00fcnden bu yana b\u00fcy\u00fck bir ilgiyle izlenen ve hem konusu hem de oyuncu kadrosuyla herkesin be\u011fenisini toplayan dizinin yeni sezonda da ekran maceras\u0131na devam etmesi bekleniyordu. Ancak Destan dizisinden hayranlar\u0131n\u0131 \u00fczen haber geldi. Dizinin b\u00fcy\u00fck final i\u00e7in haz\u0131rl\u0131klara ba\u015flad\u0131\u011f\u0131 \u00f6\u011frenildi.<\/p>\n<p><img loading=\"lazy\" decoding=\"async\" class=\"aligncenter wp-image-35589 size-full\" src=\"https:\/\/adanaseshaber.com.tr\/wp-content\/uploads\/2022\/08\/destan-dizisi-finale-hazirlaniyor-1.jpg\" alt=\"\" width=\"1280\" height=\"720\" srcset=\"https:\/\/adanaseshaber.com.tr\/wp-content\/uploads\/2022\/08\/destan-dizisi-finale-hazirlaniyor-1.jpg 1280w, https:\/\/adanaseshaber.com.tr\/wp-content\/uploads\/2022\/08\/destan-dizisi-finale-hazirlaniyor-1-300x169.jpg 300w, https:\/\/adanaseshaber.com.tr\/wp-content\/uploads\/2022\/08\/destan-dizisi-finale-hazirlaniyor-1-1024x576.jpg 1024w, https:\/\/adanaseshaber.com.tr\/wp-content\/uploads\/2022\/08\/destan-dizisi-finale-hazirlaniyor-1-768x432.jpg 768w, https:\/\/adanaseshaber.com.tr\/wp-content\/uploads\/2022\/08\/destan-dizisi-finale-hazirlaniyor-1-390x220.jpg 390w\" sizes=\"auto, (max-width: 1280px) 100vw, 1280px\" \/><\/p>\n<p><strong>DESTAN D\u0130Z\u0130S\u0130 F\u0130NAL B\u00d6L\u00dcM\u00dc NE ZAMAN YAYINLANACAK?<\/strong><\/p>\n<p>\u0130ddialara g\u00f6re Destan dizisinin final senaryosu yaz\u0131ld\u0131. E\u011fer yeni bir geli\u015fme olmazsa dizi duygu y\u00fckl\u00fc bir final b\u00f6l\u00fcm\u00fcyle izleyicisine veda edecek. Dizinin final b\u00f6l\u00fcm\u00fc \u00e7ekimlerinin haftaya ger\u00e7ekle\u015fece\u011fi ve 28. B\u00f6l\u00fcmle ekrana veda edecek olan dizinin t\u00fcm oyuncular\u0131n\u0131n final b\u00f6l\u00fcm\u00fcnde yer alaca\u011f\u0131 \u00f6\u011frenildi.<\/p>\n","protected":false},"excerpt":{"rendered":"<p>ATV ekranlar\u0131nda yay\u0131nlanan ve hem konusu hem de oyuncu kadrosuyla b\u00fcy\u00fck bir be\u011feni toplayan Destan dizisi \u015fimdilerde finale haz\u0131rlan\u0131yor. Sal\u0131 ak\u015famlar\u0131n\u0131n vazge\u00e7ilmezi haline gelen ba\u015far\u0131l\u0131 d\u00f6nem dizilerinden biri olan Desten dizisi ekrana veda ediyor. Dizinin b\u00fcy\u00fck finali i\u00e7in haz\u0131rl\u0131klar ba\u015flad\u0131. Destan dizisini yak\u0131ndan takip edenler b\u00fcy\u00fck final ile ilgili t\u00fcm detaylar\u0131 da ara\u015ft\u0131rmaya ba\u015flad\u0131. \u0130lk &hellip;<\/p>\n","protected":false},"author":6,"featured_media":35587,"comment_status":"closed","ping_status":"closed","sticky":false,"template":"","format":"standard","meta":{"footnotes":""},"categories":[15431],"tags":[],"class_list":["post-35586","post","type-post","status-publish","format-standard","has-post-thumbnail","hentry","category-medya"],"amp_enabled":true,"_links":{"self":[{"href":"https:\/\/adanaseshaber.com.tr\/index.php?rest_route=\/wp\/v2\/posts\/35586","targetHints":{"allow":["GET"]}}],"collection":[{"href":"https:\/\/adanaseshaber.com.tr\/index.php?rest_route=\/wp\/v2\/posts"}],"about":[{"href":"https:\/\/adanaseshaber.com.tr\/index.php?rest_route=\/wp\/v2\/types\/post"}],"author":[{"embeddable":true,"href":"https:\/\/adanaseshaber.com.tr\/index.php?rest_route=\/wp\/v2\/users\/6"}],"replies":[{"embeddable":true,"href":"https:\/\/adanaseshaber.com.tr\/index.php?rest_route=%2Fwp%2Fv2%2Fcomments&post=35586"}],"version-history":[{"count":2,"href":"https:\/\/adanaseshaber.com.tr\/index.php?rest_route=\/wp\/v2\/posts\/35586\/revisions"}],"predecessor-version":[{"id":35590,"href":"https:\/\/adanaseshaber.com.tr\/index.php?rest_route=\/wp\/v2\/posts\/35586\/revisions\/35590"}],"wp:featuredmedia":[{"embeddable":true,"href":"https:\/\/adanaseshaber.com.tr\/index.php?rest_route=\/wp\/v2\/media\/35587"}],"wp:attachment":[{"href":"https:\/\/adanaseshaber.com.tr\/index.php?rest_route=%2Fwp%2Fv2%2Fmedia&parent=35586"}],"wp:term":[{"taxonomy":"category","embeddable":true,"href":"https:\/\/adanaseshaber.com.tr\/index.php?rest_route=%2Fwp%2Fv2%2Fcategories&post=35586"},{"taxonomy":"post_tag","embeddable":true,"href":"https:\/\/adanaseshaber.com.tr\/index.php?rest_route=%2Fwp%2Fv2%2Ftags&post=35586"}],"curies":[{"name":"wp","href":"https:\/\/api.w.org\/{rel}","templated":true}]}}