{"id":35591,"date":"2022-08-19T23:50:54","date_gmt":"2022-08-19T20:50:54","guid":{"rendered":"https:\/\/www.adanaseshaber.com\/?p=35591"},"modified":"2022-08-19T23:50:44","modified_gmt":"2022-08-19T20:50:44","slug":"esra-erolda-fatma-dogum-yapti-hamileyken-dilendirilmisti","status":"publish","type":"post","link":"https:\/\/adanaseshaber.com.tr\/?p=35591","title":{"rendered":"Esra Erol\u2019da Fatma do\u011fum yapt\u0131! Hamileyken dilendirilmi\u015fti"},"content":{"rendered":"<p>ATV ekranlar\u0131nda yay\u0131nlanan ve 29 A\u011fustos 2022 Pazartesi g\u00fcn\u00fc yeni sezonu ile yeniden izleyici kar\u015f\u0131s\u0131na \u00e7\u0131kacak olan Esra Erol\u2019da b\u00fcy\u00fck bir heyecanla beklenirken programa kat\u0131lan ve ba\u015f\u0131na gelen olaylar\u0131 anlatan Fatma\u2019n\u0131n do\u011fun yapt\u0131\u011f\u0131 \u00f6\u011frenildi. \u0130ki \u00e7ocuk babas\u0131 Ahmet\u2019e ka\u00e7an ve T\u00fcrkiye\u2019nin g\u00fcndemine yerle\u015fen Fatma\u2019n\u0131n ba\u015f\u0131na gelenler g\u00fcnlerce konu\u015fulmu\u015ftu. 19 ya\u015f\u0131ndaki zihinsel engelli Fatma\u2019n\u0131n ba\u015f\u0131na gelenler duyanlar\u0131 \u015fok etmi\u015fti. Annesinin Esra Erol\u2019da canl\u0131 yay\u0131n\u0131na \u00e7\u0131karak yard\u0131m istemesinin ard\u0131ndan Esra Erol\u2019un canl\u0131 yay\u0131n\u0131na kat\u0131lan Fatma, hamile kald\u0131\u011f\u0131n\u0131 ve Ahmet\u2019le ya\u015famak istedi\u011fini s\u00f6ylemi\u015fti. Daha sonra Ahmet\u2019le TikTok \u00fczerinden bir canl\u0131 yay\u0131n a\u00e7an ve Esra Erol\u2019da program\u0131n\u0131n kurgu oldu\u011funu, baz\u0131 \u015feyleri istemeyerek s\u00f6yledi\u011fini iddia eden Fatma, bebe\u011fini d\u00fcnyaya getirdi.<\/p>\n<p><strong>FATMA DO\u011eUM YAPTI<\/strong><\/p>\n<p>\u0130ki \u00e7ocuk babas\u0131 Ahmet\u2019i sevdi\u011fini s\u00f6yleyen ve onunla birlikte ya\u015famak isteyen Fatma\u2019dan haber var. Son olarak hamile oldu\u011funu a\u00e7\u0131klayan Fatma, bebe\u011fini d\u00fcnyaya getirdi. Fatma\u2019n\u0131n bir hastanede do\u011fum yapt\u0131\u011f\u0131 ancak \u00e7ocu\u011fun babas\u0131 Ahmet\u2019in ne Fatma\u2019ya ne de \u00e7ocu\u011funa sahip \u00e7\u0131kmad\u0131\u011f\u0131 iddia edildi. Fatma\u2019ya ve yeni do\u011fan bebe\u011fine sahip \u00e7\u0131kmad\u0131\u011f\u0131, onlar\u0131 yaln\u0131z b\u0131rakt\u0131\u011f\u0131 iddia edilen Ahmet\u2019e tepki ya\u011fd\u0131.<\/p>\n<p><strong>HAM\u0130LEYKEN D\u0130LEND\u0130R\u0130LD\u0130\u011e\u0130 \u0130DD\u0130A ED\u0130LM\u0130\u015eT\u0130<\/strong><\/p>\n<p>Fatma, Esra Erol&#8217;da canl\u0131 yay\u0131n\u0131nda ba\u015f\u0131na gelen olaylar\u0131 tek tek anlatm\u0131\u015f ve herkesin a\u011fz\u0131n\u0131 a\u00e7\u0131k b\u0131rakm\u0131\u015ft\u0131. Hamileyken i\u015fkence g\u00f6rd\u00fc\u011f\u00fcn\u00fc, dilendirildi\u011fini iddia eden Fatma, daha \u00f6nceki anlatt\u0131klar\u0131yla da izleyiciye b\u00fcy\u00fck bir \u015fok ya\u015fatm\u0131\u015ft\u0131. Daha \u00f6nce st\u00fcdyoya sa\u00e7lar\u0131 kaz\u0131nm\u0131\u015f halde \u00e7\u0131kan Fatma, bu haliyle herkesi \u00fczm\u00fc\u015ft\u00fc. Ahmet\u2019in imam nikahl\u0131 e\u015fi G\u00fcl\u015fah da h\u0131rs\u0131zl\u0131k yapmaya zorland\u0131\u011f\u0131n\u0131 ve bu y\u00fczden sab\u0131kas\u0131n\u0131n oldu\u011funu \u00f6ne s\u00fcrm\u00fc\u015ft\u00fc.<\/p>\n<p><img loading=\"lazy\" decoding=\"async\" class=\"aligncenter wp-image-35593 size-full\" src=\"https:\/\/adanaseshaber.com.tr\/wp-content\/uploads\/2022\/08\/esra-erolda-fatma-dogum-yapti-hamileyken-dilendirilmisti-1.jpg\" alt=\"\" width=\"1280\" height=\"720\" srcset=\"https:\/\/adanaseshaber.com.tr\/wp-content\/uploads\/2022\/08\/esra-erolda-fatma-dogum-yapti-hamileyken-dilendirilmisti-1.jpg 1280w, https:\/\/adanaseshaber.com.tr\/wp-content\/uploads\/2022\/08\/esra-erolda-fatma-dogum-yapti-hamileyken-dilendirilmisti-1-300x169.jpg 300w, https:\/\/adanaseshaber.com.tr\/wp-content\/uploads\/2022\/08\/esra-erolda-fatma-dogum-yapti-hamileyken-dilendirilmisti-1-1024x576.jpg 1024w, https:\/\/adanaseshaber.com.tr\/wp-content\/uploads\/2022\/08\/esra-erolda-fatma-dogum-yapti-hamileyken-dilendirilmisti-1-768x432.jpg 768w, https:\/\/adanaseshaber.com.tr\/wp-content\/uploads\/2022\/08\/esra-erolda-fatma-dogum-yapti-hamileyken-dilendirilmisti-1-390x220.jpg 390w\" sizes=\"auto, (max-width: 1280px) 100vw, 1280px\" \/><\/p>\n<p><strong>PROGRAMIN KURGU OLDU\u011eUNU \u0130DD\u0130A ETM\u0130\u015eLERD\u0130<\/strong><\/p>\n<p>\u00d6te yandan Fatma ile Ahmet, TikTok\u2019ta yapt\u0131klar\u0131 bir canl\u0131 yay\u0131nda Esra Erol2da program\u0131n\u0131n kurgu oldu\u011funu iddia etmi\u015fti. Fatma, canl\u0131 yay\u0131nda baz\u0131 \u015feyleri istemeyerek s\u00f6yledi\u011fini belirtmi\u015fti.<\/p>\n","protected":false},"excerpt":{"rendered":"<p>ATV ekranlar\u0131nda yay\u0131nlanan ve 29 A\u011fustos 2022 Pazartesi g\u00fcn\u00fc yeni sezonu ile yeniden izleyici kar\u015f\u0131s\u0131na \u00e7\u0131kacak olan Esra Erol\u2019da b\u00fcy\u00fck bir heyecanla beklenirken programa kat\u0131lan ve ba\u015f\u0131na gelen olaylar\u0131 anlatan Fatma\u2019n\u0131n do\u011fun yapt\u0131\u011f\u0131 \u00f6\u011frenildi. \u0130ki \u00e7ocuk babas\u0131 Ahmet\u2019e ka\u00e7an ve T\u00fcrkiye\u2019nin g\u00fcndemine yerle\u015fen Fatma\u2019n\u0131n ba\u015f\u0131na gelenler g\u00fcnlerce konu\u015fulmu\u015ftu. 19 ya\u015f\u0131ndaki zihinsel engelli Fatma\u2019n\u0131n ba\u015f\u0131na gelenler &hellip;<\/p>\n","protected":false},"author":6,"featured_media":35592,"comment_status":"closed","ping_status":"closed","sticky":false,"template":"","format":"standard","meta":{"footnotes":""},"categories":[15431],"tags":[],"class_list":["post-35591","post","type-post","status-publish","format-standard","has-post-thumbnail","hentry","category-medya"],"amp_enabled":true,"_links":{"self":[{"href":"https:\/\/adanaseshaber.com.tr\/index.php?rest_route=\/wp\/v2\/posts\/35591","targetHints":{"allow":["GET"]}}],"collection":[{"href":"https:\/\/adanaseshaber.com.tr\/index.php?rest_route=\/wp\/v2\/posts"}],"about":[{"href":"https:\/\/adanaseshaber.com.tr\/index.php?rest_route=\/wp\/v2\/types\/post"}],"author":[{"embeddable":true,"href":"https:\/\/adanaseshaber.com.tr\/index.php?rest_route=\/wp\/v2\/users\/6"}],"replies":[{"embeddable":true,"href":"https:\/\/adanaseshaber.com.tr\/index.php?rest_route=%2Fwp%2Fv2%2Fcomments&post=35591"}],"version-history":[{"count":3,"href":"https:\/\/adanaseshaber.com.tr\/index.php?rest_route=\/wp\/v2\/posts\/35591\/revisions"}],"predecessor-version":[{"id":35596,"href":"https:\/\/adanaseshaber.com.tr\/index.php?rest_route=\/wp\/v2\/posts\/35591\/revisions\/35596"}],"wp:featuredmedia":[{"embeddable":true,"href":"https:\/\/adanaseshaber.com.tr\/index.php?rest_route=\/wp\/v2\/media\/35592"}],"wp:attachment":[{"href":"https:\/\/adanaseshaber.com.tr\/index.php?rest_route=%2Fwp%2Fv2%2Fmedia&parent=35591"}],"wp:term":[{"taxonomy":"category","embeddable":true,"href":"https:\/\/adanaseshaber.com.tr\/index.php?rest_route=%2Fwp%2Fv2%2Fcategories&post=35591"},{"taxonomy":"post_tag","embeddable":true,"href":"https:\/\/adanaseshaber.com.tr\/index.php?rest_route=%2Fwp%2Fv2%2Ftags&post=35591"}],"curies":[{"name":"wp","href":"https:\/\/api.w.org\/{rel}","templated":true}]}}