{"id":35597,"date":"2022-08-20T01:10:48","date_gmt":"2022-08-19T22:10:48","guid":{"rendered":"https:\/\/www.adanaseshaber.com\/?p=35597"},"modified":"2022-08-20T01:10:04","modified_gmt":"2022-08-19T22:10:04","slug":"ulkelerine-geri-donmek-istemeyen-siginmacilar-kayseri-il-goc-idaresinde-yangin-cikardi","status":"publish","type":"post","link":"https:\/\/adanaseshaber.com.tr\/?p=35597","title":{"rendered":"\u00dclkelerine geri d\u00f6nmek istemeyen s\u0131\u011f\u0131nmac\u0131lar Kayseri \u0130l G\u00f6\u00e7 \u0130daresi\u2019nde yang\u0131n \u00e7\u0131kard\u0131"},"content":{"rendered":"<p>Kayseri \u0130l G\u00f6\u00e7 \u0130daresi\u2019nde \u00e7\u0131kan yang\u0131nla ilgili detaylar ara\u015ft\u0131r\u0131lmaya ba\u015fland\u0131. S\u00f6z konusu yang\u0131n\u0131n \u00fclkelerine geri g\u00f6nderilmek istemeyen s\u0131\u011f\u0131nmac\u0131lar taraf\u0131ndan \u00e7\u0131kar\u0131ld\u0131\u011f\u0131 belirtilirken yang\u0131n\u0131n itfaiye ekiplerinin m\u00fcdahalesi sonucunda s\u00f6nd\u00fcr\u00fcld\u00fc\u011f\u00fc bilgisine ula\u015f\u0131ld\u0131. Geri g\u00f6nderme merkezinde \u00e7\u0131kan ve \u00fclkelerine geri gitmek istemeyen s\u0131\u011f\u0131nmac\u0131lar taraf\u0131ndan \u00e7\u0131kar\u0131ld\u0131\u011f\u0131 iddia edilen yang\u0131n sosyal medyada da g\u00fcndem oldu. Kayseri-Sivas Karayolu\u2019nun 30\u2019uncu kilometresindeki \u0130l G\u00f6\u00e7 \u0130daresi Geri G\u00f6nderme Merkezi\u2019nde \u00e7\u0131kan yang\u0131n panik yaratt\u0131. \u0130ddiaya g\u00f6re yang\u0131n\u0131 \u00fclkelerine geri gitmek istemeyen s\u0131\u011f\u0131nmac\u0131lar \u00e7\u0131kard\u0131. Alevlerin k\u0131sa s\u00fcrede b\u00fcy\u00fcd\u00fc\u011f\u00fc ve merkezin bir b\u00f6l\u00fcm\u00fcn\u00fc kaplad\u0131\u011f\u0131 \u00f6\u011frenildi. Olay yerine \u00e7ok say\u0131da itfaiye ve jandarma ekibi sevk edildi.<\/p>\n<p><strong>KAYSER\u0130 \u0130L G\u00d6\u00c7 \u0130DARES\u0130\u2019NDE YANGIN<\/strong><\/p>\n<p>Kayseri-Sivas Karayolu\u2019nun 30\u2019uncu kilometresindeki \u0130l G\u00f6\u00e7 \u0130daresi Geri G\u00f6nderme Merkezi\u2019nde ak\u015fam saatlerinde \u00e7\u0131kt\u0131\u011f\u0131 belirtilen yang\u0131nla ilgili detaylar ara\u015ft\u0131r\u0131lmaya ba\u015fland\u0131. Panik yaratan yang\u0131n\u0131n \u00fclkelerine geri gitmek istemeyen s\u0131\u011f\u0131nmac\u0131lar taraf\u0131ndan \u00e7\u0131kar\u0131ld\u0131\u011f\u0131 iddia edildi. Alevlerin k\u0131sa s\u00fcrede b\u00fcy\u00fcyerek merkezin bir b\u00f6l\u00fcm\u00fcn\u00fc kaplad\u0131\u011f\u0131 \u00f6\u011frenildi. Merkez binas\u0131ndaki \u00e7al\u0131\u015fanlar\u0131n ihbar\u0131 \u00fczerine olay yerine jandarma ve itfaiye ekibi sevk edildi.<\/p>\n<p><img loading=\"lazy\" decoding=\"async\" class=\"aligncenter wp-image-35599 size-full\" src=\"https:\/\/adanaseshaber.com.tr\/wp-content\/uploads\/2022\/08\/ulkelerine-geri-donmek-istemeyen-siginmacilar-kayseri-il-goc-idaresinde-yangin-cikardi-1.jpg\" alt=\"\" width=\"1280\" height=\"720\" srcset=\"https:\/\/adanaseshaber.com.tr\/wp-content\/uploads\/2022\/08\/ulkelerine-geri-donmek-istemeyen-siginmacilar-kayseri-il-goc-idaresinde-yangin-cikardi-1.jpg 1280w, https:\/\/adanaseshaber.com.tr\/wp-content\/uploads\/2022\/08\/ulkelerine-geri-donmek-istemeyen-siginmacilar-kayseri-il-goc-idaresinde-yangin-cikardi-1-300x169.jpg 300w, https:\/\/adanaseshaber.com.tr\/wp-content\/uploads\/2022\/08\/ulkelerine-geri-donmek-istemeyen-siginmacilar-kayseri-il-goc-idaresinde-yangin-cikardi-1-1024x576.jpg 1024w, https:\/\/adanaseshaber.com.tr\/wp-content\/uploads\/2022\/08\/ulkelerine-geri-donmek-istemeyen-siginmacilar-kayseri-il-goc-idaresinde-yangin-cikardi-1-768x432.jpg 768w, https:\/\/adanaseshaber.com.tr\/wp-content\/uploads\/2022\/08\/ulkelerine-geri-donmek-istemeyen-siginmacilar-kayseri-il-goc-idaresinde-yangin-cikardi-1-390x220.jpg 390w\" sizes=\"auto, (max-width: 1280px) 100vw, 1280px\" \/><\/p>\n<p><strong>YANGININ S\u00d6ND\u00dcR\u00dcLMES\u0130NE ENGEL OLDULAR<\/strong><\/p>\n<p>\u0130hbar \u00fczerine olay yerine gelen itfaiye ekipleri yang\u0131n\u0131 kontrol alt\u0131na almak i\u00e7in \u00e7al\u0131\u015fma ba\u015flatt\u0131. Ancak merkezde bulunan s\u0131\u011f\u0131nmac\u0131lar\u0131n yang\u0131n\u0131n s\u00f6nd\u00fcr\u00fclmesine engel olmaya \u00e7al\u0131\u015ft\u0131klar\u0131 aktar\u0131ld\u0131. S\u0131\u011f\u0131nmac\u0131lar\u0131n yang\u0131na m\u00fcdahaleyi engellemeye \u00e7al\u0131\u015fmas\u0131 \u00fczerine b\u00f6lgeye \u00e7ok say\u0131da asker sevk edildi. Askeri personelin m\u00fcdahalesi sonras\u0131nda itfaiye ekipleri s\u00f6nd\u00fcrme \u00e7al\u0131\u015fmalar\u0131na devam etti. \u0130tfaiye ekiplerinin yo\u011fun \u00e7abas\u0131n\u0131n ard\u0131ndan yang\u0131n s\u00f6nd\u00fcr\u00fcld\u00fc. Jandarma ekiplerinin b\u00f6lgede geni\u015f g\u00fcvenlik \u00f6nlemleri ald\u0131\u011f\u0131 ve olayla ilgili incelemenin s\u00fcrd\u00fc\u011f\u00fc bilgisine ula\u015f\u0131ld\u0131.<\/p>\n","protected":false},"excerpt":{"rendered":"<p>Kayseri \u0130l G\u00f6\u00e7 \u0130daresi\u2019nde \u00e7\u0131kan yang\u0131nla ilgili detaylar ara\u015ft\u0131r\u0131lmaya ba\u015fland\u0131. S\u00f6z konusu yang\u0131n\u0131n \u00fclkelerine geri g\u00f6nderilmek istemeyen s\u0131\u011f\u0131nmac\u0131lar taraf\u0131ndan \u00e7\u0131kar\u0131ld\u0131\u011f\u0131 belirtilirken yang\u0131n\u0131n itfaiye ekiplerinin m\u00fcdahalesi sonucunda s\u00f6nd\u00fcr\u00fcld\u00fc\u011f\u00fc bilgisine ula\u015f\u0131ld\u0131. Geri g\u00f6nderme merkezinde \u00e7\u0131kan ve \u00fclkelerine geri gitmek istemeyen s\u0131\u011f\u0131nmac\u0131lar taraf\u0131ndan \u00e7\u0131kar\u0131ld\u0131\u011f\u0131 iddia edilen yang\u0131n sosyal medyada da g\u00fcndem oldu. Kayseri-Sivas Karayolu\u2019nun 30\u2019uncu kilometresindeki \u0130l G\u00f6\u00e7 &hellip;<\/p>\n","protected":false},"author":6,"featured_media":35598,"comment_status":"closed","ping_status":"closed","sticky":false,"template":"","format":"standard","meta":{"footnotes":""},"categories":[1],"tags":[],"class_list":["post-35597","post","type-post","status-publish","format-standard","has-post-thumbnail","hentry","category-genel"],"amp_enabled":true,"_links":{"self":[{"href":"https:\/\/adanaseshaber.com.tr\/index.php?rest_route=\/wp\/v2\/posts\/35597","targetHints":{"allow":["GET"]}}],"collection":[{"href":"https:\/\/adanaseshaber.com.tr\/index.php?rest_route=\/wp\/v2\/posts"}],"about":[{"href":"https:\/\/adanaseshaber.com.tr\/index.php?rest_route=\/wp\/v2\/types\/post"}],"author":[{"embeddable":true,"href":"https:\/\/adanaseshaber.com.tr\/index.php?rest_route=\/wp\/v2\/users\/6"}],"replies":[{"embeddable":true,"href":"https:\/\/adanaseshaber.com.tr\/index.php?rest_route=%2Fwp%2Fv2%2Fcomments&post=35597"}],"version-history":[{"count":2,"href":"https:\/\/adanaseshaber.com.tr\/index.php?rest_route=\/wp\/v2\/posts\/35597\/revisions"}],"predecessor-version":[{"id":35601,"href":"https:\/\/adanaseshaber.com.tr\/index.php?rest_route=\/wp\/v2\/posts\/35597\/revisions\/35601"}],"wp:featuredmedia":[{"embeddable":true,"href":"https:\/\/adanaseshaber.com.tr\/index.php?rest_route=\/wp\/v2\/media\/35598"}],"wp:attachment":[{"href":"https:\/\/adanaseshaber.com.tr\/index.php?rest_route=%2Fwp%2Fv2%2Fmedia&parent=35597"}],"wp:term":[{"taxonomy":"category","embeddable":true,"href":"https:\/\/adanaseshaber.com.tr\/index.php?rest_route=%2Fwp%2Fv2%2Fcategories&post=35597"},{"taxonomy":"post_tag","embeddable":true,"href":"https:\/\/adanaseshaber.com.tr\/index.php?rest_route=%2Fwp%2Fv2%2Ftags&post=35597"}],"curies":[{"name":"wp","href":"https:\/\/api.w.org\/{rel}","templated":true}]}}