{"id":35602,"date":"2022-08-20T01:28:53","date_gmt":"2022-08-19T22:28:53","guid":{"rendered":"https:\/\/www.adanaseshaber.com\/?p=35602"},"modified":"2022-08-20T01:28:32","modified_gmt":"2022-08-19T22:28:32","slug":"kim-milyoner-olmak-ister-cumali-micoogullari-anlattiklariyla-saskina-cevirdi-mafya-tarafindan-kacirilmis","status":"publish","type":"post","link":"https:\/\/adanaseshaber.com.tr\/?p=35602","title":{"rendered":"Kim Milyoner Olmak \u0130ster Cumali Mi\u00e7oo\u011fullar\u0131 anlatt\u0131klar\u0131yla \u015fa\u015fk\u0131na \u00e7evirdi! Mafya taraf\u0131ndan ka\u00e7\u0131r\u0131lm\u0131\u015f"},"content":{"rendered":"<p>ATV\u2019de Kenan \u0130mirzal\u0131o\u011flu\u2019nun sunumuyla ekrana gelen Kim Milyoner Olmak \u0130ster\u2019e Cumali Mi\u00e7oo\u011flullar\u0131 adl\u0131 bir yar\u0131\u015fmac\u0131 damga vurdu. Milyoner\u2019in son b\u00f6l\u00fcm\u00fcnde anlatt\u0131\u011f\u0131 ka\u00e7\u0131r\u0131lma an\u0131s\u0131yla ba\u015fta sunucu Kenan \u0130mirzal\u0131o\u011flu olmak \u00fczere herkesi \u015fa\u015f\u0131rtan \u00e7eviren yar\u0131\u015fmac\u0131n\u0131n ba\u015f\u0131na gelenler yok art\u0131k dedirtti. Yar\u0131\u015fmaya Hatay\u2019dan kat\u0131lan Cumali, 67 farkl\u0131 \u00fclkeyi seyahat etti\u011fini s\u00f6yledi. Kim Milyoner Olmak \u0130ster yar\u0131\u015fmas\u0131 bu kez soru ve cevaplarla de\u011fil bir yar\u0131\u015fmac\u0131n\u0131n anlatt\u0131klar\u0131yla g\u00fcndeme geldi. Yar\u0131\u015fman\u0131n son b\u00f6l\u00fcm\u00fcnde Cumali Mi\u00e7oo\u011fullar\u0131\u2019n\u0131n anlatt\u0131\u011f\u0131 an\u0131lar herkesi \u015fa\u015fk\u0131na \u00e7evirdi. Yar\u0131\u015fmac\u0131 Cumali Mi\u00e7oo\u011fullar\u0131, mafya taraf\u0131ndan ka\u00e7\u0131r\u0131lma an\u0131s\u0131yla herkesin a\u011fz\u0131n\u0131 a\u00e7\u0131k b\u0131rakt\u0131.<\/p>\n<p><strong>MAFYANIN ARACINA B\u0130NM\u0130\u015e<\/strong><\/p>\n<p>18 ya\u015f\u0131ndan beri d\u00fcnyay\u0131 gezdi\u011fini s\u00f6yleyen Cumali Mi\u00e7oo\u011fullar\u0131, yar\u0131\u015fmaya Hatay\u2019dan kat\u0131ld\u0131. 67 farkl\u0131 \u00fclkeyi seyahat eden yar\u0131\u015fmac\u0131n\u0131n seyahat an\u0131lar\u0131ndan olu\u015fan 2 kitap yazd\u0131\u011f\u0131 \u00f6\u011frenildi. Otellerde \u00e7al\u0131\u015ft\u0131\u011f\u0131 s\u0131rada yabanc\u0131lardan etkilenen ve seyahatlerine bu \u015fekilde ba\u015flad\u0131\u011f\u0131n\u0131 s\u00f6yleyen Cumali, 19 ya\u015f\u0131nda ailesine \u015eam \u00dcniversitesi\u2019nde Arkeoloji ile ilgili bir sempozyuma kat\u0131laca\u011f\u0131n\u0131 s\u00f6yleyerek seyahate \u00e7\u0131kt\u0131\u011f\u0131n\u0131 anlatt\u0131. 3 ayl\u0131k bir seyahat plan\u0131 yapan Cumali, otostop yaparak yolculuk yapmay\u0131 d\u00fc\u015f\u00fcnd\u00fc. L\u00fcbnan\u2019dan \u00e7\u0131karak \u00dcrd\u00fcn\u2019e ge\u00e7ti\u011fi s\u0131rada bir uyu\u015fturucu mafyas\u0131n\u0131n arac\u0131na bindi\u011fini anlatan Cumali, 6 ayd\u0131r polis ekiplerinin bu mafyayla ilgili istihbarat \u00e7al\u0131\u015fmalar\u0131 yapt\u0131\u011f\u0131n\u0131 ve operasyon s\u0131ras\u0131nda g\u00f6zalt\u0131na al\u0131nd\u0131\u011f\u0131n\u0131 s\u00f6yledi. 2 g\u00fcn boyunca nezarethanede kald\u0131\u011f\u0131n\u0131 aktaran yar\u0131\u015fmac\u0131n\u0131n ba\u015f\u0131na gelenler serbest kal\u0131nca da son bulmad\u0131.<\/p>\n<p><strong>MAFYA TARAFINDAN KA\u00c7IRILDI<\/strong><\/p>\n<p>Polislerin serbest b\u0131rakt\u0131\u011f\u0131 Cumali, bu kez de mafya \u00fcyeleri taraf\u0131ndan ka\u00e7\u0131r\u0131ld\u0131. Ka\u00e7\u0131r\u0131ld\u0131\u011f\u0131 s\u00fcre\u00e7te s\u0131k\u0131nt\u0131l\u0131 zamanlar ge\u00e7irdi\u011fini s\u00f6yleyen Cumali, polisler taraf\u0131ndan kurtar\u0131ld\u0131\u011f\u0131n\u0131 ve olay\u0131n ard\u0131ndan M\u0131s\u0131r\u2019a gitti\u011fini anlatt\u0131. Yar\u0131\u015fmac\u0131n\u0131n ba\u015f\u0131na gelenleri duyan sunucu Kenan \u0130mirzal\u0131o\u011flu ise b\u00fcy\u00fck bir \u015fa\u015fk\u0131nl\u0131k ya\u015fad\u0131.<\/p>\n<p><img loading=\"lazy\" decoding=\"async\" class=\"aligncenter wp-image-35604 size-full\" src=\"https:\/\/adanaseshaber.com.tr\/wp-content\/uploads\/2022\/08\/kim-milyoner-olmak-ister-cumali-micoogullari-anlattiklariyla-saskina-cevirdi-mafya-tarafindan-kacirilmis-1.jpg\" alt=\"\" width=\"1280\" height=\"720\" srcset=\"https:\/\/adanaseshaber.com.tr\/wp-content\/uploads\/2022\/08\/kim-milyoner-olmak-ister-cumali-micoogullari-anlattiklariyla-saskina-cevirdi-mafya-tarafindan-kacirilmis-1.jpg 1280w, https:\/\/adanaseshaber.com.tr\/wp-content\/uploads\/2022\/08\/kim-milyoner-olmak-ister-cumali-micoogullari-anlattiklariyla-saskina-cevirdi-mafya-tarafindan-kacirilmis-1-300x169.jpg 300w, https:\/\/adanaseshaber.com.tr\/wp-content\/uploads\/2022\/08\/kim-milyoner-olmak-ister-cumali-micoogullari-anlattiklariyla-saskina-cevirdi-mafya-tarafindan-kacirilmis-1-1024x576.jpg 1024w, https:\/\/adanaseshaber.com.tr\/wp-content\/uploads\/2022\/08\/kim-milyoner-olmak-ister-cumali-micoogullari-anlattiklariyla-saskina-cevirdi-mafya-tarafindan-kacirilmis-1-768x432.jpg 768w, https:\/\/adanaseshaber.com.tr\/wp-content\/uploads\/2022\/08\/kim-milyoner-olmak-ister-cumali-micoogullari-anlattiklariyla-saskina-cevirdi-mafya-tarafindan-kacirilmis-1-390x220.jpg 390w\" sizes=\"auto, (max-width: 1280px) 100vw, 1280px\" \/><\/p>\n<p><strong>50 B\u0130N TL KAZANDI<\/strong><\/p>\n<p>Yar\u0131\u015fmada ba\u015f\u0131ndan ge\u00e7enleri anlatan ve sorular kar\u015f\u0131s\u0131nda ba\u015far\u0131l\u0131 bir performans sergileyen Cumali Mi\u00e7oo\u011fullar\u0131, 100 bin TL\u2019lik soruya kadar geldi. Bu turda \u2018\u0130talya\u2019da hangi say\u0131n\u0131n Romen rakamlar\u0131yla yaz\u0131lm\u0131\u015f halinin u\u011fursuz oldu\u011funa inan\u0131l\u0131r?\u2019 sorusu \u00fczerine uzun bir s\u00fcre d\u00fc\u015f\u00fcnen yar\u0131\u015fmac\u0131, \u00e7ekilme karar\u0131 ald\u0131 ve 50 bin TL\u2019lik \u00f6d\u00fcl\u00fcn sahibi oldu.<\/p>\n","protected":false},"excerpt":{"rendered":"<p>ATV\u2019de Kenan \u0130mirzal\u0131o\u011flu\u2019nun sunumuyla ekrana gelen Kim Milyoner Olmak \u0130ster\u2019e Cumali Mi\u00e7oo\u011flullar\u0131 adl\u0131 bir yar\u0131\u015fmac\u0131 damga vurdu. Milyoner\u2019in son b\u00f6l\u00fcm\u00fcnde anlatt\u0131\u011f\u0131 ka\u00e7\u0131r\u0131lma an\u0131s\u0131yla ba\u015fta sunucu Kenan \u0130mirzal\u0131o\u011flu olmak \u00fczere herkesi \u015fa\u015f\u0131rtan \u00e7eviren yar\u0131\u015fmac\u0131n\u0131n ba\u015f\u0131na gelenler yok art\u0131k dedirtti. Yar\u0131\u015fmaya Hatay\u2019dan kat\u0131lan Cumali, 67 farkl\u0131 \u00fclkeyi seyahat etti\u011fini s\u00f6yledi. Kim Milyoner Olmak \u0130ster yar\u0131\u015fmas\u0131 bu kez &hellip;<\/p>\n","protected":false},"author":6,"featured_media":35603,"comment_status":"closed","ping_status":"closed","sticky":false,"template":"","format":"standard","meta":{"footnotes":""},"categories":[15431],"tags":[],"class_list":["post-35602","post","type-post","status-publish","format-standard","has-post-thumbnail","hentry","category-medya"],"amp_enabled":true,"_links":{"self":[{"href":"https:\/\/adanaseshaber.com.tr\/index.php?rest_route=\/wp\/v2\/posts\/35602","targetHints":{"allow":["GET"]}}],"collection":[{"href":"https:\/\/adanaseshaber.com.tr\/index.php?rest_route=\/wp\/v2\/posts"}],"about":[{"href":"https:\/\/adanaseshaber.com.tr\/index.php?rest_route=\/wp\/v2\/types\/post"}],"author":[{"embeddable":true,"href":"https:\/\/adanaseshaber.com.tr\/index.php?rest_route=\/wp\/v2\/users\/6"}],"replies":[{"embeddable":true,"href":"https:\/\/adanaseshaber.com.tr\/index.php?rest_route=%2Fwp%2Fv2%2Fcomments&post=35602"}],"version-history":[{"count":2,"href":"https:\/\/adanaseshaber.com.tr\/index.php?rest_route=\/wp\/v2\/posts\/35602\/revisions"}],"predecessor-version":[{"id":35606,"href":"https:\/\/adanaseshaber.com.tr\/index.php?rest_route=\/wp\/v2\/posts\/35602\/revisions\/35606"}],"wp:featuredmedia":[{"embeddable":true,"href":"https:\/\/adanaseshaber.com.tr\/index.php?rest_route=\/wp\/v2\/media\/35603"}],"wp:attachment":[{"href":"https:\/\/adanaseshaber.com.tr\/index.php?rest_route=%2Fwp%2Fv2%2Fmedia&parent=35602"}],"wp:term":[{"taxonomy":"category","embeddable":true,"href":"https:\/\/adanaseshaber.com.tr\/index.php?rest_route=%2Fwp%2Fv2%2Fcategories&post=35602"},{"taxonomy":"post_tag","embeddable":true,"href":"https:\/\/adanaseshaber.com.tr\/index.php?rest_route=%2Fwp%2Fv2%2Ftags&post=35602"}],"curies":[{"name":"wp","href":"https:\/\/api.w.org\/{rel}","templated":true}]}}