{"id":35763,"date":"2022-08-21T11:37:54","date_gmt":"2022-08-21T08:37:54","guid":{"rendered":"https:\/\/www.adanaseshaber.com\/?p=35763"},"modified":"2022-08-21T11:38:28","modified_gmt":"2022-08-21T08:38:28","slug":"sislide-dugun-ihbarina-giden-bekcilere-tasli-sopali-saldiri-1-bekci-sehit-oldu","status":"publish","type":"post","link":"https:\/\/adanaseshaber.com.tr\/?p=35763","title":{"rendered":"\u015ei\u015fli\u2019de d\u00fc\u011f\u00fcn ihbar\u0131na giden bek\u00e7ilere ta\u015fl\u0131 sopal\u0131 sald\u0131r\u0131: 1 bek\u00e7i \u015fehit oldu"},"content":{"rendered":"<p>\u0130stanbul\u2019un \u015ei\u015fli il\u00e7esinde sokak ortas\u0131nda yap\u0131lan d\u00fc\u011f\u00fcn i\u00e7in ihbar alan ve b\u00f6lgeye giden mahalle bek\u00e7ileri ile d\u00fc\u011f\u00fcn sahipleri aras\u0131nda arbede \u00e7\u0131kt\u0131. Arbede s\u0131ras\u0131nda havaya s\u0131k\u0131lan biber gaz\u0131ndan etkilenen Oltan Koca isimli gece bek\u00e7isi hastaneye kald\u0131r\u0131ld\u0131. Bek\u00e7i, hastanedeki t\u00fcm m\u00fcdahalelere ra\u011fmen kurtar\u0131lamayarak \u015fehit oldu. D\u00fcn gece saatlerinde meydana gelen olay\u0131n yap\u0131lan bir d\u00fc\u011f\u00fcnle ilgili oldu\u011fu \u00f6\u011frenildi. Sokak ortas\u0131nda yap\u0131lan bir d\u00fc\u011f\u00fcn i\u00e7in ihbar alan bek\u00e7iler mahalleye sevk edildi. D\u00fc\u011f\u00fcn\u00fc sonland\u0131rmak isteyen mahalle bek\u00e7ilerine d\u00fc\u011f\u00fcn sahipleri taraf\u0131ndan sald\u0131r\u0131 ger\u00e7ekle\u015ftirildi. D\u00fc\u011f\u00fcn\u00fc sonland\u0131rmak istemeyen d\u00fc\u011f\u00fcn sahipleri bek\u00e7ilere ta\u015f ve sopalarla sald\u0131rd\u0131.<\/p>\n<p><strong>BEK\u00c7\u0130LERE TA\u015e VE SOPALARLA SALDIRDILAR<\/strong><\/p>\n<p>Olay, \u015ei\u015fli il\u00e7esi Ku\u015ftepe Mahallesi Yavruku\u015f Sokak\u2019ta saat 23.00 sular\u0131nda meydana geldi. Al\u0131nan bilgilere g\u00f6re, sokak ortas\u0131nda yap\u0131lan d\u00fc\u011f\u00fcnle ilgili ihbar a\u015fan mahalle bek\u00e7ileri b\u00f6lgeye giderek d\u00fc\u011f\u00fcn\u00fc sonland\u0131rmak istedi. Ancak d\u00fc\u011f\u00fcn sahipleri d\u00fc\u011f\u00fcn\u00fcn sonland\u0131r\u0131lmas\u0131na kar\u015f\u0131 \u00e7\u0131kt\u0131 ve bek\u00e7ilere sald\u0131rd\u0131. D\u00fc\u011f\u00fcn\u00fcn devam etmesini isteyen d\u00fc\u011f\u00fcn sahipleri bek\u00e7ilere ta\u015f, sopa ve kalaslarla sald\u0131rd\u0131. Bu s\u0131rada s\u0131rt\u0131ma ald\u0131\u011f\u0131 darbelerle yere y\u0131\u011f\u0131lan bek\u00e7i Oltan Koca, havaya s\u0131k\u0131lan biber gaz\u0131ndan da etkilenerek hastaneye kald\u0131r\u0131ld\u0131. Hastaneye kald\u0131r\u0131lan Oltan Koca\u2019n\u0131n yap\u0131lan t\u00fcm m\u00fcdahalelere ra\u011fmen kurtar\u0131lamayarak hastanede \u015fehit oldu\u011fu \u00f6\u011frenildi. \u015eehit bek\u00e7i Oltan Koca\u2019n\u0131n evli ve 3 \u00e7ocuk babas\u0131 oldu\u011fu \u00f6\u011frenildi. Sald\u0131r\u0131da 4 bek\u00e7inin ise hafif yaraland\u0131\u011f\u0131 bilgisine ula\u015f\u0131ld\u0131.<\/p>\n<p><img loading=\"lazy\" decoding=\"async\" class=\"aligncenter wp-image-35766 size-full\" src=\"https:\/\/adanaseshaber.com.tr\/wp-content\/uploads\/2022\/08\/sislide-dugun-ihbarina-giden-bekcilere-tasli-sopali-saldiri-1-bekci-sehit-oldu-1.jpg\" alt=\"\" width=\"1280\" height=\"720\" srcset=\"https:\/\/adanaseshaber.com.tr\/wp-content\/uploads\/2022\/08\/sislide-dugun-ihbarina-giden-bekcilere-tasli-sopali-saldiri-1-bekci-sehit-oldu-1.jpg 1280w, https:\/\/adanaseshaber.com.tr\/wp-content\/uploads\/2022\/08\/sislide-dugun-ihbarina-giden-bekcilere-tasli-sopali-saldiri-1-bekci-sehit-oldu-1-300x169.jpg 300w, https:\/\/adanaseshaber.com.tr\/wp-content\/uploads\/2022\/08\/sislide-dugun-ihbarina-giden-bekcilere-tasli-sopali-saldiri-1-bekci-sehit-oldu-1-1024x576.jpg 1024w, https:\/\/adanaseshaber.com.tr\/wp-content\/uploads\/2022\/08\/sislide-dugun-ihbarina-giden-bekcilere-tasli-sopali-saldiri-1-bekci-sehit-oldu-1-768x432.jpg 768w, https:\/\/adanaseshaber.com.tr\/wp-content\/uploads\/2022\/08\/sislide-dugun-ihbarina-giden-bekcilere-tasli-sopali-saldiri-1-bekci-sehit-oldu-1-390x220.jpg 390w\" sizes=\"auto, (max-width: 1280px) 100vw, 1280px\" \/><\/p>\n<p><strong>4 K\u0130\u015e\u0130 G\u00d6ZALTINA ALINDI<\/strong><\/p>\n<p>Oltan Koca\u2019n\u0131n vefat haberini alan meslekta\u015flar\u0131 ise hastaneye ak\u0131n etti. \u0130stanbul \u0130l Emniyet M\u00fcd\u00fcr\u00fc Zafer Akta\u015f\u2019\u0131n da hastaneye gelerek olay hakk\u0131nda bilgi ald\u0131\u011f\u0131 aktar\u0131ld\u0131. Olay yeri inceleme ekipleri de hastaneye gelerek incelemelerde bulundu. Bek\u00e7ilere sald\u0131rd\u0131klar\u0131 belirlenen 4 ki\u015fi g\u00f6zalt\u0131na al\u0131nd\u0131.<\/p>\n","protected":false},"excerpt":{"rendered":"<p>\u0130stanbul\u2019un \u015ei\u015fli il\u00e7esinde sokak ortas\u0131nda yap\u0131lan d\u00fc\u011f\u00fcn i\u00e7in ihbar alan ve b\u00f6lgeye giden mahalle bek\u00e7ileri ile d\u00fc\u011f\u00fcn sahipleri aras\u0131nda arbede \u00e7\u0131kt\u0131. Arbede s\u0131ras\u0131nda havaya s\u0131k\u0131lan biber gaz\u0131ndan etkilenen Oltan Koca isimli gece bek\u00e7isi hastaneye kald\u0131r\u0131ld\u0131. Bek\u00e7i, hastanedeki t\u00fcm m\u00fcdahalelere ra\u011fmen kurtar\u0131lamayarak \u015fehit oldu. D\u00fcn gece saatlerinde meydana gelen olay\u0131n yap\u0131lan bir d\u00fc\u011f\u00fcnle ilgili oldu\u011fu \u00f6\u011frenildi. &hellip;<\/p>\n","protected":false},"author":6,"featured_media":35764,"comment_status":"closed","ping_status":"closed","sticky":false,"template":"","format":"standard","meta":{"footnotes":""},"categories":[1],"tags":[],"class_list":["post-35763","post","type-post","status-publish","format-standard","has-post-thumbnail","hentry","category-genel"],"amp_enabled":true,"_links":{"self":[{"href":"https:\/\/adanaseshaber.com.tr\/index.php?rest_route=\/wp\/v2\/posts\/35763","targetHints":{"allow":["GET"]}}],"collection":[{"href":"https:\/\/adanaseshaber.com.tr\/index.php?rest_route=\/wp\/v2\/posts"}],"about":[{"href":"https:\/\/adanaseshaber.com.tr\/index.php?rest_route=\/wp\/v2\/types\/post"}],"author":[{"embeddable":true,"href":"https:\/\/adanaseshaber.com.tr\/index.php?rest_route=\/wp\/v2\/users\/6"}],"replies":[{"embeddable":true,"href":"https:\/\/adanaseshaber.com.tr\/index.php?rest_route=%2Fwp%2Fv2%2Fcomments&post=35763"}],"version-history":[{"count":2,"href":"https:\/\/adanaseshaber.com.tr\/index.php?rest_route=\/wp\/v2\/posts\/35763\/revisions"}],"predecessor-version":[{"id":35767,"href":"https:\/\/adanaseshaber.com.tr\/index.php?rest_route=\/wp\/v2\/posts\/35763\/revisions\/35767"}],"wp:featuredmedia":[{"embeddable":true,"href":"https:\/\/adanaseshaber.com.tr\/index.php?rest_route=\/wp\/v2\/media\/35764"}],"wp:attachment":[{"href":"https:\/\/adanaseshaber.com.tr\/index.php?rest_route=%2Fwp%2Fv2%2Fmedia&parent=35763"}],"wp:term":[{"taxonomy":"category","embeddable":true,"href":"https:\/\/adanaseshaber.com.tr\/index.php?rest_route=%2Fwp%2Fv2%2Fcategories&post=35763"},{"taxonomy":"post_tag","embeddable":true,"href":"https:\/\/adanaseshaber.com.tr\/index.php?rest_route=%2Fwp%2Fv2%2Ftags&post=35763"}],"curies":[{"name":"wp","href":"https:\/\/api.w.org\/{rel}","templated":true}]}}