{"id":35768,"date":"2022-08-21T12:03:46","date_gmt":"2022-08-21T09:03:46","guid":{"rendered":"https:\/\/www.adanaseshaber.com\/?p=35768"},"modified":"2022-08-21T12:03:31","modified_gmt":"2022-08-21T09:03:31","slug":"mardin-derikteki-trafik-kazasinda-1-polis-sehit-oldu","status":"publish","type":"post","link":"https:\/\/adanaseshaber.com.tr\/?p=35768","title":{"rendered":"Mardin Derik\u2019teki trafik kazas\u0131nda 1 polis \u015fehit oldu"},"content":{"rendered":"<p>T\u00fcrkiye\u2019nin y\u00fcre\u011fini yakan trafik kazalar\u0131nda \u00e7ok say\u0131da can kayb\u0131 ya\u015fand\u0131. Mardin\u2019in Derik il\u00e7esinde meydana gelen elim trafik kazas\u0131nda 1 polisimizin \u015fehit oldu\u011fu \u00f6\u011frenildi. 20 vatanda\u015f\u0131m\u0131z\u0131n hayat\u0131n\u0131 kaybetti\u011fi herkesi derinden \u00fczen trafik kazas\u0131nda 26 ki\u015fi yaralanm\u0131\u015ft\u0131. Kazada polis memuru Yahya Ergin\u2019in \u015fehit oldu\u011fu \u00f6\u011frenildi. 1 \u00e7ocuk babas\u0131 olan Ergin\u2019in 1 hafta \u00f6nce Tekirda\u011f\u2019dan Mardin\u2019in Derik il\u00e7esine tayin oldu\u011fu aktar\u0131ld\u0131. D\u00fcn ak\u015fam saatlerinde Derik il\u00e7esinde meydana gelen trafik kazas\u0131 t\u00fcm T\u00fcrkiye&#8217;yi derinden sarst\u0131. Mardin&#8217;in Derik il\u00e7esinde meydana gelen katliam gibi kazada \u00e7ok say\u0131da \u00f6l\u00fc ve yaral\u0131 oldu\u011fu \u00f6\u011frenildi. 20 ki\u015finin hayat\u0131n\u0131 kaybetti\u011fi, 26 ki\u015finin yaraland\u0131\u011f\u0131 kazada 1 polis \u015fehit oldu. B\u00f6lgede meydana gelen ilk kazaya m\u00fcdahaleye giden 33 ya\u015f\u0131ndaki polis memuru Yahya Ergin, freni bo\u015falan t\u0131r\u0131n kalabal\u0131\u011f\u0131n aras\u0131na dalmas\u0131 sonucunda \u015fehit oldu.<\/p>\n<p><strong>FREN\u0130 BO\u015eALAN TIR KALABALIN ARASINA DALDI<\/strong><\/p>\n<p>D\u00fcn T\u00fcrkiye\u2019nin y\u00fcre\u011fini yakan trafik kazas\u0131 haberleri maalesef pe\u015f pe\u015fe geldi. Gaziantep\u2019teki kazan\u0131n \u00fcz\u00fcnt\u00fcs\u00fc ya\u015fan\u0131rken bir kaza haberi de Mardin Derik\u2019ten geldi. Derik il\u00e7esindeki bir akaryak\u0131t istasyonu yak\u0131n\u0131nda meydana gelen kazada, freni bo\u015falan bir t\u0131r kalabal\u0131\u011f\u0131n aras\u0131na dald\u0131.<\/p>\n<p><img loading=\"lazy\" decoding=\"async\" class=\"aligncenter wp-image-35771 size-full\" src=\"https:\/\/adanaseshaber.com.tr\/wp-content\/uploads\/2022\/08\/mardin-derikteki-trafik-kazasinda-1-polis-sehit-oldu-2.jpg\" alt=\"\" width=\"1280\" height=\"720\" srcset=\"https:\/\/adanaseshaber.com.tr\/wp-content\/uploads\/2022\/08\/mardin-derikteki-trafik-kazasinda-1-polis-sehit-oldu-2.jpg 1280w, https:\/\/adanaseshaber.com.tr\/wp-content\/uploads\/2022\/08\/mardin-derikteki-trafik-kazasinda-1-polis-sehit-oldu-2-300x169.jpg 300w, https:\/\/adanaseshaber.com.tr\/wp-content\/uploads\/2022\/08\/mardin-derikteki-trafik-kazasinda-1-polis-sehit-oldu-2-1024x576.jpg 1024w, https:\/\/adanaseshaber.com.tr\/wp-content\/uploads\/2022\/08\/mardin-derikteki-trafik-kazasinda-1-polis-sehit-oldu-2-768x432.jpg 768w, https:\/\/adanaseshaber.com.tr\/wp-content\/uploads\/2022\/08\/mardin-derikteki-trafik-kazasinda-1-polis-sehit-oldu-2-390x220.jpg 390w\" sizes=\"auto, (max-width: 1280px) 100vw, 1280px\" \/><\/p>\n<p><strong>20 VATANDA\u015eIMIZ HAYATINI KAYBETT\u0130<\/strong><\/p>\n<p>Freni bo\u015falan t\u0131r\u0131n kalabal\u0131\u011f\u0131n aras\u0131na dalmas\u0131 sonucunda 20 ki\u015fi hayat\u0131n\u0131 kaybederken 26 ki\u015fi ise yaraland\u0131. Elim trafik kazas\u0131 sonras\u0131 Mardin\u2019e do\u011fru yola \u00e7\u0131kan \u0130\u00e7i\u015fleri Bakan\u0131 S\u00fcleyman Soylu, olay yerinde yaral\u0131lara m\u00fcdahale etmek isteyen 1 polis memurunun \u015fehit oldu\u011funu a\u00e7\u0131klad\u0131. Olayla ilgili Derik Cumhuriyet Ba\u015fsavc\u0131l\u0131\u011f\u0131 taraf\u0131ndan adli tahkikat ba\u015flat\u0131ld\u0131.<\/p>\n<p><strong>1 POL\u0130S \u015eEH\u0130T OLDU<\/strong><\/p>\n<p>Derik\u2019te meydana gelen kazaya m\u00fcdahaleye gelen ekipler ve b\u00f6lgeye toplanan kalabal\u0131\u011fa freni bo\u015falan bir t\u0131r dald\u0131. Katliam gibi kazada ilk kazaya m\u00fcdahale eden polis memuru Yahya Ergin \u015fehit oldu. 20 vatanda\u015f\u0131m\u0131z hayat\u0131n\u0131 kaybederken 26 vatanda\u015f\u0131m\u0131z yaraland\u0131. \u0130lk kazaya m\u00fcdahale s\u0131ras\u0131nda \u015fehit olan polis memuru Yahya Ergin\u2019in 1 hafta \u00f6nce Tekirda\u011f \u015eark\u00f6y\u2019den Mardin\u2019in Derik il\u00e7esinde tayin oldu\u011fu \u00f6\u011frenildi. \u00c7anakkale\u2019nin Ezine il\u00e7esinde d\u00fcnyaya gelen 1 \u00e7ocuk babas\u0131 33 ya\u015f\u0131ndaki Yahya Ergin i\u00e7in Mardin Havaliman\u0131\u2019nda t\u00f6ren d\u00fczenlendi. \u015eehit polisin cenazesi askeri u\u00e7a\u011fa konularak memleketi \u00c7anakkale\u2019ye g\u00f6nderildi.<\/p>\n<p><img loading=\"lazy\" decoding=\"async\" class=\"aligncenter wp-image-35770 size-full\" src=\"https:\/\/adanaseshaber.com.tr\/wp-content\/uploads\/2022\/08\/mardin-derikteki-trafik-kazasinda-1-polis-sehit-oldu-1.jpg\" alt=\"\" width=\"1280\" height=\"720\" srcset=\"https:\/\/adanaseshaber.com.tr\/wp-content\/uploads\/2022\/08\/mardin-derikteki-trafik-kazasinda-1-polis-sehit-oldu-1.jpg 1280w, https:\/\/adanaseshaber.com.tr\/wp-content\/uploads\/2022\/08\/mardin-derikteki-trafik-kazasinda-1-polis-sehit-oldu-1-300x169.jpg 300w, https:\/\/adanaseshaber.com.tr\/wp-content\/uploads\/2022\/08\/mardin-derikteki-trafik-kazasinda-1-polis-sehit-oldu-1-1024x576.jpg 1024w, https:\/\/adanaseshaber.com.tr\/wp-content\/uploads\/2022\/08\/mardin-derikteki-trafik-kazasinda-1-polis-sehit-oldu-1-768x432.jpg 768w, https:\/\/adanaseshaber.com.tr\/wp-content\/uploads\/2022\/08\/mardin-derikteki-trafik-kazasinda-1-polis-sehit-oldu-1-390x220.jpg 390w\" sizes=\"auto, (max-width: 1280px) 100vw, 1280px\" \/><\/p>\n<p><strong>3 K\u0130\u015e\u0130 TOPRA\u011eA VER\u0130LD\u0130<\/strong><\/p>\n<p>Freni bo\u015falan t\u0131r\u0131n kalabal\u0131\u011fa dalmas\u0131 sonucunda hayat\u0131n\u0131 kaybeden 20 ki\u015fiden 40 ya\u015f\u0131ndaki \u0130sa Ayebe, 40 ya\u015f\u0131ndaki \u0130rfan Akta\u015f ve 75 ya\u015f\u0131ndaki \u0130brahim Has, \u0130\u00e7i\u015fleri Bakan\u0131 S\u00fcleyman Soylu, Vali Mahmut Demirta\u015f, Emniyet Genel M\u00fcd\u00fcr\u00fc Mehmet Akta\u015f ve Kaymakam Evren \u00c7ak\u0131r\u2019\u0131n da kat\u0131ld\u0131\u011f\u0131 cenaze t\u00f6reninin ard\u0131ndan Derik \u0130l\u00e7e Mezarl\u0131\u011f\u0131\u2019nda topra\u011fa verildi.<\/p>\n","protected":false},"excerpt":{"rendered":"<p>T\u00fcrkiye\u2019nin y\u00fcre\u011fini yakan trafik kazalar\u0131nda \u00e7ok say\u0131da can kayb\u0131 ya\u015fand\u0131. Mardin\u2019in Derik il\u00e7esinde meydana gelen elim trafik kazas\u0131nda 1 polisimizin \u015fehit oldu\u011fu \u00f6\u011frenildi. 20 vatanda\u015f\u0131m\u0131z\u0131n hayat\u0131n\u0131 kaybetti\u011fi herkesi derinden \u00fczen trafik kazas\u0131nda 26 ki\u015fi yaralanm\u0131\u015ft\u0131. Kazada polis memuru Yahya Ergin\u2019in \u015fehit oldu\u011fu \u00f6\u011frenildi. 1 \u00e7ocuk babas\u0131 olan Ergin\u2019in 1 hafta \u00f6nce Tekirda\u011f\u2019dan Mardin\u2019in Derik il\u00e7esine &hellip;<\/p>\n","protected":false},"author":6,"featured_media":35769,"comment_status":"closed","ping_status":"closed","sticky":false,"template":"","format":"standard","meta":{"footnotes":""},"categories":[1],"tags":[],"class_list":["post-35768","post","type-post","status-publish","format-standard","has-post-thumbnail","hentry","category-genel"],"amp_enabled":true,"_links":{"self":[{"href":"https:\/\/adanaseshaber.com.tr\/index.php?rest_route=\/wp\/v2\/posts\/35768","targetHints":{"allow":["GET"]}}],"collection":[{"href":"https:\/\/adanaseshaber.com.tr\/index.php?rest_route=\/wp\/v2\/posts"}],"about":[{"href":"https:\/\/adanaseshaber.com.tr\/index.php?rest_route=\/wp\/v2\/types\/post"}],"author":[{"embeddable":true,"href":"https:\/\/adanaseshaber.com.tr\/index.php?rest_route=\/wp\/v2\/users\/6"}],"replies":[{"embeddable":true,"href":"https:\/\/adanaseshaber.com.tr\/index.php?rest_route=%2Fwp%2Fv2%2Fcomments&post=35768"}],"version-history":[{"count":2,"href":"https:\/\/adanaseshaber.com.tr\/index.php?rest_route=\/wp\/v2\/posts\/35768\/revisions"}],"predecessor-version":[{"id":35773,"href":"https:\/\/adanaseshaber.com.tr\/index.php?rest_route=\/wp\/v2\/posts\/35768\/revisions\/35773"}],"wp:featuredmedia":[{"embeddable":true,"href":"https:\/\/adanaseshaber.com.tr\/index.php?rest_route=\/wp\/v2\/media\/35769"}],"wp:attachment":[{"href":"https:\/\/adanaseshaber.com.tr\/index.php?rest_route=%2Fwp%2Fv2%2Fmedia&parent=35768"}],"wp:term":[{"taxonomy":"category","embeddable":true,"href":"https:\/\/adanaseshaber.com.tr\/index.php?rest_route=%2Fwp%2Fv2%2Fcategories&post=35768"},{"taxonomy":"post_tag","embeddable":true,"href":"https:\/\/adanaseshaber.com.tr\/index.php?rest_route=%2Fwp%2Fv2%2Ftags&post=35768"}],"curies":[{"name":"wp","href":"https:\/\/api.w.org\/{rel}","templated":true}]}}