{"id":35774,"date":"2022-08-21T12:16:03","date_gmt":"2022-08-21T09:16:03","guid":{"rendered":"https:\/\/www.adanaseshaber.com\/?p=35774"},"modified":"2022-08-21T14:17:44","modified_gmt":"2022-08-21T11:17:44","slug":"muge-anlidan-seyirciyi-uzen-haber-29-agustosta-baslamasi-bekleniyordu-muge-anlinin-programi-yayindan-mi-kaldirildi","status":"publish","type":"post","link":"https:\/\/adanaseshaber.com.tr\/?p=35774","title":{"rendered":"M\u00fcge Anl\u0131\u2019dan seyirciyi \u00fczen haber! 29 A\u011fustos\u2019ta ba\u015flamas\u0131 bekleniyordu, M\u00fcge Anl\u0131\u2019n\u0131n program\u0131 yay\u0131ndan m\u0131 kald\u0131r\u0131ld\u0131?"},"content":{"rendered":"<p>ATV ekranlar\u0131n\u0131n sevilen g\u00fcnd\u00fcz ku\u015fa\u011f\u0131 program\u0131 M\u00fcge Anl\u0131 ile Tatl\u0131 Set\u2019in yeni sezonu b\u00fcy\u00fck bir heyecan ve merakla bekleniyor. Ge\u00e7ti\u011fimiz aylarda sezon finali yaparak ekrana k\u0131sa bir ara veren M\u00fcge Anl\u0131\u2019n\u0131n yeni sezonunun 29 A\u011fustos 2022 Pazartesi g\u00fcn\u00fc ekranda olaca\u011f\u0131 a\u00e7\u0131klanm\u0131\u015ft\u0131. Ancak son yap\u0131lan a\u00e7\u0131klama ile M\u00fcge Anl\u0131 hayranlar\u0131 bir hayli \u00fcz\u00fcld\u00fc. Ekranlar\u0131n en \u00e7ok izlenen programlar\u0131ndan biri olan M\u00fcge Anl\u0131 ile Tatl\u0131 Sert\u2019in yeni sezonu i\u00e7in nefesler tutuldu. Program\u0131n yeni sezonunu merakla bekleyen izleyiciler 29 A\u011fustos tarihini beklemeye ba\u015flarken sevilen programla ilgili izleyiciyi \u00fczen bir geli\u015fme ya\u015fand\u0131. 29 A\u011fustos tarihinde ba\u015flayaca\u011f\u0131 a\u00e7\u0131klanan program\u0131n yay\u0131n tarihi ertelendi.<\/p>\n<p><strong>YEN\u0130 SEZON \u0130\u00c7\u0130N HEYECAN DORUKTA<\/strong><\/p>\n<p>M\u00fcge Anl\u0131 ile Tatl\u0131 Sert\u2019in yeni sezon yay\u0131n tarihi i\u00e7in heyecan dorukta. Uzun y\u0131llard\u0131r ekranlarda olan sevilen g\u00fcnd\u00fcz ku\u015fa\u011f\u0131 program\u0131n\u0131n yeni sezonu izleyici taraf\u0131ndan b\u00fcy\u00fck bir heyecan ve merakla bekleniyor. M\u00fcge Anl\u0131 ile Tatl\u0131 Sert\u2019in yeni sezonunun 29 A\u011fustos 2022 Pazartesi g\u00fcn\u00fc ba\u015flayaca\u011f\u0131 a\u00e7\u0131klanm\u0131\u015ft\u0131. Ancak programla ilgili bir son dakika geli\u015fmesi ya\u015fand\u0131.<\/p>\n<p><img loading=\"lazy\" decoding=\"async\" class=\"aligncenter wp-image-35777 size-full\" src=\"https:\/\/adanaseshaber.com.tr\/wp-content\/uploads\/2022\/08\/muge-anlidan-seyirciyi-uzen-haber-29-agustosta-baslamasi-bekleniyordu-muge-anlinin-programi-yayindan-mi-kaldirildi-1.jpg\" alt=\"\" width=\"1280\" height=\"720\" srcset=\"https:\/\/adanaseshaber.com.tr\/wp-content\/uploads\/2022\/08\/muge-anlidan-seyirciyi-uzen-haber-29-agustosta-baslamasi-bekleniyordu-muge-anlinin-programi-yayindan-mi-kaldirildi-1.jpg 1280w, https:\/\/adanaseshaber.com.tr\/wp-content\/uploads\/2022\/08\/muge-anlidan-seyirciyi-uzen-haber-29-agustosta-baslamasi-bekleniyordu-muge-anlinin-programi-yayindan-mi-kaldirildi-1-300x169.jpg 300w, https:\/\/adanaseshaber.com.tr\/wp-content\/uploads\/2022\/08\/muge-anlidan-seyirciyi-uzen-haber-29-agustosta-baslamasi-bekleniyordu-muge-anlinin-programi-yayindan-mi-kaldirildi-1-1024x576.jpg 1024w, https:\/\/adanaseshaber.com.tr\/wp-content\/uploads\/2022\/08\/muge-anlidan-seyirciyi-uzen-haber-29-agustosta-baslamasi-bekleniyordu-muge-anlinin-programi-yayindan-mi-kaldirildi-1-768x432.jpg 768w, https:\/\/adanaseshaber.com.tr\/wp-content\/uploads\/2022\/08\/muge-anlidan-seyirciyi-uzen-haber-29-agustosta-baslamasi-bekleniyordu-muge-anlinin-programi-yayindan-mi-kaldirildi-1-390x220.jpg 390w\" sizes=\"auto, (max-width: 1280px) 100vw, 1280px\" \/><\/p>\n<p><strong>YAYIN TAR\u0130H\u0130 EYL\u00dcL\u2019E ERTELEND\u0130<\/strong><\/p>\n<p>Normal \u015fartlarda 29 A\u011fustos tarihinde yeni sezonun ilk b\u00f6l\u00fcm\u00fcyle ekrana gelmesi beklenen M\u00fcge Anl\u0131 ile Tatl\u0131 Sert program\u0131n\u0131n yay\u0131n tarihi ertelendi. Program\u0131n ya\u015fanan aksakl\u0131klardan dolay\u0131 ertelendi\u011fi iddia edildi. St\u00fcdyoda ya\u015fanan teknik problemlerden dolay\u0131 ertelenen program\u0131n 5 Eyl\u00fcl 2022 tarihinde ekrana gelmesi bekleniyor. Ancak konuyla ilgili hen\u00fcz ATV\u2019den resmi bir a\u00e7\u0131klama gelmedi.<\/p>\n<p><strong>\u0130DD\u0130ALAR ASILSIZ \u00c7IKTI<\/strong><\/p>\n<p>Yay\u0131n tarihinin ertelendi\u011fi iddialar\u0131n\u0131n ard\u0131ndan M\u00fcge Anl\u0131 ile Tatl\u0131 Sert izleyicisi b\u00fcy\u00fck bir \u00fcz\u00fcnt\u00fc ya\u015fam\u0131\u015ft\u0131. Program\u0131n st\u00fcdyoda ya\u015fanan teknik problemlerden dolay\u0131 5 Eyl\u00fcl tarihine ertelendi\u011fi iddialar\u0131 as\u0131ls\u0131z \u00e7\u0131kt\u0131. M\u00fcge Anl\u0131 ile Tatl\u0131 Sert, 29 A\u011fustos 2022 Pazartesi g\u00fcn\u00fc yeni sezonun ilk b\u00f6l\u00fcm\u00fcyle ekranda olacak.<\/p>\n<p>&nbsp;<\/p>\n","protected":false},"excerpt":{"rendered":"<p>ATV ekranlar\u0131n\u0131n sevilen g\u00fcnd\u00fcz ku\u015fa\u011f\u0131 program\u0131 M\u00fcge Anl\u0131 ile Tatl\u0131 Set\u2019in yeni sezonu b\u00fcy\u00fck bir heyecan ve merakla bekleniyor. Ge\u00e7ti\u011fimiz aylarda sezon finali yaparak ekrana k\u0131sa bir ara veren M\u00fcge Anl\u0131\u2019n\u0131n yeni sezonunun 29 A\u011fustos 2022 Pazartesi g\u00fcn\u00fc ekranda olaca\u011f\u0131 a\u00e7\u0131klanm\u0131\u015ft\u0131. Ancak son yap\u0131lan a\u00e7\u0131klama ile M\u00fcge Anl\u0131 hayranlar\u0131 bir hayli \u00fcz\u00fcld\u00fc. Ekranlar\u0131n en \u00e7ok &hellip;<\/p>\n","protected":false},"author":6,"featured_media":35776,"comment_status":"closed","ping_status":"closed","sticky":false,"template":"","format":"standard","meta":{"footnotes":""},"categories":[15431],"tags":[],"class_list":["post-35774","post","type-post","status-publish","format-standard","has-post-thumbnail","hentry","category-medya"],"amp_enabled":true,"_links":{"self":[{"href":"https:\/\/adanaseshaber.com.tr\/index.php?rest_route=\/wp\/v2\/posts\/35774","targetHints":{"allow":["GET"]}}],"collection":[{"href":"https:\/\/adanaseshaber.com.tr\/index.php?rest_route=\/wp\/v2\/posts"}],"about":[{"href":"https:\/\/adanaseshaber.com.tr\/index.php?rest_route=\/wp\/v2\/types\/post"}],"author":[{"embeddable":true,"href":"https:\/\/adanaseshaber.com.tr\/index.php?rest_route=\/wp\/v2\/users\/6"}],"replies":[{"embeddable":true,"href":"https:\/\/adanaseshaber.com.tr\/index.php?rest_route=%2Fwp%2Fv2%2Fcomments&post=35774"}],"version-history":[{"count":4,"href":"https:\/\/adanaseshaber.com.tr\/index.php?rest_route=\/wp\/v2\/posts\/35774\/revisions"}],"predecessor-version":[{"id":35794,"href":"https:\/\/adanaseshaber.com.tr\/index.php?rest_route=\/wp\/v2\/posts\/35774\/revisions\/35794"}],"wp:featuredmedia":[{"embeddable":true,"href":"https:\/\/adanaseshaber.com.tr\/index.php?rest_route=\/wp\/v2\/media\/35776"}],"wp:attachment":[{"href":"https:\/\/adanaseshaber.com.tr\/index.php?rest_route=%2Fwp%2Fv2%2Fmedia&parent=35774"}],"wp:term":[{"taxonomy":"category","embeddable":true,"href":"https:\/\/adanaseshaber.com.tr\/index.php?rest_route=%2Fwp%2Fv2%2Fcategories&post=35774"},{"taxonomy":"post_tag","embeddable":true,"href":"https:\/\/adanaseshaber.com.tr\/index.php?rest_route=%2Fwp%2Fv2%2Ftags&post=35774"}],"curies":[{"name":"wp","href":"https:\/\/api.w.org\/{rel}","templated":true}]}}