{"id":35795,"date":"2022-08-21T14:34:08","date_gmt":"2022-08-21T11:34:08","guid":{"rendered":"https:\/\/www.adanaseshaber.com\/?p=35795"},"modified":"2022-08-21T14:35:09","modified_gmt":"2022-08-21T11:35:09","slug":"iskenderun-primemall-avmde-dusen-kadin-kurtarilamadi","status":"publish","type":"post","link":"https:\/\/adanaseshaber.com.tr\/?p=35795","title":{"rendered":"\u0130skenderun Primemall AVM\u2019de d\u00fc\u015fen kad\u0131n kurtar\u0131lamad\u0131"},"content":{"rendered":"<p>\u0130skenderun\u2019da Primemall AVM\u2019de d\u00fc\u015fen kad\u0131n a\u011f\u0131r yaralanm\u0131\u015ft\u0131. Sa\u011fl\u0131k durumu merak edilen talihsiz kad\u0131ndan maalesef ac\u0131 haber geldi. \u0130ntihar m\u0131 yoksa d\u00fc\u015fme olay\u0131 m\u0131 oldu\u011fu hen\u00fcz net olarak belirlenemezken olay an\u0131nda orada bulunan bir doktorun kad\u0131n\u0131 hayata d\u00f6nd\u00fcrmek i\u00e7in verdi\u011fi m\u00fccadele yetersiz kald\u0131 ve kafatas\u0131nda \u00e7atlak olu\u015ftu\u011fu \u00f6\u011frenilen kad\u0131n\u0131n olay yerinde hayat\u0131n\u0131 kaybetti\u011fi a\u00e7\u0131kland\u0131. Primemall AVM\u2019de bir kad\u0131n\u0131n \u00fcst kattan zemine d\u00fc\u015ft\u00fc\u011f\u00fc g\u00f6r\u00fcld\u00fc. \u0130ntihar olay\u0131 m\u0131 yoksa d\u00fc\u015fme olay\u0131 m\u0131 oldu\u011fu hen\u00fcz bilinmeyen olayda maalesef kad\u0131ndan ac\u0131 haber geldi. \u00dcst kattan zemin kata d\u00fc\u015fen kad\u0131n\u0131n a\u011f\u0131r yaraland\u0131\u011f\u0131 aktar\u0131l\u0131rken kafatas\u0131nda \u00e7atlak olu\u015ftu\u011fu belirtilen kad\u0131n\u0131n hayat\u0131n\u0131 kaybetti\u011fi \u00f6\u011frenildi.<\/p>\n<p><strong>\u00dcST KATTAN ZEM\u0130NE D\u00dc\u015eT\u00dc<\/strong><\/p>\n<p>Olay, Hata \u0130skenderun\u2019da Primemall AVM i\u00e7erisinde meydana geldi. Al\u0131nan bilgilere g\u00f6re bir kad\u0131n \u00fcst kattan AVM\u2019nin zemin kat\u0131na d\u00fc\u015ft\u00fc. Olay an\u0131nda \u00e7evredeki vatanda\u015flar\u0131n b\u00fcy\u00fck korku ve panik ya\u015fad\u0131\u011f\u0131 \u00f6\u011frenildi. B\u00fcy\u00fck bir \u015fok ya\u015fayan vatanda\u015flar d\u00fc\u015fen kad\u0131na yard\u0131m etmek i\u00e7in ba\u015f\u0131na topland\u0131. O s\u0131rada olay yerinde bulunan bir doktor talihsiz kad\u0131n\u0131 hayata d\u00f6nd\u00fcrmek i\u00e7in b\u00fcy\u00fck m\u00fccadele verdi.<\/p>\n<p><img loading=\"lazy\" decoding=\"async\" class=\"aligncenter wp-image-35797 size-full\" src=\"https:\/\/adanaseshaber.com.tr\/wp-content\/uploads\/2022\/08\/iskenderun-primemall-avmde-dusen-kadin-kurtarilamadi-1.jpeg\" alt=\"\" width=\"1280\" height=\"720\" srcset=\"https:\/\/adanaseshaber.com.tr\/wp-content\/uploads\/2022\/08\/iskenderun-primemall-avmde-dusen-kadin-kurtarilamadi-1.jpeg 1280w, https:\/\/adanaseshaber.com.tr\/wp-content\/uploads\/2022\/08\/iskenderun-primemall-avmde-dusen-kadin-kurtarilamadi-1-300x169.jpeg 300w, https:\/\/adanaseshaber.com.tr\/wp-content\/uploads\/2022\/08\/iskenderun-primemall-avmde-dusen-kadin-kurtarilamadi-1-1024x576.jpeg 1024w, https:\/\/adanaseshaber.com.tr\/wp-content\/uploads\/2022\/08\/iskenderun-primemall-avmde-dusen-kadin-kurtarilamadi-1-768x432.jpeg 768w, https:\/\/adanaseshaber.com.tr\/wp-content\/uploads\/2022\/08\/iskenderun-primemall-avmde-dusen-kadin-kurtarilamadi-1-390x220.jpeg 390w\" sizes=\"auto, (max-width: 1280px) 100vw, 1280px\" \/><\/p>\n<p><strong>HAYATINI KAYBETT\u0130<\/strong><\/p>\n<p>\u0130ntihar m\u0131 yoksa d\u00fc\u015fme olay\u0131 m\u0131 oldu\u011fu hen\u00fcz net olarak bilinmeyen olayla ilgili ara\u015ft\u0131rmalar s\u00fcrerken AVM\u2019nin \u00fcst kat\u0131ndan zemin kata d\u00fc\u015fen, kafatas\u0131nda \u00e7atlak olu\u015ftu\u011fu ve a\u011f\u0131r yaraland\u0131\u011f\u0131 \u00f6\u011frenilen kad\u0131n\u0131n olay yerinde hayat\u0131n\u0131 kaybetti\u011fi bilgisine ula\u015f\u0131ld\u0131. Olayla ilgili incelemenin devam etti\u011fi \u00f6\u011frenildi.<\/p>\n","protected":false},"excerpt":{"rendered":"<p>\u0130skenderun\u2019da Primemall AVM\u2019de d\u00fc\u015fen kad\u0131n a\u011f\u0131r yaralanm\u0131\u015ft\u0131. Sa\u011fl\u0131k durumu merak edilen talihsiz kad\u0131ndan maalesef ac\u0131 haber geldi. \u0130ntihar m\u0131 yoksa d\u00fc\u015fme olay\u0131 m\u0131 oldu\u011fu hen\u00fcz net olarak belirlenemezken olay an\u0131nda orada bulunan bir doktorun kad\u0131n\u0131 hayata d\u00f6nd\u00fcrmek i\u00e7in verdi\u011fi m\u00fccadele yetersiz kald\u0131 ve kafatas\u0131nda \u00e7atlak olu\u015ftu\u011fu \u00f6\u011frenilen kad\u0131n\u0131n olay yerinde hayat\u0131n\u0131 kaybetti\u011fi a\u00e7\u0131kland\u0131. Primemall AVM\u2019de &hellip;<\/p>\n","protected":false},"author":6,"featured_media":35796,"comment_status":"closed","ping_status":"closed","sticky":false,"template":"","format":"standard","meta":{"footnotes":""},"categories":[1],"tags":[],"class_list":["post-35795","post","type-post","status-publish","format-standard","has-post-thumbnail","hentry","category-genel"],"amp_enabled":true,"_links":{"self":[{"href":"https:\/\/adanaseshaber.com.tr\/index.php?rest_route=\/wp\/v2\/posts\/35795","targetHints":{"allow":["GET"]}}],"collection":[{"href":"https:\/\/adanaseshaber.com.tr\/index.php?rest_route=\/wp\/v2\/posts"}],"about":[{"href":"https:\/\/adanaseshaber.com.tr\/index.php?rest_route=\/wp\/v2\/types\/post"}],"author":[{"embeddable":true,"href":"https:\/\/adanaseshaber.com.tr\/index.php?rest_route=\/wp\/v2\/users\/6"}],"replies":[{"embeddable":true,"href":"https:\/\/adanaseshaber.com.tr\/index.php?rest_route=%2Fwp%2Fv2%2Fcomments&post=35795"}],"version-history":[{"count":2,"href":"https:\/\/adanaseshaber.com.tr\/index.php?rest_route=\/wp\/v2\/posts\/35795\/revisions"}],"predecessor-version":[{"id":35799,"href":"https:\/\/adanaseshaber.com.tr\/index.php?rest_route=\/wp\/v2\/posts\/35795\/revisions\/35799"}],"wp:featuredmedia":[{"embeddable":true,"href":"https:\/\/adanaseshaber.com.tr\/index.php?rest_route=\/wp\/v2\/media\/35796"}],"wp:attachment":[{"href":"https:\/\/adanaseshaber.com.tr\/index.php?rest_route=%2Fwp%2Fv2%2Fmedia&parent=35795"}],"wp:term":[{"taxonomy":"category","embeddable":true,"href":"https:\/\/adanaseshaber.com.tr\/index.php?rest_route=%2Fwp%2Fv2%2Fcategories&post=35795"},{"taxonomy":"post_tag","embeddable":true,"href":"https:\/\/adanaseshaber.com.tr\/index.php?rest_route=%2Fwp%2Fv2%2Ftags&post=35795"}],"curies":[{"name":"wp","href":"https:\/\/api.w.org\/{rel}","templated":true}]}}