{"id":35800,"date":"2022-08-21T14:57:07","date_gmt":"2022-08-21T11:57:07","guid":{"rendered":"https:\/\/www.adanaseshaber.com\/?p=35800"},"modified":"2022-08-21T14:57:13","modified_gmt":"2022-08-21T11:57:13","slug":"basibos-kopek-haritasi-nedir-kopek-uygulamasi-nedir-havrita-kapatiliyor-mu","status":"publish","type":"post","link":"https:\/\/adanaseshaber.com.tr\/?p=35800","title":{"rendered":"Ba\u015f\u0131bo\u015f K\u00f6pek Haritas\u0131 nedir? K\u00f6pek uygulamas\u0131 nedir? Havrita kapat\u0131l\u0131yor mu?"},"content":{"rendered":"<p>Sosyal medyada g\u00fcnlerdir tart\u0131\u015fma konusu olan ve sosyal medya kullan\u0131c\u0131lar\u0131n\u0131n tepkisi \u00e7eken \u2018\u2018Havrita\u2019da i\u015faretlenen sokak k\u00f6pekleri \u00f6ld\u00fcr\u00fcl\u00fcyor\u2019\u2019 tart\u0131\u015fmas\u0131 g\u00fcn ge\u00e7tik\u00e7e daha da b\u00fcy\u00fcyor. S\u00f6z konusu iddian\u0131n ard\u0131ndan hayvanseverler aya\u011fa kalkarken sosyal medyada bu iddialara \u00e7ok say\u0131da tepki geldi. Ba\u015f\u0131bo\u015f K\u00f6pek Haritas\u0131 Havrita\u2019n\u0131n k\u00f6peklerin zehirlenmesinde etkili oldu\u011fu ve k\u00f6pekleri hedef g\u00f6sterdi\u011fi iddia edilirken s\u00f6z konusu uygulaman\u0131n kapat\u0131lmas\u0131 talep edildi. Hayvanseverler, g\u00fcnlerdir sosyal medyan\u0131n g\u00fcndeminde yer alan Havrita olay\u0131na tepki g\u00f6steriyor. K\u00f6peklerin zehirlenmesinde b\u00fcy\u00fck etkisi oldu\u011fu ve k\u00f6pekleri do\u011frudan hedef g\u00f6sterdi\u011fi iddia edilen bu uygulaman\u0131n kapat\u0131lmas\u0131 isteniyor. Peki, Ba\u015f\u0131bo\u015f K\u00f6pek Haritas\u0131 nedir? Havrita uygulamas\u0131 nedir? Havrita kapat\u0131l\u0131yor mu? \u0130\u015fte t\u00fcm merak edilenler\u2026<\/p>\n<p><strong>HAVR\u0130TA\u2019YA TEPK\u0130LER \u00c7I\u011e G\u0130B\u0130 B\u00dcY\u00dcYOR<\/strong><\/p>\n<p>Ba\u015f\u0131bo\u015f K\u00f6pek Haritas\u0131 (Havrita), k\u00f6peklerin zehirlenmesinde etkili oldu\u011fu iddias\u0131yla tepki toplad\u0131. Sosyal medyan\u0131n g\u00fcndemine oturan Havrita uygulamas\u0131na tepkiler \u00e7\u0131\u011f gibi b\u00fcy\u00fcyor. \u2018\u2019Havrita\u2019da i\u015faretlenen sokak k\u00f6pekleri \u00f6ld\u00fcr\u00fcl\u00fcyor\u2019\u2019 iddias\u0131n\u0131n ard\u0131ndan hayvanseverler aya\u011fa kalkt\u0131. Bu iddialar\u0131n ard\u0131ndan hayvanseverler havrita uygulamas\u0131n\u0131n kapat\u0131lmas\u0131n\u0131 talep etti. T\u00fcm bu iddialar sonras\u0131nda \u00e7ok say\u0131da ki\u015fi de uygulama ile ilgili detaylar\u0131 ara\u015ft\u0131rmaya ba\u015flad\u0131.<\/p>\n<p><img loading=\"lazy\" decoding=\"async\" class=\"aligncenter wp-image-35802 size-full\" src=\"https:\/\/adanaseshaber.com.tr\/wp-content\/uploads\/2022\/08\/basibos-kopek-haritasi-nedir-kopek-uygulamasi-nedir-havrita-kapatiliyor-mu-1.jpg\" alt=\"\" width=\"1280\" height=\"720\" srcset=\"https:\/\/adanaseshaber.com.tr\/wp-content\/uploads\/2022\/08\/basibos-kopek-haritasi-nedir-kopek-uygulamasi-nedir-havrita-kapatiliyor-mu-1.jpg 1280w, https:\/\/adanaseshaber.com.tr\/wp-content\/uploads\/2022\/08\/basibos-kopek-haritasi-nedir-kopek-uygulamasi-nedir-havrita-kapatiliyor-mu-1-300x169.jpg 300w, https:\/\/adanaseshaber.com.tr\/wp-content\/uploads\/2022\/08\/basibos-kopek-haritasi-nedir-kopek-uygulamasi-nedir-havrita-kapatiliyor-mu-1-1024x576.jpg 1024w, https:\/\/adanaseshaber.com.tr\/wp-content\/uploads\/2022\/08\/basibos-kopek-haritasi-nedir-kopek-uygulamasi-nedir-havrita-kapatiliyor-mu-1-768x432.jpg 768w, https:\/\/adanaseshaber.com.tr\/wp-content\/uploads\/2022\/08\/basibos-kopek-haritasi-nedir-kopek-uygulamasi-nedir-havrita-kapatiliyor-mu-1-390x220.jpg 390w\" sizes=\"auto, (max-width: 1280px) 100vw, 1280px\" \/><\/p>\n<p><strong>HAVR\u0130TA\u2019DAN A\u00c7IKLAMA<\/strong><\/p>\n<p>Sosyal medyay\u0131 aya\u011fa kald\u0131ran k\u00f6peklerin \u00f6ld\u00fcr\u00fcld\u00fc\u011f\u00fcne dair iddialar\u0131n ard\u0131ndan Ba\u015f\u0131bo\u015f K\u00f6pek Haritas\u0131 (Havrita&#8217;n\u0131n s\u00f6zc\u00fcs\u00fc Avukat Devrim Ko\u00e7ak\u2019tan a\u00e7\u0131klama geldi. Havrita\u2019n\u0131n \u2018\u2019Burada k\u00f6pekler g\u00f6sterilmi\u015f gidin zarar verin\u2019\u2019 gibi bir \u00e7a\u011fr\u0131s\u0131 ve misyonu olmad\u0131\u011f\u0131n\u0131 s\u00f6yleyen Avukat Devrim Ko\u00e7ak, \u2018\u2019Bir m\u00fcptezel k\u00f6pe\u011fe k\u00f6t\u00fcl\u00fck yapmak istiyorsa haritadan bakay\u0131m demez. \u0130ki g\u00fcnl\u00fck lin\u00e7 kampanyas\u0131ndan sonra uygulama giri\u015flerinde art\u0131\u015flar oldu. 1 saat \u00f6ncesinde 3 bin 542 giri\u015f yap\u0131ld\u0131.\u2019\u2019 ifadelerine yer verdi.<\/p>\n<p><strong>HAVR\u0130TA UYGULAMASI NED\u0130R?<\/strong><\/p>\n<p>Sokak k\u00f6peklerinin yerlerinin tespiti i\u00e7in kullan\u0131lmakta olan Ba\u015f\u0131bo\u015f K\u00f6pek Haritas\u0131 (Havrita), Ba\u015f\u0131bo\u015f K\u00f6pek Sorunu Platformu taraf\u0131ndan kuruldu. Havrita, sokakta ya\u015fayan k\u00f6peklerin yerlerini tek tek g\u00f6steren bir uygulama.<\/p>\n","protected":false},"excerpt":{"rendered":"<p>Sosyal medyada g\u00fcnlerdir tart\u0131\u015fma konusu olan ve sosyal medya kullan\u0131c\u0131lar\u0131n\u0131n tepkisi \u00e7eken \u2018\u2018Havrita\u2019da i\u015faretlenen sokak k\u00f6pekleri \u00f6ld\u00fcr\u00fcl\u00fcyor\u2019\u2019 tart\u0131\u015fmas\u0131 g\u00fcn ge\u00e7tik\u00e7e daha da b\u00fcy\u00fcyor. S\u00f6z konusu iddian\u0131n ard\u0131ndan hayvanseverler aya\u011fa kalkarken sosyal medyada bu iddialara \u00e7ok say\u0131da tepki geldi. Ba\u015f\u0131bo\u015f K\u00f6pek Haritas\u0131 Havrita\u2019n\u0131n k\u00f6peklerin zehirlenmesinde etkili oldu\u011fu ve k\u00f6pekleri hedef g\u00f6sterdi\u011fi iddia edilirken s\u00f6z konusu uygulaman\u0131n &hellip;<\/p>\n","protected":false},"author":6,"featured_media":35801,"comment_status":"closed","ping_status":"closed","sticky":false,"template":"","format":"standard","meta":{"footnotes":""},"categories":[1],"tags":[],"class_list":["post-35800","post","type-post","status-publish","format-standard","has-post-thumbnail","hentry","category-genel"],"amp_enabled":true,"_links":{"self":[{"href":"https:\/\/adanaseshaber.com.tr\/index.php?rest_route=\/wp\/v2\/posts\/35800","targetHints":{"allow":["GET"]}}],"collection":[{"href":"https:\/\/adanaseshaber.com.tr\/index.php?rest_route=\/wp\/v2\/posts"}],"about":[{"href":"https:\/\/adanaseshaber.com.tr\/index.php?rest_route=\/wp\/v2\/types\/post"}],"author":[{"embeddable":true,"href":"https:\/\/adanaseshaber.com.tr\/index.php?rest_route=\/wp\/v2\/users\/6"}],"replies":[{"embeddable":true,"href":"https:\/\/adanaseshaber.com.tr\/index.php?rest_route=%2Fwp%2Fv2%2Fcomments&post=35800"}],"version-history":[{"count":2,"href":"https:\/\/adanaseshaber.com.tr\/index.php?rest_route=\/wp\/v2\/posts\/35800\/revisions"}],"predecessor-version":[{"id":35804,"href":"https:\/\/adanaseshaber.com.tr\/index.php?rest_route=\/wp\/v2\/posts\/35800\/revisions\/35804"}],"wp:featuredmedia":[{"embeddable":true,"href":"https:\/\/adanaseshaber.com.tr\/index.php?rest_route=\/wp\/v2\/media\/35801"}],"wp:attachment":[{"href":"https:\/\/adanaseshaber.com.tr\/index.php?rest_route=%2Fwp%2Fv2%2Fmedia&parent=35800"}],"wp:term":[{"taxonomy":"category","embeddable":true,"href":"https:\/\/adanaseshaber.com.tr\/index.php?rest_route=%2Fwp%2Fv2%2Fcategories&post=35800"},{"taxonomy":"post_tag","embeddable":true,"href":"https:\/\/adanaseshaber.com.tr\/index.php?rest_route=%2Fwp%2Fv2%2Ftags&post=35800"}],"curies":[{"name":"wp","href":"https:\/\/api.w.org\/{rel}","templated":true}]}}