{"id":35806,"date":"2022-08-21T15:18:30","date_gmt":"2022-08-21T12:18:30","guid":{"rendered":"https:\/\/www.adanaseshaber.com\/?p=35806"},"modified":"2022-08-21T15:19:03","modified_gmt":"2022-08-21T12:19:03","slug":"gaziantepte-kaza-yapan-otobus-soforunun-ilk-ifadesi-ortaya-cikti-ambulans-itfaiye-ve-canli-yayin-aracina-carpmisti","status":"publish","type":"post","link":"https:\/\/adanaseshaber.com.tr\/?p=35806","title":{"rendered":"Gaziantep\u2019te kaza yapan otob\u00fcs \u015fof\u00f6r\u00fcn\u00fcn ilk ifadesi ortaya \u00e7\u0131kt\u0131! Ambulans, itfaiye ve canl\u0131 yay\u0131n arac\u0131na \u00e7arpm\u0131\u015ft\u0131"},"content":{"rendered":"<p>T\u00fcrkiye, Gaziantep, Mardin Derik, Rize ve Afyonkarahisar\u2019dan pe\u015f pe\u015fe gelen kaza haberleriyle b\u00fcy\u00fck bir \u00fcz\u00fcnt\u00fc ya\u015fam\u0131\u015ft\u0131. D\u00fcn meydana gelen ve \u00e7ok say\u0131da ki\u015finin hayat\u0131n\u0131 kaybetti\u011fi ve yaral\u0131lar\u0131n oldu\u011fu\u00a0 kazalar \u00fclkenin g\u00fcndemine oturmu\u015f ve herkesi derinden sarsm\u0131\u015ft\u0131. Gaziantep\u2019te kayarak devrilen bir yolcu otob\u00fcs\u00fc, bir kazaya m\u00fcdahale eden itfaiye, ambulans ve canl\u0131 yay\u0131n arac\u0131n\u0131 bi\u00e7ti. Meydana gelen feci kazada 15 ki\u015fi hayat\u0131n\u0131 kaybetti, 34 ki\u015fi ise yaraland\u0131. Gaziantep\u2019te meydana gelen feci kazan\u0131n ard\u0131ndan otob\u00fcs \u015fof\u00f6r\u00fcn\u00fcn ilk ifadesi ortaya \u00e7\u0131kt\u0131. Kazada, 4 sa\u011fl\u0131k \u00e7al\u0131\u015fan\u0131, 3 itfaiye eri ve \u0130hlas Haber Ajans\u0131 Gaziantep B\u00f6lge M\u00fcd\u00fcrl\u00fc\u011f\u00fc\u2019nde \u00e7al\u0131\u015fan 2 muhabir olmak \u00fczere toplam 15 ki\u015fi hayat\u0131n\u0131 kaybederken 21 ki\u015finin yaraland\u0131\u011f\u0131 aktar\u0131ld\u0131. \u0130\u015fte detaylar\u2026<\/p>\n<p><strong>OTOB\u00dcS \u015eOF\u00d6R\u00dc G\u00d6ZALTINA ALINDI<\/strong><\/p>\n<p>D\u00fcn Gaziantep\u2019te yolcu otob\u00fcs\u00fcn\u00fcn kazaya m\u00fcdahale etmekte olan ekiplerin aras\u0131na dalmas\u0131 sonucunda 15 ki\u015fi hayat\u0131n\u0131 kaybederken 21 ki\u015fi yaraland\u0131. Kazada hayat\u0131n\u0131 kaybedenler aras\u0131nda 3 itfaiye eri, 4 sa\u011fl\u0131k \u00e7al\u0131\u015fan\u0131 ve 2 muhabir de vard\u0131. Kazan\u0131n ard\u0131ndan g\u00f6zalt\u0131na al\u0131nan otob\u00fcs \u015fof\u00f6r\u00fc Abdulkadir M., emniyetteki i\u015flemleri sonras\u0131nda adliyeye sevk edildi. Gaziantep\u2019teki kazayla ilgili soru\u015fturma devam ederken soru\u015fturmada 3 savc\u0131n\u0131n g\u00f6revlendirildi\u011fi bilgisine ula\u015f\u0131ld\u0131. Tedavisi sonras\u0131nda g\u00f6zalt\u0131na al\u0131nan yolcu otob\u00fcs\u00fcn\u00fcn \u015fof\u00f6r\u00fc Abdulkadir M.\u2019nin ise ilk ifadesi ortaya \u00e7\u0131kt\u0131.<\/p>\n<p><img loading=\"lazy\" decoding=\"async\" class=\"aligncenter wp-image-35808 size-full\" src=\"https:\/\/adanaseshaber.com.tr\/wp-content\/uploads\/2022\/08\/gaziantepte-kaza-yapan-otobus-soforunun-ilk-ifadesi-ortaya-cikti-ambulans-itfaiye-ve-canli-yayin-aracina-carpmisti-1.jpg\" alt=\"\" width=\"1280\" height=\"720\" srcset=\"https:\/\/adanaseshaber.com.tr\/wp-content\/uploads\/2022\/08\/gaziantepte-kaza-yapan-otobus-soforunun-ilk-ifadesi-ortaya-cikti-ambulans-itfaiye-ve-canli-yayin-aracina-carpmisti-1.jpg 1280w, https:\/\/adanaseshaber.com.tr\/wp-content\/uploads\/2022\/08\/gaziantepte-kaza-yapan-otobus-soforunun-ilk-ifadesi-ortaya-cikti-ambulans-itfaiye-ve-canli-yayin-aracina-carpmisti-1-300x169.jpg 300w, https:\/\/adanaseshaber.com.tr\/wp-content\/uploads\/2022\/08\/gaziantepte-kaza-yapan-otobus-soforunun-ilk-ifadesi-ortaya-cikti-ambulans-itfaiye-ve-canli-yayin-aracina-carpmisti-1-1024x576.jpg 1024w, https:\/\/adanaseshaber.com.tr\/wp-content\/uploads\/2022\/08\/gaziantepte-kaza-yapan-otobus-soforunun-ilk-ifadesi-ortaya-cikti-ambulans-itfaiye-ve-canli-yayin-aracina-carpmisti-1-768x432.jpg 768w, https:\/\/adanaseshaber.com.tr\/wp-content\/uploads\/2022\/08\/gaziantepte-kaza-yapan-otobus-soforunun-ilk-ifadesi-ortaya-cikti-ambulans-itfaiye-ve-canli-yayin-aracina-carpmisti-1-390x220.jpg 390w\" sizes=\"auto, (max-width: 1280px) 100vw, 1280px\" \/><\/p>\n<p><strong>\u2018B\u0130R ANDA D\u0130REKS\u0130YON HAK\u0130M\u0130YET\u0130N\u0130 KAYBETT\u0130M\u2019<\/strong><\/p>\n<p>Yolcu otob\u00fcs\u00fcn\u00fcn \u015fof\u00f6r\u00fc Abdulkadir M., seyir an\u0131nda 400-500 metre mesafede emniyet \u015feridindeki ekipleri g\u00f6rd\u00fc\u011f\u00fcn\u00fc s\u00f6yledi ve \u2018Otoyolda kaza vard\u0131, kalabal\u0131k bir ekip bulunuyordu. O s\u0131rada ne oldu\u011funu anlayamad\u0131m. Bir anda otob\u00fcs\u00fcn direksiyon hakimiyetini kaybettim. Toparlamak i\u00e7in manevra yapmaya ba\u015flad\u0131m ama kurtaramad\u0131m ve otob\u00fcs devrildi. Daha sonra s\u00fcr\u00fcklenmeye ba\u015flad\u0131m, sonras\u0131n\u0131 hat\u0131rlam\u0131yorum. Kazaya neden oldu\u011fum i\u00e7in \u00e7ok pi\u015fman\u0131m.\u2019 dedi.<\/p>\n<p><strong>\u0130LK KAZAYI YAPAN ARA\u00c7TAN AKAN SIVI OTOB\u00dcS\u00dc KAYDIRDI \u0130DD\u0130ASI<\/strong><\/p>\n<p>\u00d6te yandan Gaziantep\u2019te meydana gelen kazayla ilgili soru\u015fturmada 3 savc\u0131 g\u00f6revlendirildi ve incelemelerin \u00f6n\u00fcm\u00fczdeki hafta i\u00e7inde tamamlanaca\u011f\u0131 belirtildi. Ayr\u0131ca ilk kaza yapan ara\u00e7tan yola akan bir s\u0131v\u0131n\u0131n yolcu otob\u00fcs\u00fcn\u00fcn kaymas\u0131na sebep oldu\u011funa dair iddialar g\u00fcndeme geldi. S\u00f6z konusu iddialarla ilgili de ara\u015ft\u0131rma yap\u0131ld\u0131\u011f\u0131 ancak \u015fimdiye kadar b\u00f6yle bir bulguya rastlanmad\u0131\u011f\u0131 bilgisi payla\u015f\u0131ld\u0131.<\/p>\n<p>&nbsp;<\/p>\n","protected":false},"excerpt":{"rendered":"<p>T\u00fcrkiye, Gaziantep, Mardin Derik, Rize ve Afyonkarahisar\u2019dan pe\u015f pe\u015fe gelen kaza haberleriyle b\u00fcy\u00fck bir \u00fcz\u00fcnt\u00fc ya\u015fam\u0131\u015ft\u0131. D\u00fcn meydana gelen ve \u00e7ok say\u0131da ki\u015finin hayat\u0131n\u0131 kaybetti\u011fi ve yaral\u0131lar\u0131n oldu\u011fu\u00a0 kazalar \u00fclkenin g\u00fcndemine oturmu\u015f ve herkesi derinden sarsm\u0131\u015ft\u0131. Gaziantep\u2019te kayarak devrilen bir yolcu otob\u00fcs\u00fc, bir kazaya m\u00fcdahale eden itfaiye, ambulans ve canl\u0131 yay\u0131n arac\u0131n\u0131 bi\u00e7ti. Meydana gelen &hellip;<\/p>\n","protected":false},"author":6,"featured_media":35807,"comment_status":"closed","ping_status":"closed","sticky":false,"template":"","format":"standard","meta":{"footnotes":""},"categories":[1],"tags":[],"class_list":["post-35806","post","type-post","status-publish","format-standard","has-post-thumbnail","hentry","category-genel"],"amp_enabled":true,"_links":{"self":[{"href":"https:\/\/adanaseshaber.com.tr\/index.php?rest_route=\/wp\/v2\/posts\/35806","targetHints":{"allow":["GET"]}}],"collection":[{"href":"https:\/\/adanaseshaber.com.tr\/index.php?rest_route=\/wp\/v2\/posts"}],"about":[{"href":"https:\/\/adanaseshaber.com.tr\/index.php?rest_route=\/wp\/v2\/types\/post"}],"author":[{"embeddable":true,"href":"https:\/\/adanaseshaber.com.tr\/index.php?rest_route=\/wp\/v2\/users\/6"}],"replies":[{"embeddable":true,"href":"https:\/\/adanaseshaber.com.tr\/index.php?rest_route=%2Fwp%2Fv2%2Fcomments&post=35806"}],"version-history":[{"count":3,"href":"https:\/\/adanaseshaber.com.tr\/index.php?rest_route=\/wp\/v2\/posts\/35806\/revisions"}],"predecessor-version":[{"id":35811,"href":"https:\/\/adanaseshaber.com.tr\/index.php?rest_route=\/wp\/v2\/posts\/35806\/revisions\/35811"}],"wp:featuredmedia":[{"embeddable":true,"href":"https:\/\/adanaseshaber.com.tr\/index.php?rest_route=\/wp\/v2\/media\/35807"}],"wp:attachment":[{"href":"https:\/\/adanaseshaber.com.tr\/index.php?rest_route=%2Fwp%2Fv2%2Fmedia&parent=35806"}],"wp:term":[{"taxonomy":"category","embeddable":true,"href":"https:\/\/adanaseshaber.com.tr\/index.php?rest_route=%2Fwp%2Fv2%2Fcategories&post=35806"},{"taxonomy":"post_tag","embeddable":true,"href":"https:\/\/adanaseshaber.com.tr\/index.php?rest_route=%2Fwp%2Fv2%2Ftags&post=35806"}],"curies":[{"name":"wp","href":"https:\/\/api.w.org\/{rel}","templated":true}]}}