{"id":35819,"date":"2022-08-21T16:57:20","date_gmt":"2022-08-21T13:57:20","guid":{"rendered":"https:\/\/www.adanaseshaber.com\/?p=35819"},"modified":"2022-08-21T16:57:13","modified_gmt":"2022-08-21T13:57:13","slug":"fenerbahce-tisserand-ayriligini-duyurdu","status":"publish","type":"post","link":"https:\/\/adanaseshaber.com.tr\/?p=35819","title":{"rendered":"Fenerbah\u00e7e Tisserand ayr\u0131l\u0131\u011f\u0131n\u0131 duyurdu"},"content":{"rendered":"<p>Fenerbah\u00e7e\u2019de transfer hareketlili\u011fi devam ediyor. Tak\u0131ma kat\u0131lan futbolcular\u0131n yan\u0131 s\u0131ra tak\u0131mdan ayr\u0131lan futbolcular da spor man\u015fetlerinin ilk s\u0131ralar\u0131nda. Son olarak Fenerbah\u00e7e, savunma oyuncusu Marcel Tisserand\u2019\u0131n tak\u0131mdan ayr\u0131ld\u0131\u011f\u0131n\u0131 duyurdu. Tisserand\u2019\u0131n ayr\u0131l\u0131\u011f\u0131n\u0131n resmi olarak ger\u00e7ekle\u015fti\u011fi ve y\u0131ld\u0131z futbolcunun Suudi Arabistan Ligi ekiplerinden Ettifaq FC\u2019ye transfer oldu\u011fu a\u00e7\u0131kland\u0131. Fenerbah\u00e7e&#8217;de ayr\u0131l\u0131klar devam ediyor. Yeni sezona yeni gocayla ba\u015flayan sar\u0131-lacivertli tak\u0131m\u0131n savunma oyuncusu Tisserand\u2019\u0131n ayr\u0131l\u0131\u011f\u0131 da resmen a\u00e7\u0131kland\u0131. Tisserand, Ettifaq FC\u2019ye transfer oldu. Transfer a\u00e7\u0131klamas\u0131n\u0131n ard\u0131ndan sosyal medyan\u0131n g\u00fcndemi de Tisserand oldu. Savunma oyuncusuna veda eden sar\u0131-lacivertli taraftarlar y\u0131ld\u0131z futbolcu Tisserand ile ilgili \u00e7ok say\u0131da payla\u015f\u0131m yapt\u0131. \u0130\u015fte detaylar\u2026<\/p>\n<p><strong>T\u0130SSERAND TRANSFER\u0130 A\u00c7IKLANDI<\/strong><\/p>\n<p>Fernerbah\u00e7e Spor Kul\u00fcb\u00fc, savunma oyuncusu Marcel Tisserand\u2019\u0131n Suudi Arabistan Ligi ekiplerinden Ettifaq FC\u2019ye transferini resmi olarak a\u00e7\u0131klad\u0131. Sar\u0131-lacivertli kul\u00fcb\u00fcn a\u00e7\u0131klamas\u0131nda, \u2018Profesyonel futbolcumuz Marcel Tisserand\u2019\u0131n transferi i\u00e7in Suudi Arabistan Ligi\u2019nin Ettifac FC Kul\u00fcb\u00fc ile anla\u015fma sa\u011flanm\u0131\u015ft\u0131r. Marcel Tisserand\u2019a bug\u00fcne kadarki emekleri i\u00e7in te\u015fekk\u00fcr ediyor, kariyerinin yeni d\u00f6neminde ba\u015far\u0131lar diliyoruz.\u2019 ifadelerine yer verdi.<\/p>\n<p><img loading=\"lazy\" decoding=\"async\" class=\"aligncenter wp-image-35821 size-full\" src=\"https:\/\/adanaseshaber.com.tr\/wp-content\/uploads\/2022\/08\/fenerbahce-tisserand-ayriligini-duyurdu-1.jpg\" alt=\"\" width=\"1280\" height=\"720\" srcset=\"https:\/\/adanaseshaber.com.tr\/wp-content\/uploads\/2022\/08\/fenerbahce-tisserand-ayriligini-duyurdu-1.jpg 1280w, https:\/\/adanaseshaber.com.tr\/wp-content\/uploads\/2022\/08\/fenerbahce-tisserand-ayriligini-duyurdu-1-300x169.jpg 300w, https:\/\/adanaseshaber.com.tr\/wp-content\/uploads\/2022\/08\/fenerbahce-tisserand-ayriligini-duyurdu-1-1024x576.jpg 1024w, https:\/\/adanaseshaber.com.tr\/wp-content\/uploads\/2022\/08\/fenerbahce-tisserand-ayriligini-duyurdu-1-768x432.jpg 768w, https:\/\/adanaseshaber.com.tr\/wp-content\/uploads\/2022\/08\/fenerbahce-tisserand-ayriligini-duyurdu-1-390x220.jpg 390w\" sizes=\"auto, (max-width: 1280px) 100vw, 1280px\" \/><\/p>\n<p><strong>3 YILLIK S\u00d6ZLE\u015eME \u0130MZALADI<\/strong><\/p>\n<p>Fenerbah\u00e7e\u2019de forma giyen 29 ya\u015f\u0131ndaki stoper Marcel Tisserand, Ettifaq FC Kul\u00fcb\u00fc ile 3 y\u0131ll\u0131k s\u00f6zle\u015fme imzalad\u0131. Fenerbah\u00e7e\u2019nin Tisserand transferinden kazanaca\u011f\u0131 bonservis \u00fccreti de belli oldu. Fenerbah\u00e7e, Tisserand transferi ile Ettifaq FC\u2019den 2,75 milyon Euro kazanacak.<\/p>\n<p><strong>TOPLAM 54 MA\u00c7A \u00c7IKTI<\/strong><\/p>\n<p>2020 y\u0131l\u0131n\u0131n Eyl\u00fcl ay\u0131nda Wolfsburg\u2019tan Fenerbah\u00e7e\u2019ye 4 milyon Euro bonservis bedeli kar\u015f\u0131l\u0131\u011f\u0131nda transfer olan Marcel Tisserand, Fenerbah\u00e7e formas\u0131 ile toplam 54 ma\u00e7a \u00e7\u0131kt\u0131. Sar\u0131-lacivertli forma ile 1 kez gol kaydeden defans oyuncusu Tisserand, 3 kez tak\u0131m arkada\u015flar\u0131na gol pas\u0131 verdi.<\/p>\n<p>&nbsp;<\/p>\n","protected":false},"excerpt":{"rendered":"<p>Fenerbah\u00e7e\u2019de transfer hareketlili\u011fi devam ediyor. Tak\u0131ma kat\u0131lan futbolcular\u0131n yan\u0131 s\u0131ra tak\u0131mdan ayr\u0131lan futbolcular da spor man\u015fetlerinin ilk s\u0131ralar\u0131nda. Son olarak Fenerbah\u00e7e, savunma oyuncusu Marcel Tisserand\u2019\u0131n tak\u0131mdan ayr\u0131ld\u0131\u011f\u0131n\u0131 duyurdu. Tisserand\u2019\u0131n ayr\u0131l\u0131\u011f\u0131n\u0131n resmi olarak ger\u00e7ekle\u015fti\u011fi ve y\u0131ld\u0131z futbolcunun Suudi Arabistan Ligi ekiplerinden Ettifaq FC\u2019ye transfer oldu\u011fu a\u00e7\u0131kland\u0131. Fenerbah\u00e7e&#8217;de ayr\u0131l\u0131klar devam ediyor. Yeni sezona yeni gocayla ba\u015flayan sar\u0131-lacivertli &hellip;<\/p>\n","protected":false},"author":6,"featured_media":35820,"comment_status":"closed","ping_status":"closed","sticky":false,"template":"","format":"standard","meta":{"footnotes":""},"categories":[5],"tags":[],"class_list":["post-35819","post","type-post","status-publish","format-standard","has-post-thumbnail","hentry","category-spor"],"amp_enabled":true,"_links":{"self":[{"href":"https:\/\/adanaseshaber.com.tr\/index.php?rest_route=\/wp\/v2\/posts\/35819","targetHints":{"allow":["GET"]}}],"collection":[{"href":"https:\/\/adanaseshaber.com.tr\/index.php?rest_route=\/wp\/v2\/posts"}],"about":[{"href":"https:\/\/adanaseshaber.com.tr\/index.php?rest_route=\/wp\/v2\/types\/post"}],"author":[{"embeddable":true,"href":"https:\/\/adanaseshaber.com.tr\/index.php?rest_route=\/wp\/v2\/users\/6"}],"replies":[{"embeddable":true,"href":"https:\/\/adanaseshaber.com.tr\/index.php?rest_route=%2Fwp%2Fv2%2Fcomments&post=35819"}],"version-history":[{"count":2,"href":"https:\/\/adanaseshaber.com.tr\/index.php?rest_route=\/wp\/v2\/posts\/35819\/revisions"}],"predecessor-version":[{"id":35823,"href":"https:\/\/adanaseshaber.com.tr\/index.php?rest_route=\/wp\/v2\/posts\/35819\/revisions\/35823"}],"wp:featuredmedia":[{"embeddable":true,"href":"https:\/\/adanaseshaber.com.tr\/index.php?rest_route=\/wp\/v2\/media\/35820"}],"wp:attachment":[{"href":"https:\/\/adanaseshaber.com.tr\/index.php?rest_route=%2Fwp%2Fv2%2Fmedia&parent=35819"}],"wp:term":[{"taxonomy":"category","embeddable":true,"href":"https:\/\/adanaseshaber.com.tr\/index.php?rest_route=%2Fwp%2Fv2%2Fcategories&post=35819"},{"taxonomy":"post_tag","embeddable":true,"href":"https:\/\/adanaseshaber.com.tr\/index.php?rest_route=%2Fwp%2Fv2%2Ftags&post=35819"}],"curies":[{"name":"wp","href":"https:\/\/api.w.org\/{rel}","templated":true}]}}