{"id":35827,"date":"2022-08-21T17:21:06","date_gmt":"2022-08-21T14:21:06","guid":{"rendered":"https:\/\/www.adanaseshaber.com\/?p=35827"},"modified":"2022-08-21T17:21:14","modified_gmt":"2022-08-21T14:21:14","slug":"emre-belozoglu-fenerbahce-itirafiyla-gundem-oldu","status":"publish","type":"post","link":"https:\/\/adanaseshaber.com.tr\/?p=35827","title":{"rendered":"Emre Bel\u00f6zo\u011flu Fenerbah\u00e7e itiraf\u0131yla g\u00fcndem oldu"},"content":{"rendered":"<p>Ba\u015far\u0131l\u0131 futbol kariyeri ile her zaman spor man\u015fetlerinin en \u00fcst s\u0131ralar\u0131nda yer alan isim olan Emre Bel\u00f6zo\u011flu, teknik direkt\u00f6rl\u00fck kariyerinde de ba\u015far\u0131 merdivenlerini emin ad\u0131mlarla t\u0131rman\u0131yor. \u015eimdilerde Medipol Ba\u015fak\u015feh\u015fr\u2019in teknik direkt\u00f6r\u00fc olan Bel\u00f6zo\u011flu, kat\u0131ld\u0131\u011f\u0131 bir yay\u0131nda yapt\u0131\u011f\u0131 itiraflarla g\u00fcndeme geldi. \u0130tiraflar\u0131 sonras\u0131nda sosyal medyan\u0131n g\u00fcndemine oturan gen\u00e7 teknik direkt\u00f6r taraftarlardan \u00e7ok say\u0131da yorum ald\u0131. Kat\u0131ld\u0131\u011f\u0131 bir yay\u0131nda futbolculuk d\u00f6nemi ile ilgili \u00e7ok \u00f6zel a\u00e7\u0131klamalarda bulunan Medipol Ba\u015fak\u015fehir Teknik Direkt\u00f6r\u00fc Emre Bel\u00f6zo\u011flu\u2019nun a\u00e7\u0131klamalar\u0131nda \u00f6zellikle Fenerbah\u00e7e ve Galatasaray s\u00f6zleri dikkat \u00e7ekti. Bel\u00f6zo\u011flu\u2019nun yapt\u0131\u011f\u0131 a\u00e7\u0131klamalar k\u0131sa s\u00fcrede sosyal medyan\u0131n g\u00fcndemine oturdu. \u0130\u015fte Emre Bel\u00f6zo\u011flu\u2019nun a\u00e7\u0131klamalar\u0131 ve t\u00fcm detaylar\u2026<\/p>\n<p><strong>FUTBOLCULUK KAR\u0130YER\u0130NDE YA\u015eADIKLARINI ANLATTI<\/strong><\/p>\n<p>NTV\u2019de yay\u0131nlanan \u2018K\u0131r\u0131lma An\u0131\u2019 isimli programa kat\u0131lan 41 ya\u015f\u0131ndaki Medipol Ba\u015fak\u015fehir Teknik Direkt\u00f6r\u00fc Emre Bel\u00f6zo\u011flu, futbolculuk kariyerinde ya\u015fad\u0131klar\u0131na dair \u00e7ok \u00f6zel a\u00e7\u0131klamalarda bulundu. Futbolculuk d\u00f6neminde Fenerbah\u00e7e ve Galatasaray formalar\u0131 giyen ba\u015far\u0131l\u0131 futbol adam\u0131 Bel\u00f6zo\u011flu, Avrupa futbolunda da Inter, Newcastle ve Atlatico Madrid\u2019de de top ko\u015fturdu. Galatasaray ve Hagi\u2019nin futbol hayat\u0131nda nas\u0131l bir yer edindi\u011finden bahseden Bel\u00f6zo\u011flu, Fenerbah\u00e7eli olu\u015fundan, Inter d\u00f6neminde ya\u015fad\u0131\u011f\u0131 zorluklarla ilgili de \u00e7ok samimi a\u00e7\u0131klamalara yer verdi.<\/p>\n<p><strong>GALATASARAY VE HAG\u0130 A\u00c7IKLAMASI<\/strong><\/p>\n<p>Do\u011fru e\u011fitildi\u011fini d\u00fc\u015f\u00fcnd\u00fc\u011f\u00fcn\u00fc s\u00f6yleyen Emre Bel\u00f6zo\u011flu, \u2018Bug\u00fcnlere gelmem, Fenerbah\u00e7e formas\u0131 giyip kaptanl\u0131\u011fa uzanmam Galatasaray\u2019da ge\u00e7irdi\u011fim y\u0131llar sayesindedir.\u2019 dedi. Hagi ile ilgili de a\u00e7\u0131klama yapan Bel\u00f6zo\u011flu, \u2018Hagi\u2019nin yerine oyuna girmek zor bir duygu. T\u00fcrkiye\u2019de g\u00f6rd\u00fc\u011f\u00fcm en b\u00fcy\u00fck oyuncu Hagi\u2019ydi. D\u00fcnya\u2019da da g\u00f6rd\u00fc\u011f\u00fcm 4. veya 5. oyuncuydu.\u2019 ifadelerini kulland\u0131. Cumhuriyet tarihinin g\u00f6rd\u00fc\u011f\u00fc en iyi kadronun tart\u0131\u015fmas\u0131z Galatasaray\u2019\u0131n UEFA Kupas\u0131\u2019n\u0131 kazand\u0131\u011f\u0131 kadro oldu\u011funu belirten Emre Bel\u00f6zo\u011flu, \u2018Fatih hocan\u0131n bizde \u00e7ok eme\u011fi vard\u0131r. Bizim hep iyi olmam\u0131z\u0131 isterdi. Her oynad\u0131\u011f\u0131m tak\u0131m\u0131n taraftar\u0131 beni \u00e7ok sevdi. 7 ay Atletico\u2019da oynad\u0131m onlar bile beni \u00e7ok sevdi. Galatasaray taraftar\u0131n\u0131 da anl\u0131yorum. Hi\u00e7 hak etmedi\u011fim kadar sevgisizli\u011fi de ya\u015fad\u0131m. Hak etmedi\u011fim kadar da sevildim.\u2019 dedi.<\/p>\n<p><img loading=\"lazy\" decoding=\"async\" class=\"aligncenter wp-image-35829 size-full\" src=\"https:\/\/adanaseshaber.com.tr\/wp-content\/uploads\/2022\/08\/emre-belozoglu-fenerbahce-itirafiyla-gundem-oldu-1.jpg\" alt=\"\" width=\"1280\" height=\"720\" srcset=\"https:\/\/adanaseshaber.com.tr\/wp-content\/uploads\/2022\/08\/emre-belozoglu-fenerbahce-itirafiyla-gundem-oldu-1.jpg 1280w, https:\/\/adanaseshaber.com.tr\/wp-content\/uploads\/2022\/08\/emre-belozoglu-fenerbahce-itirafiyla-gundem-oldu-1-300x169.jpg 300w, https:\/\/adanaseshaber.com.tr\/wp-content\/uploads\/2022\/08\/emre-belozoglu-fenerbahce-itirafiyla-gundem-oldu-1-1024x576.jpg 1024w, https:\/\/adanaseshaber.com.tr\/wp-content\/uploads\/2022\/08\/emre-belozoglu-fenerbahce-itirafiyla-gundem-oldu-1-768x432.jpg 768w, https:\/\/adanaseshaber.com.tr\/wp-content\/uploads\/2022\/08\/emre-belozoglu-fenerbahce-itirafiyla-gundem-oldu-1-390x220.jpg 390w\" sizes=\"auto, (max-width: 1280px) 100vw, 1280px\" \/><\/p>\n<p><strong>\u2018OYNADI\u011eIM TAKIMLARDAN SADECE FENERBAH\u00c7E BEN\u0130 G\u00d6NDERD\u0130\u2019<\/strong><\/p>\n<p>Forma giydi\u011fi tak\u0131mlar\u0131n hepsinden kendi iste\u011fi ile ayr\u0131ld\u0131\u011f\u0131n\u0131 s\u00f6yleyen Emre Bel\u00f6zo\u011flu, \u2018Sadece Fenerbah\u00e7e beni g\u00f6nderdi. R\u00f6portajda Galatasaray taraftar\u0131 oldu\u011fumu mu s\u00f6ylemi\u015fim. Altyap\u0131s\u0131ndan yeti\u015fti\u011fim bir tak\u0131m. Belki de ondan \u00f6yle bir cevap vermi\u015fimdir. Galatasaray\u2019dan yeti\u015fmi\u015f, \u015fampiyonluklar ya\u015fam\u0131\u015f bir oyuncu olarak yapt\u0131\u011f\u0131m tercihi bence herkes yapamaz.\u2019 dedi.<\/p>\n<p>&nbsp;<\/p>\n<p>&nbsp;<\/p>\n","protected":false},"excerpt":{"rendered":"<p>Ba\u015far\u0131l\u0131 futbol kariyeri ile her zaman spor man\u015fetlerinin en \u00fcst s\u0131ralar\u0131nda yer alan isim olan Emre Bel\u00f6zo\u011flu, teknik direkt\u00f6rl\u00fck kariyerinde de ba\u015far\u0131 merdivenlerini emin ad\u0131mlarla t\u0131rman\u0131yor. \u015eimdilerde Medipol Ba\u015fak\u015feh\u015fr\u2019in teknik direkt\u00f6r\u00fc olan Bel\u00f6zo\u011flu, kat\u0131ld\u0131\u011f\u0131 bir yay\u0131nda yapt\u0131\u011f\u0131 itiraflarla g\u00fcndeme geldi. \u0130tiraflar\u0131 sonras\u0131nda sosyal medyan\u0131n g\u00fcndemine oturan gen\u00e7 teknik direkt\u00f6r taraftarlardan \u00e7ok say\u0131da yorum ald\u0131. Kat\u0131ld\u0131\u011f\u0131 &hellip;<\/p>\n","protected":false},"author":6,"featured_media":35828,"comment_status":"closed","ping_status":"closed","sticky":false,"template":"","format":"standard","meta":{"footnotes":""},"categories":[5],"tags":[],"class_list":["post-35827","post","type-post","status-publish","format-standard","has-post-thumbnail","hentry","category-spor"],"amp_enabled":true,"_links":{"self":[{"href":"https:\/\/adanaseshaber.com.tr\/index.php?rest_route=\/wp\/v2\/posts\/35827","targetHints":{"allow":["GET"]}}],"collection":[{"href":"https:\/\/adanaseshaber.com.tr\/index.php?rest_route=\/wp\/v2\/posts"}],"about":[{"href":"https:\/\/adanaseshaber.com.tr\/index.php?rest_route=\/wp\/v2\/types\/post"}],"author":[{"embeddable":true,"href":"https:\/\/adanaseshaber.com.tr\/index.php?rest_route=\/wp\/v2\/users\/6"}],"replies":[{"embeddable":true,"href":"https:\/\/adanaseshaber.com.tr\/index.php?rest_route=%2Fwp%2Fv2%2Fcomments&post=35827"}],"version-history":[{"count":3,"href":"https:\/\/adanaseshaber.com.tr\/index.php?rest_route=\/wp\/v2\/posts\/35827\/revisions"}],"predecessor-version":[{"id":35832,"href":"https:\/\/adanaseshaber.com.tr\/index.php?rest_route=\/wp\/v2\/posts\/35827\/revisions\/35832"}],"wp:featuredmedia":[{"embeddable":true,"href":"https:\/\/adanaseshaber.com.tr\/index.php?rest_route=\/wp\/v2\/media\/35828"}],"wp:attachment":[{"href":"https:\/\/adanaseshaber.com.tr\/index.php?rest_route=%2Fwp%2Fv2%2Fmedia&parent=35827"}],"wp:term":[{"taxonomy":"category","embeddable":true,"href":"https:\/\/adanaseshaber.com.tr\/index.php?rest_route=%2Fwp%2Fv2%2Fcategories&post=35827"},{"taxonomy":"post_tag","embeddable":true,"href":"https:\/\/adanaseshaber.com.tr\/index.php?rest_route=%2Fwp%2Fv2%2Ftags&post=35827"}],"curies":[{"name":"wp","href":"https:\/\/api.w.org\/{rel}","templated":true}]}}