{"id":35851,"date":"2022-08-21T21:29:22","date_gmt":"2022-08-21T18:29:22","guid":{"rendered":"https:\/\/www.adanaseshaber.com\/?p=35851"},"modified":"2022-08-21T21:29:05","modified_gmt":"2022-08-21T18:29:05","slug":"mardin-derikte-20-kisinin-hayatini-kaybettigi-kazayla-ilgili-yeni-gelisme","status":"publish","type":"post","link":"https:\/\/adanaseshaber.com.tr\/?p=35851","title":{"rendered":"Mardin Derik\u2019te 20 ki\u015finin hayat\u0131n\u0131 kaybetti\u011fi kazayla ilgili yeni geli\u015fme"},"content":{"rendered":"<p>T\u00fcrkiye, Gaziantep ve Mardin\u2019den gelen pe\u015f pe\u015fe kaza haberleriyle b\u00fcy\u00fck bir \u015fok ya\u015fam\u0131\u015ft\u0131. D\u00fcn ger\u00e7ekle\u015fen ve \u00fclkeyi yasa bo\u011fan trafik kazalar\u0131n\u0131n ard\u0131ndan geli\u015fmeler yak\u0131ndan takip edilmeye ba\u015fland\u0131. Derik il\u00e7esinde freni patlam\u0131\u015f bir t\u0131r, ba\u015fka bir t\u0131r kazas\u0131na yard\u0131m etmek i\u00e7in toplanan kalabal\u0131\u011f\u0131n aras\u0131na dalm\u0131\u015ft\u0131. Meydana gelen kazada 20 ki\u015fi hayat\u0131n\u0131 kaybetmi\u015fti. Kazan\u0131n ard\u0131ndan geni\u015f \u00e7apl\u0131 soru\u015fturma ba\u015flat\u0131l\u0131rken 2 t\u0131r \u015fof\u00f6r\u00fcn\u00fcn bug\u00fcn g\u00f6zalt\u0131na al\u0131nd\u0131\u011f\u0131 \u00f6\u011frenilmi\u015fti. G\u00f6zalt\u0131na al\u0131nan 2 t\u0131r \u015fof\u00f6r\u00fcn\u00fcn tutuklanarak cezaevine g\u00f6nderildi\u011fi bilgisine ula\u015f\u0131ld\u0131. Cumhurba\u015fkan\u0131 Recep Tayyip Erdo\u011fan\u2019\u0131n talimat\u0131yla b\u00f6lgeye giden \u0130\u00e7i\u015fleri Bakan\u0131 S\u00fcleyman Soylu, kaza yerinde yapt\u0131\u011f\u0131 incelemelerin ard\u0131ndan a\u00e7\u0131klamalarda bulunmu\u015f ve olay\u0131n b\u00fct\u00fcn y\u00f6nleriyle soru\u015fturuldu\u011funu aktarm\u0131\u015ft\u0131.<\/p>\n<p><strong>20 K\u0130\u015e\u0130 HAYATINI KAYBETT\u0130<\/strong><\/p>\n<p>Olay, Mardin\u2019in Derik il\u00e7esinde bir akaryak\u0131t istasyonunun yak\u0131n\u0131nda meydana geldi. \u0130lk olarak freni bo\u015falan bir t\u0131r \u00f6n\u00fcndeki 2 araca \u00e7arpt\u0131ktan sonra takla att\u0131. 2 \u00e7ocu\u011fun hayat\u0131n\u0131 kaybetti\u011fi ve \u00e7ok say\u0131da ki\u015finin yaraland\u0131\u011f\u0131 kazan\u0131n ard\u0131ndan g\u00f6revliler ve \u00e7evredeki vatanda\u015flar yard\u0131m i\u00e7in b\u00f6lgeye ko\u015ftu. Kaza yerinde toplanan kalabal\u0131\u011f\u0131n aras\u0131nda freni patlam\u0131\u015f ba\u015fka bir t\u0131r dald\u0131. Meydana gelen feci kaza sonras\u0131nda 20 ki\u015fi hayat\u0131n\u0131 kaybetti, \u00e7ok say\u0131da ki\u015fi de yaraland\u0131.<\/p>\n<p><img loading=\"lazy\" decoding=\"async\" class=\"aligncenter wp-image-35853 size-full\" src=\"https:\/\/adanaseshaber.com.tr\/wp-content\/uploads\/2022\/08\/mardin-derikte-20-kisinin-hayatini-kaybettigi-kazayla-ilgili-yeni-gelisme-1.jpg\" alt=\"\" width=\"1280\" height=\"720\" srcset=\"https:\/\/adanaseshaber.com.tr\/wp-content\/uploads\/2022\/08\/mardin-derikte-20-kisinin-hayatini-kaybettigi-kazayla-ilgili-yeni-gelisme-1.jpg 1280w, https:\/\/adanaseshaber.com.tr\/wp-content\/uploads\/2022\/08\/mardin-derikte-20-kisinin-hayatini-kaybettigi-kazayla-ilgili-yeni-gelisme-1-300x169.jpg 300w, https:\/\/adanaseshaber.com.tr\/wp-content\/uploads\/2022\/08\/mardin-derikte-20-kisinin-hayatini-kaybettigi-kazayla-ilgili-yeni-gelisme-1-1024x576.jpg 1024w, https:\/\/adanaseshaber.com.tr\/wp-content\/uploads\/2022\/08\/mardin-derikte-20-kisinin-hayatini-kaybettigi-kazayla-ilgili-yeni-gelisme-1-768x432.jpg 768w, https:\/\/adanaseshaber.com.tr\/wp-content\/uploads\/2022\/08\/mardin-derikte-20-kisinin-hayatini-kaybettigi-kazayla-ilgili-yeni-gelisme-1-390x220.jpg 390w\" sizes=\"auto, (max-width: 1280px) 100vw, 1280px\" \/><\/p>\n<p><strong>TIR \u015eOF\u00d6RLER\u0130 TUTUKLANDI<\/strong><\/p>\n<p>Cumhurba\u015fkan\u0131 Recep Tayyip Erdo\u011fan\u2019\u0131n talimat\u0131yla b\u00f6lgeye giden \u0130\u00e7i\u015fleri Bakan\u0131 S\u00fcleyman Soylu, kaza yerinde yapt\u0131\u011f\u0131 incelemelerin ard\u0131ndan a\u00e7\u0131klamalarda bulundu. Olay\u0131n b\u00fct\u00fcn y\u00f6nleriyle ara\u015ft\u0131r\u0131ld\u0131\u011f\u0131n\u0131 s\u00f6yleyen Bakan Soylu, \u2018\u0130hmal, kas\u0131t her neyse b\u00fct\u00fcn s\u00fcre\u00e7ler tetkik edilecektir\u2019 ifadelerine yer verirken 2 t\u0131r \u015fof\u00f6r\u00fcn\u00fcn g\u00f6zalt\u0131na al\u0131nd\u0131\u011f\u0131n\u0131 da duyurdu. Kazan\u0131n ard\u0131ndan yaralanan ve tedavileri tamamland\u0131ktan sonra g\u00f6zalt\u0131na al\u0131nan t\u0131r \u015fof\u00f6rlerinin emniyetteki i\u015flemleri tamamland\u0131ktan sonra iki s\u00fcr\u00fcc\u00fc, SEGB\u0130S ile ba\u011fland\u0131klar\u0131 Derik Sulh Ceza Hakimli\u011fi taraf\u0131ndan \u2018Taksirle birden fazla ki\u015finin \u00f6l\u00fcm\u00fcne ve yaralanmas\u0131na neden olma\u2019 su\u00e7undan tutukland\u0131.<\/p>\n<p>&nbsp;<\/p>\n","protected":false},"excerpt":{"rendered":"<p>T\u00fcrkiye, Gaziantep ve Mardin\u2019den gelen pe\u015f pe\u015fe kaza haberleriyle b\u00fcy\u00fck bir \u015fok ya\u015fam\u0131\u015ft\u0131. D\u00fcn ger\u00e7ekle\u015fen ve \u00fclkeyi yasa bo\u011fan trafik kazalar\u0131n\u0131n ard\u0131ndan geli\u015fmeler yak\u0131ndan takip edilmeye ba\u015fland\u0131. Derik il\u00e7esinde freni patlam\u0131\u015f bir t\u0131r, ba\u015fka bir t\u0131r kazas\u0131na yard\u0131m etmek i\u00e7in toplanan kalabal\u0131\u011f\u0131n aras\u0131na dalm\u0131\u015ft\u0131. Meydana gelen kazada 20 ki\u015fi hayat\u0131n\u0131 kaybetmi\u015fti. Kazan\u0131n ard\u0131ndan geni\u015f \u00e7apl\u0131 &hellip;<\/p>\n","protected":false},"author":6,"featured_media":35852,"comment_status":"closed","ping_status":"closed","sticky":false,"template":"","format":"standard","meta":{"footnotes":""},"categories":[1],"tags":[],"class_list":["post-35851","post","type-post","status-publish","format-standard","has-post-thumbnail","hentry","category-genel"],"amp_enabled":true,"_links":{"self":[{"href":"https:\/\/adanaseshaber.com.tr\/index.php?rest_route=\/wp\/v2\/posts\/35851","targetHints":{"allow":["GET"]}}],"collection":[{"href":"https:\/\/adanaseshaber.com.tr\/index.php?rest_route=\/wp\/v2\/posts"}],"about":[{"href":"https:\/\/adanaseshaber.com.tr\/index.php?rest_route=\/wp\/v2\/types\/post"}],"author":[{"embeddable":true,"href":"https:\/\/adanaseshaber.com.tr\/index.php?rest_route=\/wp\/v2\/users\/6"}],"replies":[{"embeddable":true,"href":"https:\/\/adanaseshaber.com.tr\/index.php?rest_route=%2Fwp%2Fv2%2Fcomments&post=35851"}],"version-history":[{"count":1,"href":"https:\/\/adanaseshaber.com.tr\/index.php?rest_route=\/wp\/v2\/posts\/35851\/revisions"}],"predecessor-version":[{"id":35854,"href":"https:\/\/adanaseshaber.com.tr\/index.php?rest_route=\/wp\/v2\/posts\/35851\/revisions\/35854"}],"wp:featuredmedia":[{"embeddable":true,"href":"https:\/\/adanaseshaber.com.tr\/index.php?rest_route=\/wp\/v2\/media\/35852"}],"wp:attachment":[{"href":"https:\/\/adanaseshaber.com.tr\/index.php?rest_route=%2Fwp%2Fv2%2Fmedia&parent=35851"}],"wp:term":[{"taxonomy":"category","embeddable":true,"href":"https:\/\/adanaseshaber.com.tr\/index.php?rest_route=%2Fwp%2Fv2%2Fcategories&post=35851"},{"taxonomy":"post_tag","embeddable":true,"href":"https:\/\/adanaseshaber.com.tr\/index.php?rest_route=%2Fwp%2Fv2%2Ftags&post=35851"}],"curies":[{"name":"wp","href":"https:\/\/api.w.org\/{rel}","templated":true}]}}