{"id":35855,"date":"2022-08-22T01:05:04","date_gmt":"2022-08-21T22:05:04","guid":{"rendered":"https:\/\/www.adanaseshaber.com\/?p=35855"},"modified":"2022-08-22T01:06:08","modified_gmt":"2022-08-21T22:06:08","slug":"survivor-aysenin-yatak-pozu-olay-oldu","status":"publish","type":"post","link":"https:\/\/adanaseshaber.com.tr\/?p=35855","title":{"rendered":"Survivor Ay\u015fe\u2019nin yatak pozu olay oldu"},"content":{"rendered":"<p>TV8 ekranlar\u0131nda yay\u0131nlanan Survivor yar\u0131\u015fmas\u0131na iki kez kat\u0131lan ve izleyici taraf\u0131ndan \u00e7ok sevilen Ay\u015fe Y\u00fcksel, yatakta verdi\u011fi pozla g\u00fcndem oldu. Ay\u015fe\u2019nin yatakta geceli\u011fi ile verdi\u011fi poz takip\u00e7ilerinin tepkisini \u00e7ekti. Survivor\u2019\u0131n sevilen yar\u0131\u015fmac\u0131lar\u0131ndan biri olan Ay\u015fe\u2019nin pozuna \u00e7ok say\u0131da yorum gelirken yorumlar\u0131n \u00e7o\u011funlu\u011funda bu pozun Ay\u015fe\u2019ye yak\u0131\u015fmad\u0131\u011f\u0131na dair ifadeler yer ald\u0131. Survivor\u2019da ba\u015far\u0131l\u0131 performans\u0131yla dikkatleri \u00fczerine toplayan ve iki kez yar\u0131\u015fmada yer alan Ay\u015fe Y\u00fcksel, yatakta geceli\u011fi ile verdi\u011fi pozla g\u00fcndem oldu. Yar\u0131\u015fmada ya\u015fad\u0131\u011f\u0131 tart\u0131\u015fmalar ve a\u00e7\u0131klamalar\u0131yla s\u0131k s\u0131k g\u00fcndeme gelen Ay\u015fe\u2019nin bu kez yatakta verdi\u011fi poz \u00e7ok konu\u015fuldu. Ay\u015fe\u2019nin takip\u00e7ilerinin \u00e7o\u011funlu\u011fu pozu be\u011fenmedi.<\/p>\n<p><strong>AY\u015eE\u2019N\u0130N TAK\u0130P\u00c7\u0130LER\u0130N\u0130 \u0130K\u0130YE B\u00d6LEN YATAK POZU<\/strong><\/p>\n<p>Survivor yar\u0131\u015fmac\u0131s\u0131 Ay\u015fe Y\u00fcksel, yatakta verdi\u011fi cesur pozla g\u00fcndem oldu. Ay\u015fe\u2019nin yatakta geceli\u011fi ile verdi\u011fi pozu takip\u00e7ilerini adeta ikiye b\u00f6ld\u00fc. Yatakta verdi\u011fi pozlar\u0131 sosyal medya hesab\u0131ndan payla\u015fan Ay\u015fe\u2019nin payla\u015f\u0131m\u0131na \u00e7ok say\u0131da yorum geldi. Baz\u0131 takip\u00e7ileri Ay\u015fe\u2019nin pozunu cesur ve g\u00fczel bulurken baz\u0131lar\u0131 ise Ay\u015fe\u2019ye bu pozlar\u0131n yak\u0131\u015fmad\u0131\u011f\u0131n\u0131 s\u00f6yledi.<\/p>\n<p><img loading=\"lazy\" decoding=\"async\" class=\"aligncenter wp-image-35857 size-full\" src=\"https:\/\/adanaseshaber.com.tr\/wp-content\/uploads\/2022\/08\/survivor-aysenin-yatak-pozu-olay-oldu-1.jpg\" alt=\"\" width=\"1280\" height=\"720\" srcset=\"https:\/\/adanaseshaber.com.tr\/wp-content\/uploads\/2022\/08\/survivor-aysenin-yatak-pozu-olay-oldu-1.jpg 1280w, https:\/\/adanaseshaber.com.tr\/wp-content\/uploads\/2022\/08\/survivor-aysenin-yatak-pozu-olay-oldu-1-300x169.jpg 300w, https:\/\/adanaseshaber.com.tr\/wp-content\/uploads\/2022\/08\/survivor-aysenin-yatak-pozu-olay-oldu-1-1024x576.jpg 1024w, https:\/\/adanaseshaber.com.tr\/wp-content\/uploads\/2022\/08\/survivor-aysenin-yatak-pozu-olay-oldu-1-768x432.jpg 768w, https:\/\/adanaseshaber.com.tr\/wp-content\/uploads\/2022\/08\/survivor-aysenin-yatak-pozu-olay-oldu-1-390x220.jpg 390w\" sizes=\"auto, (max-width: 1280px) 100vw, 1280px\" \/><\/p>\n<p><strong>2022 SURV\u0130VOR ALL STAR\u2019DA D\u00d6RD\u00dcNC\u00dc OLDU<\/strong><\/p>\n<p>Survivor\u2019a ilk kat\u0131ld\u0131\u011f\u0131 d\u00f6nemde g\u00f6n\u00fcll\u00fcler tak\u0131m\u0131nda verdi\u011fi m\u00fccadeleyle t\u00fcm dikkatleri \u00fczerine toplayan ba\u015far\u0131l\u0131 yar\u0131\u015fmac\u0131 Ay\u015fe Y\u00fcksel, 2022 Survivor All Star\u2019a kat\u0131lm\u0131\u015f ve yine ba\u015far\u0131s\u0131yla g\u00f6z doldurmu\u015ftu. Yar\u0131\u015fmada SMS oylamas\u0131yla elenen Ay\u015fe, All Star\u2019da d\u00f6rd\u00fcnc\u00fc olmu\u015ftu. Yar\u0131\u015fman\u0131n bitmesinin ard\u0131ndan sosyal medyada aktif olan Ay\u015fe, cesur pozlar\u0131n\u0131 payla\u015fmaya devam ediyor. 22 ya\u015f\u0131nda olan ve 4 y\u0131ld\u0131r tenis antren\u00f6rl\u00fc\u011f\u00fc yapan Ay\u015fe Y\u00fcksel\u2019i sosyal medyada 694 bin ki\u015fi takip ediyor.<\/p>\n","protected":false},"excerpt":{"rendered":"<p>TV8 ekranlar\u0131nda yay\u0131nlanan Survivor yar\u0131\u015fmas\u0131na iki kez kat\u0131lan ve izleyici taraf\u0131ndan \u00e7ok sevilen Ay\u015fe Y\u00fcksel, yatakta verdi\u011fi pozla g\u00fcndem oldu. Ay\u015fe\u2019nin yatakta geceli\u011fi ile verdi\u011fi poz takip\u00e7ilerinin tepkisini \u00e7ekti. Survivor\u2019\u0131n sevilen yar\u0131\u015fmac\u0131lar\u0131ndan biri olan Ay\u015fe\u2019nin pozuna \u00e7ok say\u0131da yorum gelirken yorumlar\u0131n \u00e7o\u011funlu\u011funda bu pozun Ay\u015fe\u2019ye yak\u0131\u015fmad\u0131\u011f\u0131na dair ifadeler yer ald\u0131. Survivor\u2019da ba\u015far\u0131l\u0131 performans\u0131yla dikkatleri \u00fczerine &hellip;<\/p>\n","protected":false},"author":6,"featured_media":35856,"comment_status":"closed","ping_status":"closed","sticky":false,"template":"","format":"standard","meta":{"footnotes":""},"categories":[1],"tags":[],"class_list":["post-35855","post","type-post","status-publish","format-standard","has-post-thumbnail","hentry","category-genel"],"amp_enabled":true,"_links":{"self":[{"href":"https:\/\/adanaseshaber.com.tr\/index.php?rest_route=\/wp\/v2\/posts\/35855","targetHints":{"allow":["GET"]}}],"collection":[{"href":"https:\/\/adanaseshaber.com.tr\/index.php?rest_route=\/wp\/v2\/posts"}],"about":[{"href":"https:\/\/adanaseshaber.com.tr\/index.php?rest_route=\/wp\/v2\/types\/post"}],"author":[{"embeddable":true,"href":"https:\/\/adanaseshaber.com.tr\/index.php?rest_route=\/wp\/v2\/users\/6"}],"replies":[{"embeddable":true,"href":"https:\/\/adanaseshaber.com.tr\/index.php?rest_route=%2Fwp%2Fv2%2Fcomments&post=35855"}],"version-history":[{"count":2,"href":"https:\/\/adanaseshaber.com.tr\/index.php?rest_route=\/wp\/v2\/posts\/35855\/revisions"}],"predecessor-version":[{"id":35859,"href":"https:\/\/adanaseshaber.com.tr\/index.php?rest_route=\/wp\/v2\/posts\/35855\/revisions\/35859"}],"wp:featuredmedia":[{"embeddable":true,"href":"https:\/\/adanaseshaber.com.tr\/index.php?rest_route=\/wp\/v2\/media\/35856"}],"wp:attachment":[{"href":"https:\/\/adanaseshaber.com.tr\/index.php?rest_route=%2Fwp%2Fv2%2Fmedia&parent=35855"}],"wp:term":[{"taxonomy":"category","embeddable":true,"href":"https:\/\/adanaseshaber.com.tr\/index.php?rest_route=%2Fwp%2Fv2%2Fcategories&post=35855"},{"taxonomy":"post_tag","embeddable":true,"href":"https:\/\/adanaseshaber.com.tr\/index.php?rest_route=%2Fwp%2Fv2%2Ftags&post=35855"}],"curies":[{"name":"wp","href":"https:\/\/api.w.org\/{rel}","templated":true}]}}