{"id":35860,"date":"2022-08-22T01:30:50","date_gmt":"2022-08-21T22:30:50","guid":{"rendered":"https:\/\/www.adanaseshaber.com\/?p=35860"},"modified":"2022-08-22T01:31:11","modified_gmt":"2022-08-21T22:31:11","slug":"igor-tudor-cengiz-underi-cildirtti","status":"publish","type":"post","link":"https:\/\/adanaseshaber.com.tr\/?p=35860","title":{"rendered":"Igor Tudor Cengiz \u00dcnder\u2019i \u00e7\u0131ld\u0131rtt\u0131"},"content":{"rendered":"<p>Marsilya\u2019da forma giyen Milli futbolcumuz Cengiz \u00dcnder, Marsilya\u2019n\u0131n yeni teknik direkt\u00f6r\u00fc Igor Tudor\u2019un hareketi kar\u015f\u0131s\u0131nda adeta \u00e7\u0131lg\u0131na d\u00f6nd\u00fc. Nantes ile oynanan kar\u015f\u0131la\u015fmada Cengiz \u00dcnder, Alexis Sanchez\u2019in yerine oyuna girdi. Ancak teknik direkt\u00f6r Tudor, 65. dakikada oyuna giren Cengiz\u2019i 83. dakikada oyundan ald\u0131. Ya\u015fananlar kar\u015f\u0131s\u0131nda \u015fa\u015fk\u0131na d\u00f6nen Cengiz, direkt soyunma odas\u0131na y\u00f6nelerek tepkisini g\u00f6sterdi. Milli futbolcumuz Cengiz \u00dcnder, forma giydi\u011fi Marsilya\u2019n\u0131n Nantes ile kar\u015f\u0131la\u015fmas\u0131nda 65. dakikada oyuna dahil edildi. Ancak Tudor, 65. dakikada oyuna ald\u0131\u011f\u0131 Cengiz \u00dcnder\u2019i 83. dakikada oyundan ald\u0131. Ya\u015fananlar kar\u015f\u0131s\u0131nda \u015fa\u015fk\u0131nl\u0131\u011f\u0131 y\u00fcz\u00fcne yans\u0131yan Cengiz, tabelada numaras\u0131n\u0131 g\u00f6r\u00fcnce sinirlendi. Oyundan al\u0131nmas\u0131na anlam veremeyen y\u0131ld\u0131z futbolcu, do\u011frudan soyunma odas\u0131na do\u011fru yola \u00e7\u0131kt\u0131.<\/p>\n<p><strong>TUDOR\u2019UN CENG\u0130Z\u0130 TAKIMDA \u0130STEMED\u0130\u011e\u0130 \u0130DD\u0130A ED\u0130L\u0130YOR<\/strong><\/p>\n<p>Marsilya\u2019n\u0131n yeni teknik direkt\u00f6r\u00fc Igor Tudor\u2019un Cengiz \u00dcnder\u2019i tak\u0131mda istemedi\u011fine dair iddialar var. Nantes ma\u00e7\u0131nda ya\u015fananlar ise Cengiz \u00dcnder i\u00e7in b\u00fcy\u00fck bir \u015fok oldu. Marsilya-Nantes kar\u015f\u0131la\u015fmas\u0131nda ma\u00e7a yedek kul\u00fcbesinde ba\u015flayan Cengiz, teknik direkt\u00f6r Tudor\u2019un kendisini oyuna al\u0131p daha sonra 18. dakikada yeniden oyundan \u00e7\u0131karmas\u0131 Cengiz\u2019i \u00f6fkeden \u00e7\u0131lg\u0131na \u00e7evirdi.<\/p>\n<p><img loading=\"lazy\" decoding=\"async\" class=\"aligncenter wp-image-35862 size-full\" src=\"https:\/\/adanaseshaber.com.tr\/wp-content\/uploads\/2022\/08\/igor-tudor-cengiz-underi-cildirtti-1.jpg\" alt=\"\" width=\"1280\" height=\"720\" srcset=\"https:\/\/adanaseshaber.com.tr\/wp-content\/uploads\/2022\/08\/igor-tudor-cengiz-underi-cildirtti-1.jpg 1280w, https:\/\/adanaseshaber.com.tr\/wp-content\/uploads\/2022\/08\/igor-tudor-cengiz-underi-cildirtti-1-300x169.jpg 300w, https:\/\/adanaseshaber.com.tr\/wp-content\/uploads\/2022\/08\/igor-tudor-cengiz-underi-cildirtti-1-1024x576.jpg 1024w, https:\/\/adanaseshaber.com.tr\/wp-content\/uploads\/2022\/08\/igor-tudor-cengiz-underi-cildirtti-1-768x432.jpg 768w, https:\/\/adanaseshaber.com.tr\/wp-content\/uploads\/2022\/08\/igor-tudor-cengiz-underi-cildirtti-1-390x220.jpg 390w\" sizes=\"auto, (max-width: 1280px) 100vw, 1280px\" \/><\/p>\n<p><strong>SADECE 18 DAK\u0130KA OYUNDA KALDI<\/strong><\/p>\n<p>Marsilya\u2019n\u0131n 2-1 \u00fcst\u00fcn oldu\u011fu ma\u00e7a yedek kul\u00fcbesinde ba\u015flayan Cengiz \u00dcnder, dakika 65\u2019te tak\u0131ma rkada\u015f\u0131 Alexis Sanchez\u2019in yerine oyuna dahil oldu. Kar\u015f\u0131la\u015fmaya 10 ki\u015fi olarak devam eden kar\u015f\u0131la\u015fmada Tudor, 82. dakikada tak\u0131m\u0131n\u0131 \u00f6ne ge\u00e7iren gol\u00fcn gelmesinin ard\u0131ndan 83. dakikada Cengiz\u2019i oyundan \u00e7\u0131kard\u0131. Sadece 18 dakika sahada kalan ve ne oldu\u011funu anlayamayan Cengiz, kenara gelmesi i\u00e7in tabelada numaras\u0131n\u0131 g\u00f6rd\u00fc\u011f\u00fcnde b\u00fcy\u00fck bir \u015fok ya\u015fad\u0131.<\/p>\n<p><img loading=\"lazy\" decoding=\"async\" class=\"aligncenter wp-image-35863 size-full\" src=\"https:\/\/adanaseshaber.com.tr\/wp-content\/uploads\/2022\/08\/igor-tudor-cengiz-underi-cildirtti-2.jpg\" alt=\"\" width=\"1280\" height=\"720\" srcset=\"https:\/\/adanaseshaber.com.tr\/wp-content\/uploads\/2022\/08\/igor-tudor-cengiz-underi-cildirtti-2.jpg 1280w, https:\/\/adanaseshaber.com.tr\/wp-content\/uploads\/2022\/08\/igor-tudor-cengiz-underi-cildirtti-2-300x169.jpg 300w, https:\/\/adanaseshaber.com.tr\/wp-content\/uploads\/2022\/08\/igor-tudor-cengiz-underi-cildirtti-2-1024x576.jpg 1024w, https:\/\/adanaseshaber.com.tr\/wp-content\/uploads\/2022\/08\/igor-tudor-cengiz-underi-cildirtti-2-768x432.jpg 768w, https:\/\/adanaseshaber.com.tr\/wp-content\/uploads\/2022\/08\/igor-tudor-cengiz-underi-cildirtti-2-390x220.jpg 390w\" sizes=\"auto, (max-width: 1280px) 100vw, 1280px\" \/><\/p>\n<p><strong>MARS\u0130LYA TARAFTARLARINDAN CENG\u0130Z\u2019E B\u00dcY\u00dcK DESTEK<\/strong><\/p>\n<p>Tabelada numaras\u0131n\u0131 g\u00f6ren ve b\u00fcy\u00fck bir \u015fa\u015fk\u0131nl\u0131k ya\u015fayan Cengiz \u00dcnder, Tudor\u2019a \u00e7ok sinirlendi. Cengiz\u2019in oyundan \u00e7\u0131kt\u0131\u011f\u0131 anlarda kendisine tak\u0131m arkada\u015flar\u0131ndan destek geldi. \u00d6fkesi y\u00fcz\u00fcnden okunan Milli futbolcunun sahadan \u00e7\u0131karak do\u011frudan soyunma odas\u0131n\u0131n yolunu tuttu\u011fu g\u00f6r\u00fcld\u00fc. Ma\u00e7\u0131n ard\u0131ndan Marsilya taraftarlar\u0131 da sosyal medya \u00fczerinden Cengiz \u00dcnder\u2019e destek veren payla\u015f\u0131mlar yapt\u0131.<\/p>\n","protected":false},"excerpt":{"rendered":"<p>Marsilya\u2019da forma giyen Milli futbolcumuz Cengiz \u00dcnder, Marsilya\u2019n\u0131n yeni teknik direkt\u00f6r\u00fc Igor Tudor\u2019un hareketi kar\u015f\u0131s\u0131nda adeta \u00e7\u0131lg\u0131na d\u00f6nd\u00fc. Nantes ile oynanan kar\u015f\u0131la\u015fmada Cengiz \u00dcnder, Alexis Sanchez\u2019in yerine oyuna girdi. Ancak teknik direkt\u00f6r Tudor, 65. dakikada oyuna giren Cengiz\u2019i 83. dakikada oyundan ald\u0131. Ya\u015fananlar kar\u015f\u0131s\u0131nda \u015fa\u015fk\u0131na d\u00f6nen Cengiz, direkt soyunma odas\u0131na y\u00f6nelerek tepkisini g\u00f6sterdi. Milli futbolcumuz &hellip;<\/p>\n","protected":false},"author":6,"featured_media":35861,"comment_status":"closed","ping_status":"closed","sticky":false,"template":"","format":"standard","meta":{"footnotes":""},"categories":[5],"tags":[],"class_list":["post-35860","post","type-post","status-publish","format-standard","has-post-thumbnail","hentry","category-spor"],"amp_enabled":true,"_links":{"self":[{"href":"https:\/\/adanaseshaber.com.tr\/index.php?rest_route=\/wp\/v2\/posts\/35860","targetHints":{"allow":["GET"]}}],"collection":[{"href":"https:\/\/adanaseshaber.com.tr\/index.php?rest_route=\/wp\/v2\/posts"}],"about":[{"href":"https:\/\/adanaseshaber.com.tr\/index.php?rest_route=\/wp\/v2\/types\/post"}],"author":[{"embeddable":true,"href":"https:\/\/adanaseshaber.com.tr\/index.php?rest_route=\/wp\/v2\/users\/6"}],"replies":[{"embeddable":true,"href":"https:\/\/adanaseshaber.com.tr\/index.php?rest_route=%2Fwp%2Fv2%2Fcomments&post=35860"}],"version-history":[{"count":1,"href":"https:\/\/adanaseshaber.com.tr\/index.php?rest_route=\/wp\/v2\/posts\/35860\/revisions"}],"predecessor-version":[{"id":35864,"href":"https:\/\/adanaseshaber.com.tr\/index.php?rest_route=\/wp\/v2\/posts\/35860\/revisions\/35864"}],"wp:featuredmedia":[{"embeddable":true,"href":"https:\/\/adanaseshaber.com.tr\/index.php?rest_route=\/wp\/v2\/media\/35861"}],"wp:attachment":[{"href":"https:\/\/adanaseshaber.com.tr\/index.php?rest_route=%2Fwp%2Fv2%2Fmedia&parent=35860"}],"wp:term":[{"taxonomy":"category","embeddable":true,"href":"https:\/\/adanaseshaber.com.tr\/index.php?rest_route=%2Fwp%2Fv2%2Fcategories&post=35860"},{"taxonomy":"post_tag","embeddable":true,"href":"https:\/\/adanaseshaber.com.tr\/index.php?rest_route=%2Fwp%2Fv2%2Ftags&post=35860"}],"curies":[{"name":"wp","href":"https:\/\/api.w.org\/{rel}","templated":true}]}}