{"id":35865,"date":"2022-08-22T02:11:57","date_gmt":"2022-08-21T23:11:57","guid":{"rendered":"https:\/\/www.adanaseshaber.com\/?p=35865"},"modified":"2022-08-22T02:11:21","modified_gmt":"2022-08-21T23:11:21","slug":"kisisellestirme-istanbulkart-nereden-alinir-istanbul-karta-kisisellestirme-zorunlulugu","status":"publish","type":"post","link":"https:\/\/adanaseshaber.com.tr\/?p=35865","title":{"rendered":"Ki\u015fiselle\u015ftirme \u0130stanbulkart nereden al\u0131n\u0131r? \u0130stanbul Kart\u2019a ki\u015fiselle\u015ftirme zorunlulu\u011fu"},"content":{"rendered":"<p>\u0130stanbulkart i\u00e7in ki\u015fiselle\u015ftirme zorunlulu\u011fu getiriliyor. T\u00fcm \u0130stanbul halk\u0131n\u0131 ilgilendiren ki\u015fiselle\u015ftirme uygulamas\u0131 ile ilgili merak edilen t\u00fcm detaylar ara\u015ft\u0131r\u0131lmaya ba\u015fland\u0131. \u0130stanbulkart Ki\u015fiselle\u015ftirme zorunlulu\u011fu ile ilgili en merak edilenlerin ba\u015f\u0131nda s\u00fcre yer al\u0131yor. Ki\u015fiselle\u015ftirme i\u00e7in ne kadar s\u00fcre verildi\u011fi ve ki\u015fiselle\u015ftirmenin nereden, nas\u0131l yap\u0131laca\u011f\u0131 merakla ara\u015ft\u0131r\u0131l\u0131yor. Konuyla ilgili BELB\u0130M A\u015e Genel M\u00fcd\u00fcr\u00fc Nihat Narin\u2019den a\u00e7\u0131klama geldi. \u0130stanbulkart sahipleri \u0130stanbulkartlar\u0131n\u0131 art\u0131k kendilerine hale getirebilecek. \u0130BB, \u0130stanbulkart sahiplerine ki\u015fiselle\u015ftirme uygulamas\u0131n\u0131 sundu. Bu uygulama ile \u0130stanbulkart sahipleri ula\u015f\u0131m kartlar\u0131n\u0131 kendilerine \u00f6zel hale getirebilecek. Ki\u015fiselle\u015ftirilmeyen kartlar ise art\u0131k kullan\u0131lamayacak. Peki, \u0130stanbulkart nas\u0131l ki\u015fiselle\u015ftirilir? \u0130stanbulkart ki\u015fiselle\u015ftirme son tarih ne zaman? \u0130stanbulkart nereden ki\u015fiselle\u015ftirilir? \u0130\u015fte detaylar\u2026<\/p>\n<p><strong>\u0130STANBULKART\u2019A K\u0130\u015e\u0130SELLE\u015eT\u0130RME ZORUNLULU\u011eU<\/strong><\/p>\n<p>\u0130stanbullular art\u0131k ula\u015f\u0131m i\u00e7in kulland\u0131klar\u0131 \u0130stanbulkart\u2019\u0131 ki\u015fiselle\u015ftirebilecek. \u0130stanbulkart sahipleri art\u0131k kartlar\u0131n\u0131 kendilerine \u00f6zel hale getirebilecek. UKOME karar\u0131 kapsam\u0131nda 29 Ekim Cumhuriyet Bayram\u0131 itibar\u0131yla \u00f6zel g\u00fcnlerde sunulan \u00fccretsiz ge\u00e7i\u015f hakk\u0131 sadece ki\u015fiselle\u015ftirilmi\u015f kart sahiplerine uygulanacak. Bu yeni uygulama ile y\u0131lba\u015f\u0131ndan sonra turistler ve yabanc\u0131 uyruklu kullan\u0131c\u0131lar art\u0131k milli ve dini bayramlarda ula\u015f\u0131m\u0131 \u00fccretsiz kullanamayacak.<\/p>\n<p><img loading=\"lazy\" decoding=\"async\" class=\"aligncenter wp-image-35867 size-full\" src=\"https:\/\/adanaseshaber.com.tr\/wp-content\/uploads\/2022\/08\/kisisellestirme-istanbulkart-nereden-alinir-istanbul-karta-kisisellestirme-zorunlulugu-1.jpg\" alt=\"\" width=\"1280\" height=\"720\" srcset=\"https:\/\/adanaseshaber.com.tr\/wp-content\/uploads\/2022\/08\/kisisellestirme-istanbulkart-nereden-alinir-istanbul-karta-kisisellestirme-zorunlulugu-1.jpg 1280w, https:\/\/adanaseshaber.com.tr\/wp-content\/uploads\/2022\/08\/kisisellestirme-istanbulkart-nereden-alinir-istanbul-karta-kisisellestirme-zorunlulugu-1-300x169.jpg 300w, https:\/\/adanaseshaber.com.tr\/wp-content\/uploads\/2022\/08\/kisisellestirme-istanbulkart-nereden-alinir-istanbul-karta-kisisellestirme-zorunlulugu-1-1024x576.jpg 1024w, https:\/\/adanaseshaber.com.tr\/wp-content\/uploads\/2022\/08\/kisisellestirme-istanbulkart-nereden-alinir-istanbul-karta-kisisellestirme-zorunlulugu-1-768x432.jpg 768w, https:\/\/adanaseshaber.com.tr\/wp-content\/uploads\/2022\/08\/kisisellestirme-istanbulkart-nereden-alinir-istanbul-karta-kisisellestirme-zorunlulugu-1-390x220.jpg 390w\" sizes=\"auto, (max-width: 1280px) 100vw, 1280px\" \/><\/p>\n<p><strong>K\u0130\u015e\u0130SELLE\u015eT\u0130RME \u0130\u00c7\u0130N SON G\u00dcN NE ZAMAN?<\/strong><\/p>\n<p>\u0130stanbulkart\u2019\u0131n ki\u015fiselle\u015ftirilmesi i\u00e7in son tarih 31 Aral\u0131k 2022 olarak a\u00e7\u0131kland\u0131. Ki\u015fiselle\u015ftirme i\u015flemi \u0130stanbulkart mobil uygulamas\u0131ndan yap\u0131labilecek. Ula\u015f\u0131m kart\u0131n\u0131 ki\u015fiselle\u015ftirmek isteyenler \u0130stanbulkart mobil uygulamas\u0131na giri\u015f yaparak www.bireysel.istanbulkart.istanbul ve www.kisisellestirme.istanbulkart.istanbul adresleri \u00fczerinden gerekli olan bilgileri doldurarak veya 153\u2019\u00fc arayarak i\u015flemlerini ger\u00e7ekle\u015ftirebilecek. 18 Temmuz tarihinden sonra sat\u0131n al\u0131nan kartlar\u0131n ki\u015fiselle\u015ftirilmesi halinde ilk ge\u00e7i\u015f \u00f6demesinden sonra 7,67 lira iade edilecek. Ki\u015fiselle\u015ftirme i\u015fleminin yaln\u0131zca bakiye korumas\u0131 de\u011fil, \u00f6zel kampanyalardan faydalanabilmek i\u00e7in de gerekli oldu\u011funu anlatan BELB\u0130M A\u015e Genel M\u00fcd\u00fcr\u00fc Nihat Narin, ki\u015fiselle\u015ftirilmeyen kartlar\u0131n art\u0131k kullan\u0131lmayaca\u011f\u0131n\u0131 s\u00f6yledi. Art\u0131k \u0130stanbulkart\u2019lar\u0131n her birinin ki\u015fiye \u00f6zel olaca\u011f\u0131n\u0131 s\u00f6yleyen Narin, \u2018Kart\u0131n\u0131z\u0131 ki\u015fiselle\u015ftirirseniz, \u00f6zel g\u00fcnlerde ula\u015f\u0131m\u0131 bedavaya alabilirsiniz. Plajlara, m\u00fczelere gitmek gibi birtak\u0131m kampanyalar\u0131m\u0131zdan faydalanabilirsiniz.\u2019 ifadelerine yer verdi.<\/p>\n<p>&nbsp;<\/p>\n","protected":false},"excerpt":{"rendered":"<p>\u0130stanbulkart i\u00e7in ki\u015fiselle\u015ftirme zorunlulu\u011fu getiriliyor. T\u00fcm \u0130stanbul halk\u0131n\u0131 ilgilendiren ki\u015fiselle\u015ftirme uygulamas\u0131 ile ilgili merak edilen t\u00fcm detaylar ara\u015ft\u0131r\u0131lmaya ba\u015fland\u0131. \u0130stanbulkart Ki\u015fiselle\u015ftirme zorunlulu\u011fu ile ilgili en merak edilenlerin ba\u015f\u0131nda s\u00fcre yer al\u0131yor. Ki\u015fiselle\u015ftirme i\u00e7in ne kadar s\u00fcre verildi\u011fi ve ki\u015fiselle\u015ftirmenin nereden, nas\u0131l yap\u0131laca\u011f\u0131 merakla ara\u015ft\u0131r\u0131l\u0131yor. Konuyla ilgili BELB\u0130M A\u015e Genel M\u00fcd\u00fcr\u00fc Nihat Narin\u2019den a\u00e7\u0131klama geldi. \u0130stanbulkart &hellip;<\/p>\n","protected":false},"author":6,"featured_media":35866,"comment_status":"closed","ping_status":"closed","sticky":false,"template":"","format":"standard","meta":{"footnotes":""},"categories":[1],"tags":[],"class_list":["post-35865","post","type-post","status-publish","format-standard","has-post-thumbnail","hentry","category-genel"],"amp_enabled":true,"_links":{"self":[{"href":"https:\/\/adanaseshaber.com.tr\/index.php?rest_route=\/wp\/v2\/posts\/35865","targetHints":{"allow":["GET"]}}],"collection":[{"href":"https:\/\/adanaseshaber.com.tr\/index.php?rest_route=\/wp\/v2\/posts"}],"about":[{"href":"https:\/\/adanaseshaber.com.tr\/index.php?rest_route=\/wp\/v2\/types\/post"}],"author":[{"embeddable":true,"href":"https:\/\/adanaseshaber.com.tr\/index.php?rest_route=\/wp\/v2\/users\/6"}],"replies":[{"embeddable":true,"href":"https:\/\/adanaseshaber.com.tr\/index.php?rest_route=%2Fwp%2Fv2%2Fcomments&post=35865"}],"version-history":[{"count":2,"href":"https:\/\/adanaseshaber.com.tr\/index.php?rest_route=\/wp\/v2\/posts\/35865\/revisions"}],"predecessor-version":[{"id":35869,"href":"https:\/\/adanaseshaber.com.tr\/index.php?rest_route=\/wp\/v2\/posts\/35865\/revisions\/35869"}],"wp:featuredmedia":[{"embeddable":true,"href":"https:\/\/adanaseshaber.com.tr\/index.php?rest_route=\/wp\/v2\/media\/35866"}],"wp:attachment":[{"href":"https:\/\/adanaseshaber.com.tr\/index.php?rest_route=%2Fwp%2Fv2%2Fmedia&parent=35865"}],"wp:term":[{"taxonomy":"category","embeddable":true,"href":"https:\/\/adanaseshaber.com.tr\/index.php?rest_route=%2Fwp%2Fv2%2Fcategories&post=35865"},{"taxonomy":"post_tag","embeddable":true,"href":"https:\/\/adanaseshaber.com.tr\/index.php?rest_route=%2Fwp%2Fv2%2Ftags&post=35865"}],"curies":[{"name":"wp","href":"https:\/\/api.w.org\/{rel}","templated":true}]}}