{"id":35943,"date":"2022-08-22T11:46:35","date_gmt":"2022-08-22T08:46:35","guid":{"rendered":"https:\/\/www.adanaseshaber.com\/?p=35943"},"modified":"2022-08-22T11:46:34","modified_gmt":"2022-08-22T08:46:34","slug":"tan-tasci-zor-isimiz-zor-sarkisinin-klibi-izlenme-rekorlari-kirdi","status":"publish","type":"post","link":"https:\/\/adanaseshaber.com.tr\/?p=35943","title":{"rendered":"Tan Ta\u015f\u00e7\u0131 Zor \u0130\u015fimiz Zor \u015fark\u0131s\u0131n\u0131n klibi izlenme rekorlar\u0131 k\u0131rd\u0131"},"content":{"rendered":"<p>\u00dcnl\u00fc \u015fark\u0131c\u0131 Tan Ta\u015f\u00e7\u0131\u2019n\u0131n yeni \u015fark\u0131s\u0131 Zor \u0130\u015fimiz Zor\u2019un klibi yay\u0131nland\u0131\u011f\u0131 ilk andan itibaren b\u00fcy\u00fck ilgi g\u00f6rd\u00fc. Klipte yer alan her bir sahne dikkat \u00e7ekerken toplumsal olaylara yer verilen klipte kad\u0131n cinayetleri, \u015fiddet, do\u011fal afetler, \u015fehit Eren B\u00fclb\u00fcl, \u015fehit Fethi Sekin ve hem T\u00fcrkiye hem de d\u00fcnyada ya\u015fanan \u00e7ok say\u0131da olay yer ald\u0131. Klibi izleyenler g\u00f6zya\u015flar\u0131na hakim olamad\u0131. T\u00fcrkiye\u2019nin ba\u015far\u0131l\u0131 sanat\u00e7\u0131lar\u0131 aras\u0131nda yer alan Tan Ta\u015f\u00e7\u0131\u2019n\u0131n yeni \u015fark\u0131s\u0131 hem s\u00f6zleri hem de klibiyle g\u00fcndem oldu. Toplumsal olaylar\u0131n yer ald\u0131\u011f\u0131 klibi izleyenler g\u00f6zya\u015flar\u0131n\u0131 tutamad\u0131. Hem T\u00fcrkiye hem de d\u00fcnyada ya\u015fanan do\u011fal afetler, kad\u0131n cinayetleri ve \u015fiddet gibi olaylar\u0131n yer ald\u0131\u011f\u0131 klibi k\u0131sa s\u00fcrede \u00e7ok say\u0131da ki\u015fi izledi.<\/p>\n<p><strong>TOPLUMSAL OLAYLARA YER VER\u0130LD\u0130<\/strong><\/p>\n<p>Hem \u015fark\u0131lar\u0131 hem de sahne performans\u0131yla ad\u0131ndan s\u0131k\u00e7a bahsettiren \u00fcnl\u00fc \u015fark\u0131c\u0131 Tan Ta\u015f\u00e7\u0131\u2019n\u0131n Zor \u0130\u015fimiz Zor \u015fark\u0131s\u0131 dinleyiciyle bulu\u015ftu. Tan\u2019\u0131n yeni \u015fark\u0131s\u0131n\u0131 duyanlar \u00e7ok be\u011fenirken as\u0131l \u015fark\u0131n\u0131n klibi g\u00fcndemi sallad\u0131. Hem s\u00f6zleri hem de toplumsal olaylara yer verilen klibiyle k\u0131sa s\u00fcrede b\u00fcy\u00fck be\u011feni toplayan \u015fark\u0131 \u00e7ok sevildi.<\/p>\n<p><img loading=\"lazy\" decoding=\"async\" class=\"aligncenter wp-image-35945 size-full\" src=\"https:\/\/adanaseshaber.com.tr\/wp-content\/uploads\/2022\/08\/tan-tasci-zor-isimiz-zor-sarkisinin-klibi-izlenme-rekorlari-kirdi-1.jpg\" alt=\"\" width=\"1280\" height=\"720\" srcset=\"https:\/\/adanaseshaber.com.tr\/wp-content\/uploads\/2022\/08\/tan-tasci-zor-isimiz-zor-sarkisinin-klibi-izlenme-rekorlari-kirdi-1.jpg 1280w, https:\/\/adanaseshaber.com.tr\/wp-content\/uploads\/2022\/08\/tan-tasci-zor-isimiz-zor-sarkisinin-klibi-izlenme-rekorlari-kirdi-1-300x169.jpg 300w, https:\/\/adanaseshaber.com.tr\/wp-content\/uploads\/2022\/08\/tan-tasci-zor-isimiz-zor-sarkisinin-klibi-izlenme-rekorlari-kirdi-1-1024x576.jpg 1024w, https:\/\/adanaseshaber.com.tr\/wp-content\/uploads\/2022\/08\/tan-tasci-zor-isimiz-zor-sarkisinin-klibi-izlenme-rekorlari-kirdi-1-768x432.jpg 768w, https:\/\/adanaseshaber.com.tr\/wp-content\/uploads\/2022\/08\/tan-tasci-zor-isimiz-zor-sarkisinin-klibi-izlenme-rekorlari-kirdi-1-390x220.jpg 390w\" sizes=\"auto, (max-width: 1280px) 100vw, 1280px\" \/><\/p>\n<p><strong>\u015eEH\u0130T EREN B\u00dcLB\u00dcL VE FETH\u0130 SEK\u0130N\u2019DE YER ALDI<\/strong><\/p>\n<p>\u00dcnl\u00fc \u015fark\u0131c\u0131 Tan Ta\u015f\u00e7\u0131\u2019n\u0131n yeni \u015fark\u0131s\u0131n\u0131n klibinde hem T\u00fcrkiye hem de d\u00fcnyada ya\u015fanan toplumsal olaylar yer ald\u0131. \u015eehit Eren B\u00fclb\u00fcl ve \u015fehit Fethi Sekin\u2019in de yer ald\u0131\u011f\u0131 klipte cinayete kurban giden kad\u0131nlar, \u015fiddet ma\u011fdurlar\u0131, Aylan bebek, meydana gelen do\u011fal afetler ve Bo\u011fazi\u00e7i \u00dcniversitesi\u2019nde ya\u015fanan eylemlere kadar \u00e7ok say\u0131da toplumsal olaylar yer buldu. Sosyal medyan\u0131n g\u00fcndemine oturan \u015fark\u0131 ve klibi izleyenler ge\u00e7mi\u015fte ya\u015fananlar\u0131 bir kez daha hat\u0131rlayarak duygusal anlar ya\u015fad\u0131 ve g\u00f6zya\u015flar\u0131na hakim olamad\u0131.<\/p>\n","protected":false},"excerpt":{"rendered":"<p>\u00dcnl\u00fc \u015fark\u0131c\u0131 Tan Ta\u015f\u00e7\u0131\u2019n\u0131n yeni \u015fark\u0131s\u0131 Zor \u0130\u015fimiz Zor\u2019un klibi yay\u0131nland\u0131\u011f\u0131 ilk andan itibaren b\u00fcy\u00fck ilgi g\u00f6rd\u00fc. Klipte yer alan her bir sahne dikkat \u00e7ekerken toplumsal olaylara yer verilen klipte kad\u0131n cinayetleri, \u015fiddet, do\u011fal afetler, \u015fehit Eren B\u00fclb\u00fcl, \u015fehit Fethi Sekin ve hem T\u00fcrkiye hem de d\u00fcnyada ya\u015fanan \u00e7ok say\u0131da olay yer ald\u0131. Klibi izleyenler &hellip;<\/p>\n","protected":false},"author":6,"featured_media":35944,"comment_status":"closed","ping_status":"closed","sticky":false,"template":"","format":"standard","meta":{"footnotes":""},"categories":[1],"tags":[],"class_list":["post-35943","post","type-post","status-publish","format-standard","has-post-thumbnail","hentry","category-genel"],"amp_enabled":true,"_links":{"self":[{"href":"https:\/\/adanaseshaber.com.tr\/index.php?rest_route=\/wp\/v2\/posts\/35943","targetHints":{"allow":["GET"]}}],"collection":[{"href":"https:\/\/adanaseshaber.com.tr\/index.php?rest_route=\/wp\/v2\/posts"}],"about":[{"href":"https:\/\/adanaseshaber.com.tr\/index.php?rest_route=\/wp\/v2\/types\/post"}],"author":[{"embeddable":true,"href":"https:\/\/adanaseshaber.com.tr\/index.php?rest_route=\/wp\/v2\/users\/6"}],"replies":[{"embeddable":true,"href":"https:\/\/adanaseshaber.com.tr\/index.php?rest_route=%2Fwp%2Fv2%2Fcomments&post=35943"}],"version-history":[{"count":2,"href":"https:\/\/adanaseshaber.com.tr\/index.php?rest_route=\/wp\/v2\/posts\/35943\/revisions"}],"predecessor-version":[{"id":35947,"href":"https:\/\/adanaseshaber.com.tr\/index.php?rest_route=\/wp\/v2\/posts\/35943\/revisions\/35947"}],"wp:featuredmedia":[{"embeddable":true,"href":"https:\/\/adanaseshaber.com.tr\/index.php?rest_route=\/wp\/v2\/media\/35944"}],"wp:attachment":[{"href":"https:\/\/adanaseshaber.com.tr\/index.php?rest_route=%2Fwp%2Fv2%2Fmedia&parent=35943"}],"wp:term":[{"taxonomy":"category","embeddable":true,"href":"https:\/\/adanaseshaber.com.tr\/index.php?rest_route=%2Fwp%2Fv2%2Fcategories&post=35943"},{"taxonomy":"post_tag","embeddable":true,"href":"https:\/\/adanaseshaber.com.tr\/index.php?rest_route=%2Fwp%2Fv2%2Ftags&post=35943"}],"curies":[{"name":"wp","href":"https:\/\/api.w.org\/{rel}","templated":true}]}}