{"id":35948,"date":"2022-08-22T12:10:56","date_gmt":"2022-08-22T09:10:56","guid":{"rendered":"https:\/\/www.adanaseshaber.com\/?p=35948"},"modified":"2022-08-22T12:10:55","modified_gmt":"2022-08-22T09:10:55","slug":"e-devlet-ad-ve-soyadi-degisikligi-icin-son-tarih-aciklandi","status":"publish","type":"post","link":"https:\/\/adanaseshaber.com.tr\/?p=35948","title":{"rendered":"e-Devlet ad ve soyad\u0131 de\u011fi\u015fikli\u011fi i\u00e7in son tarih a\u00e7\u0131kland\u0131"},"content":{"rendered":"<p>e-Devlet \u00fczerinden ad ve soyad\u0131 de\u011fi\u015fikli\u011fi ba\u015fvurusu yapmak i\u00e7in son tarih a\u00e7\u0131kland\u0131. N\u00fcfus ve Vatanda\u015fl\u0131k \u0130\u015fleri Genel M\u00fcd\u00fcrl\u00fc\u011f\u00fc, ad ve soyad\u0131 de\u011fi\u015fikli\u011fi ba\u015fvurusunun e-Devlet \u00fczerinden yap\u0131labilece\u011fini bildirmi\u015fti. Ad ve soyad\u0131 de\u011fi\u015fikli\u011fi ba\u015fvurusunu e-Devlet sistemi \u00fczerinden yapmak isteyenler son ba\u015fvuru tarihini ara\u015ft\u0131rmaya ba\u015flad\u0131. \u0130\u00e7i\u015fleri Bakanl\u0131\u011f\u0131 taraf\u0131ndan geride b\u0131rakt\u0131\u011f\u0131m\u0131z y\u0131l ad ve soyad\u0131 de\u011fi\u015fikli\u011fi ile ilgili ba\u015fvurular\u0131n e-Devlet \u00fczerinden yap\u0131labilece\u011fini duyurulmu\u015ftu. Sunulan bu yeni hizmet ile \u00e7ok say\u0131da vatanda\u015f ad\u0131n\u0131 ve soyad\u0131n\u0131 de\u011fi\u015ftirmi\u015fti. \u015eimdiye kadar 298 bin 670 ki\u015finin soyad\u0131n\u0131, 134 bin 818 ki\u015finin de ad\u0131n\u0131 de\u011fi\u015ftirdi\u011fi a\u00e7\u0131kland\u0131.<\/p>\n<p><strong>BA\u015eVURULARIN B\u0130TECE\u011e\u0130 TAR\u0130H A\u00c7IKLANDI<\/strong><\/p>\n<p>\u0130\u00e7i\u015fleri Bakanl\u0131\u011f\u0131, geride b\u0131rakt\u0131\u011f\u0131m\u0131z y\u0131l yapt\u0131\u011f\u0131 a\u00e7\u0131klamayla ad ve soyad\u0131 de\u011fi\u015fikli\u011fi yapmak isteyenlerin ba\u015fvurular\u0131n\u0131 e-Devlet \u00fczerinden yapabilece\u011fini bildirmi\u015fti. e-Devlet \u00fczerinden sunulan bu hizmet ge\u00e7ti\u011fimiz y\u0131ldan bu yana devam ederken N\u00fcfus ve Vatanda\u015fl\u0131k \u0130\u015fleri genel M\u00fcd\u00fcrl\u00fc\u011f\u00fc, hizmetle ilgili yeni bir duyuru yapt\u0131. Sosyal medya \u00fczerinden vatanda\u015flara yap\u0131lan duyuru kapsam\u0131nda vatanda\u015flar\u0131n genel ahlaka uygun olmayan, g\u00fcl\u00fcn\u00e7 olarak de\u011ferlendirilen, yaz\u0131m ve imla hatas\u0131 olan ad ve soyad\u0131 de\u011fi\u015fikli\u011fi ba\u015fvurular\u0131n\u0131 e-Devlet arac\u0131l\u0131\u011f\u0131yla veya yaz\u0131l\u0131 olarak il\u00e7e n\u00fcfus m\u00fcd\u00fcrl\u00fcklerine 24 Aral\u0131k 2022 tarihine kadar yapabilecekleri bildirildi.<\/p>\n<p><img loading=\"lazy\" decoding=\"async\" class=\"aligncenter wp-image-35950 size-full\" src=\"https:\/\/adanaseshaber.com.tr\/wp-content\/uploads\/2022\/08\/e-devlet-ad-ve-soyadi-degisikligi-icin-son-tarih-aciklandi-1.jpg\" alt=\"\" width=\"1280\" height=\"720\" srcset=\"https:\/\/adanaseshaber.com.tr\/wp-content\/uploads\/2022\/08\/e-devlet-ad-ve-soyadi-degisikligi-icin-son-tarih-aciklandi-1.jpg 1280w, https:\/\/adanaseshaber.com.tr\/wp-content\/uploads\/2022\/08\/e-devlet-ad-ve-soyadi-degisikligi-icin-son-tarih-aciklandi-1-300x169.jpg 300w, https:\/\/adanaseshaber.com.tr\/wp-content\/uploads\/2022\/08\/e-devlet-ad-ve-soyadi-degisikligi-icin-son-tarih-aciklandi-1-1024x576.jpg 1024w, https:\/\/adanaseshaber.com.tr\/wp-content\/uploads\/2022\/08\/e-devlet-ad-ve-soyadi-degisikligi-icin-son-tarih-aciklandi-1-768x432.jpg 768w, https:\/\/adanaseshaber.com.tr\/wp-content\/uploads\/2022\/08\/e-devlet-ad-ve-soyadi-degisikligi-icin-son-tarih-aciklandi-1-390x220.jpg 390w\" sizes=\"auto, (max-width: 1280px) 100vw, 1280px\" \/><\/p>\n<p><strong>\u00c7OK SAYIDA K\u0130\u015e\u0130 YARARLANDI<\/strong><\/p>\n<p>Ge\u00e7ti\u011fimiz y\u0131ldan itibaren sunulan bu hizmetten \u00e7ok say\u0131da vatanda\u015f yararland\u0131. \u015eimdiye kadar 298 bin 670 ki\u015fi soyad\u0131n\u0131, 134 bin 818 ki\u015fi de ad\u0131n\u0131 de\u011fi\u015ftirdi.<\/p>\n<p>&nbsp;<\/p>\n","protected":false},"excerpt":{"rendered":"<p>e-Devlet \u00fczerinden ad ve soyad\u0131 de\u011fi\u015fikli\u011fi ba\u015fvurusu yapmak i\u00e7in son tarih a\u00e7\u0131kland\u0131. N\u00fcfus ve Vatanda\u015fl\u0131k \u0130\u015fleri Genel M\u00fcd\u00fcrl\u00fc\u011f\u00fc, ad ve soyad\u0131 de\u011fi\u015fikli\u011fi ba\u015fvurusunun e-Devlet \u00fczerinden yap\u0131labilece\u011fini bildirmi\u015fti. Ad ve soyad\u0131 de\u011fi\u015fikli\u011fi ba\u015fvurusunu e-Devlet sistemi \u00fczerinden yapmak isteyenler son ba\u015fvuru tarihini ara\u015ft\u0131rmaya ba\u015flad\u0131. \u0130\u00e7i\u015fleri Bakanl\u0131\u011f\u0131 taraf\u0131ndan geride b\u0131rakt\u0131\u011f\u0131m\u0131z y\u0131l ad ve soyad\u0131 de\u011fi\u015fikli\u011fi ile ilgili ba\u015fvurular\u0131n &hellip;<\/p>\n","protected":false},"author":6,"featured_media":35949,"comment_status":"closed","ping_status":"closed","sticky":false,"template":"","format":"standard","meta":{"footnotes":""},"categories":[1],"tags":[],"class_list":["post-35948","post","type-post","status-publish","format-standard","has-post-thumbnail","hentry","category-genel"],"amp_enabled":true,"_links":{"self":[{"href":"https:\/\/adanaseshaber.com.tr\/index.php?rest_route=\/wp\/v2\/posts\/35948","targetHints":{"allow":["GET"]}}],"collection":[{"href":"https:\/\/adanaseshaber.com.tr\/index.php?rest_route=\/wp\/v2\/posts"}],"about":[{"href":"https:\/\/adanaseshaber.com.tr\/index.php?rest_route=\/wp\/v2\/types\/post"}],"author":[{"embeddable":true,"href":"https:\/\/adanaseshaber.com.tr\/index.php?rest_route=\/wp\/v2\/users\/6"}],"replies":[{"embeddable":true,"href":"https:\/\/adanaseshaber.com.tr\/index.php?rest_route=%2Fwp%2Fv2%2Fcomments&post=35948"}],"version-history":[{"count":2,"href":"https:\/\/adanaseshaber.com.tr\/index.php?rest_route=\/wp\/v2\/posts\/35948\/revisions"}],"predecessor-version":[{"id":35952,"href":"https:\/\/adanaseshaber.com.tr\/index.php?rest_route=\/wp\/v2\/posts\/35948\/revisions\/35952"}],"wp:featuredmedia":[{"embeddable":true,"href":"https:\/\/adanaseshaber.com.tr\/index.php?rest_route=\/wp\/v2\/media\/35949"}],"wp:attachment":[{"href":"https:\/\/adanaseshaber.com.tr\/index.php?rest_route=%2Fwp%2Fv2%2Fmedia&parent=35948"}],"wp:term":[{"taxonomy":"category","embeddable":true,"href":"https:\/\/adanaseshaber.com.tr\/index.php?rest_route=%2Fwp%2Fv2%2Fcategories&post=35948"},{"taxonomy":"post_tag","embeddable":true,"href":"https:\/\/adanaseshaber.com.tr\/index.php?rest_route=%2Fwp%2Fv2%2Ftags&post=35948"}],"curies":[{"name":"wp","href":"https:\/\/api.w.org\/{rel}","templated":true}]}}