{"id":35954,"date":"2022-08-22T12:24:58","date_gmt":"2022-08-22T09:24:58","guid":{"rendered":"https:\/\/www.adanaseshaber.com\/?p=35954"},"modified":"2022-08-22T12:25:11","modified_gmt":"2022-08-22T09:25:11","slug":"ayse-yuksel-arka-sokaklar-kadrosuna-dahil-oldu","status":"publish","type":"post","link":"https:\/\/adanaseshaber.com.tr\/?p=35954","title":{"rendered":"Ay\u015fe Y\u00fcksel Arka Sokaklar kadrosuna dahil oldu"},"content":{"rendered":"<p>Ekranlar\u0131n en uzun soluklu yap\u0131mlar\u0131ndan biri olan ve yeni sezon haz\u0131rl\u0131klar\u0131na devam eden Arka Sokaklar, kadrosunu yenilemeye devam ediyor. \u00c7ok g\u00fc\u00e7l\u00fc oyuncu kadrosu ve izleyiciyi ekrana kilitleyen konusuyla uzun y\u0131llard\u0131r ekrandaki yerini korumay\u0131 ba\u015faran dizinin yeni sezonunda oyuncu kadrosu bir hayli yenilenecek. Dizinin yeni sezonunda oyuncu kadrosuna bomba bir idmin daha dahil olaca\u011f\u0131 iddia edildi. Survivor yar\u0131\u015fmas\u0131nda ad\u0131n\u0131 duyuran ve k\u0131sa s\u00fcrede izleyicinin sevgisini kazanan Ay\u015fe Y\u00fcksel\u2019in Arka Sokaklar\u2019\u0131n yeni sezonunda yer alaca\u011f\u0131 iddia ediliyor. Dizi setlerine ad\u0131m att\u0131\u011f\u0131 konu\u015fulan Ay\u015fe\u2019nin Arka Sokaklar\u2019\u0131n yeni sezonuna komiser olarak kat\u0131laca\u011f\u0131 konu\u015fuluyor. Yeni sezona bomba gibi haz\u0131rlanan dizinin kadrosuna kat\u0131lan \u00e7ok say\u0131da yeni oyuncu var.<\/p>\n<p><strong>AY\u015eE Y\u00dcKSEL OYUNCULU\u011eA ADIM ATIYOR<\/strong><\/p>\n<p>Uzun y\u0131llard\u0131r ekranda yer alan ve herkesin severek takip etti\u011fi dizilerin ba\u015f\u0131nda gelen Arka Sokaklar, yeni sezon haz\u0131rl\u0131klar\u0131na da h\u0131z kesmeden devam ediyor. Dizide ya\u015fanan ayr\u0131l\u0131klar \u00fczerine kadroya yeni isimler dahil olmaya ba\u015flad\u0131. Oyuncu kadrosunda yenilikler yap\u0131l\u0131rken eski oyuncu kadrosundan da \u00e7ok say\u0131da isim dizideki rol\u00fcne devam ediyor. Arka Sokaklar\u2019\u0131n yeni sezonunda ekranda yer alaca\u011f\u0131 konu\u015fulan bir isim de Survivor yar\u0131\u015fmac\u0131s\u0131 Ay\u015fe Y\u00fcksel. Ay\u015fe\u2019nin oyunculu\u011fa ad\u0131m att\u0131\u011f\u0131 ve Arka Sokaklar dizisinde komiser olarak sevenlerinin kar\u015f\u0131s\u0131na \u00e7\u0131kaca\u011f\u0131 iddia ediliyor.<\/p>\n<p><img loading=\"lazy\" decoding=\"async\" class=\"aligncenter wp-image-35959 size-full\" src=\"https:\/\/adanaseshaber.com.tr\/wp-content\/uploads\/2022\/08\/ayse-yuksel-arka-sokaklar-kadrosuna-dahil-oldu-1.jpg\" alt=\"\" width=\"1280\" height=\"720\" srcset=\"https:\/\/adanaseshaber.com.tr\/wp-content\/uploads\/2022\/08\/ayse-yuksel-arka-sokaklar-kadrosuna-dahil-oldu-1.jpg 1280w, https:\/\/adanaseshaber.com.tr\/wp-content\/uploads\/2022\/08\/ayse-yuksel-arka-sokaklar-kadrosuna-dahil-oldu-1-300x169.jpg 300w, https:\/\/adanaseshaber.com.tr\/wp-content\/uploads\/2022\/08\/ayse-yuksel-arka-sokaklar-kadrosuna-dahil-oldu-1-1024x576.jpg 1024w, https:\/\/adanaseshaber.com.tr\/wp-content\/uploads\/2022\/08\/ayse-yuksel-arka-sokaklar-kadrosuna-dahil-oldu-1-768x432.jpg 768w, https:\/\/adanaseshaber.com.tr\/wp-content\/uploads\/2022\/08\/ayse-yuksel-arka-sokaklar-kadrosuna-dahil-oldu-1-390x220.jpg 390w\" sizes=\"auto, (max-width: 1280px) 100vw, 1280px\" \/><\/p>\n<p><strong>AY\u015eE Y\u00dcKSEL K\u0130MD\u0130R?<\/strong><\/p>\n<p>23 May\u0131s 2000 y\u0131l\u0131nda d\u00fcnyaya gelen Ay\u015fe Y\u00fcksel, D\u00fcze \u00dcniversitesi ikinci s\u0131n\u0131f \u00f6\u011frencisidir. \u00c7ocuk ya\u015flardan itibaren spora merak salan ve sporun i\u00e7inde yer alan Ay\u015fe Y\u00fcksel, ortaokulda haltere ba\u015flad\u0131 ve T\u00fcrkiye \u00fc\u00e7\u00fcnc\u00fcs\u00fc oldu. Voleybol kariyerinin ise ikinci y\u0131l\u0131nda tenis antren\u00f6rl\u00fc\u011f\u00fcne ba\u015flad\u0131. Voleybol, futbol, tenis basketbol, tenis ve y\u00fczme gibi \u00e7ok say\u0131da bran\u015fta yer alan ve sporculuk kariyerini \u00e7e\u015fitlendiren Ay\u015fe, Survivor yar\u0131\u015fmas\u0131na iki kez kat\u0131lm\u0131\u015f ve All Star 2022 sezonunda d\u00f6rd\u00fcnc\u00fc olmu\u015ftur.<\/p>\n","protected":false},"excerpt":{"rendered":"<p>Ekranlar\u0131n en uzun soluklu yap\u0131mlar\u0131ndan biri olan ve yeni sezon haz\u0131rl\u0131klar\u0131na devam eden Arka Sokaklar, kadrosunu yenilemeye devam ediyor. \u00c7ok g\u00fc\u00e7l\u00fc oyuncu kadrosu ve izleyiciyi ekrana kilitleyen konusuyla uzun y\u0131llard\u0131r ekrandaki yerini korumay\u0131 ba\u015faran dizinin yeni sezonunda oyuncu kadrosu bir hayli yenilenecek. Dizinin yeni sezonunda oyuncu kadrosuna bomba bir idmin daha dahil olaca\u011f\u0131 iddia edildi. &hellip;<\/p>\n","protected":false},"author":6,"featured_media":35957,"comment_status":"closed","ping_status":"closed","sticky":false,"template":"","format":"standard","meta":{"footnotes":""},"categories":[15431],"tags":[],"class_list":["post-35954","post","type-post","status-publish","format-standard","has-post-thumbnail","hentry","category-medya"],"amp_enabled":true,"_links":{"self":[{"href":"https:\/\/adanaseshaber.com.tr\/index.php?rest_route=\/wp\/v2\/posts\/35954","targetHints":{"allow":["GET"]}}],"collection":[{"href":"https:\/\/adanaseshaber.com.tr\/index.php?rest_route=\/wp\/v2\/posts"}],"about":[{"href":"https:\/\/adanaseshaber.com.tr\/index.php?rest_route=\/wp\/v2\/types\/post"}],"author":[{"embeddable":true,"href":"https:\/\/adanaseshaber.com.tr\/index.php?rest_route=\/wp\/v2\/users\/6"}],"replies":[{"embeddable":true,"href":"https:\/\/adanaseshaber.com.tr\/index.php?rest_route=%2Fwp%2Fv2%2Fcomments&post=35954"}],"version-history":[{"count":2,"href":"https:\/\/adanaseshaber.com.tr\/index.php?rest_route=\/wp\/v2\/posts\/35954\/revisions"}],"predecessor-version":[{"id":35960,"href":"https:\/\/adanaseshaber.com.tr\/index.php?rest_route=\/wp\/v2\/posts\/35954\/revisions\/35960"}],"wp:featuredmedia":[{"embeddable":true,"href":"https:\/\/adanaseshaber.com.tr\/index.php?rest_route=\/wp\/v2\/media\/35957"}],"wp:attachment":[{"href":"https:\/\/adanaseshaber.com.tr\/index.php?rest_route=%2Fwp%2Fv2%2Fmedia&parent=35954"}],"wp:term":[{"taxonomy":"category","embeddable":true,"href":"https:\/\/adanaseshaber.com.tr\/index.php?rest_route=%2Fwp%2Fv2%2Fcategories&post=35954"},{"taxonomy":"post_tag","embeddable":true,"href":"https:\/\/adanaseshaber.com.tr\/index.php?rest_route=%2Fwp%2Fv2%2Ftags&post=35954"}],"curies":[{"name":"wp","href":"https:\/\/api.w.org\/{rel}","templated":true}]}}