{"id":35973,"date":"2022-08-22T14:44:10","date_gmt":"2022-08-22T11:44:10","guid":{"rendered":"https:\/\/www.adanaseshaber.com\/?p=35973"},"modified":"2022-08-22T14:44:09","modified_gmt":"2022-08-22T11:44:09","slug":"itfaiye-dairesindeki-cinsel-icerikli-goruntuler-ifsa-oldu","status":"publish","type":"post","link":"https:\/\/adanaseshaber.com.tr\/?p=35973","title":{"rendered":"\u0130tfaiye dairesindeki cinsel i\u00e7erikli g\u00f6r\u00fcnt\u00fcler if\u015fa oldu"},"content":{"rendered":"<p>Azerbaycan\u2019da bir itfaiye ofisindeki g\u00f6r\u00fcnt\u00fcler g\u00fcndem oldu. \u0130tfaiye \u015fefi yard\u0131mc\u0131s\u0131n\u0131n kad\u0131n bir itfaiye g\u00f6revlisiyle yak\u0131nla\u015ft\u0131\u011f\u0131 g\u00f6r\u00fcnt\u00fcler if\u015fa edildi. G\u00fcndeme bomba gibi d\u00fc\u015fen g\u00f6r\u00fcnt\u00fcler sosyal medyaya s\u0131zd\u0131r\u0131l\u0131rken olay sonras\u0131nda itfaiye \u015fefi yard\u0131mc\u0131s\u0131n\u0131n g\u00f6revine son verildi. \u00c7ok konu\u015fulan g\u00f6r\u00fcnt\u00fclere yorum ya\u011fd\u0131. Azerbaycan\u2019\u0131n g\u00fcndemine oturan itfaiye \u015fefi yard\u0131mc\u0131s\u0131 ve kad\u0131n itfaiye g\u00f6revlisinin sosyal medyaya s\u0131zan cinsel i\u00e7erikli g\u00f6r\u00fcnt\u00fcleri \u00e7ok konu\u015fuldu. G\u00f6r\u00fcnt\u00fclerin sosyal medyaya s\u0131zmas\u0131yla g\u00fcndem adeta salland\u0131. Olay\u0131n ard\u0131ndan itfaiye \u015fefi yard\u0131mc\u0131s\u0131 Albay Zaur Mirzayev g\u00f6revden al\u0131nd\u0131. \u0130\u015fte detaylar\u2026<\/p>\n<p><strong>G\u00d6R\u00dcNT\u00dcLER \u0130F\u015eA ED\u0130LD\u0130<\/strong><\/p>\n<p>Olay, Azerbaycan\u2019da bir itfaiye ofisinde meydana geldi. \u0130tfaiye ofisinde kaydedilen g\u00f6r\u00fcnt\u00fclerde itfaiye \u015fefi yard\u0131mc\u0131s\u0131 Albay Zaur Mirzayerv\u2019in kad\u0131n bir itfaiye g\u00f6revlisiyle yak\u0131nla\u015ft\u0131\u011f\u0131 anlar yer ald\u0131. Sosyal medyaya s\u0131zd\u0131r\u0131lan g\u00f6r\u00fcnt\u00fclerin if\u015fa olmas\u0131yla g\u00fcndem adeta salland\u0131. G\u00f6r\u00fcnt\u00fclerin kim taraf\u0131ndan s\u0131zd\u0131r\u0131ld\u0131\u011f\u0131 bilinmezken savc\u0131l\u0131k ba\u015fsavc\u0131l\u0131k ise s\u00f6z konusu videonun ofisin kap\u0131s\u0131 kilitlendikten sonra \u00e7ekildi\u011fini aktard\u0131.<\/p>\n<p><img loading=\"lazy\" decoding=\"async\" class=\"aligncenter wp-image-35975 size-full\" src=\"https:\/\/adanaseshaber.com.tr\/wp-content\/uploads\/2022\/08\/itfaiye-dairesindeki-cinsel-icerikli-goruntuler-ifsa-oldu-1.jpg\" alt=\"\" width=\"1280\" height=\"720\" srcset=\"https:\/\/adanaseshaber.com.tr\/wp-content\/uploads\/2022\/08\/itfaiye-dairesindeki-cinsel-icerikli-goruntuler-ifsa-oldu-1.jpg 1280w, https:\/\/adanaseshaber.com.tr\/wp-content\/uploads\/2022\/08\/itfaiye-dairesindeki-cinsel-icerikli-goruntuler-ifsa-oldu-1-300x169.jpg 300w, https:\/\/adanaseshaber.com.tr\/wp-content\/uploads\/2022\/08\/itfaiye-dairesindeki-cinsel-icerikli-goruntuler-ifsa-oldu-1-1024x576.jpg 1024w, https:\/\/adanaseshaber.com.tr\/wp-content\/uploads\/2022\/08\/itfaiye-dairesindeki-cinsel-icerikli-goruntuler-ifsa-oldu-1-768x432.jpg 768w, https:\/\/adanaseshaber.com.tr\/wp-content\/uploads\/2022\/08\/itfaiye-dairesindeki-cinsel-icerikli-goruntuler-ifsa-oldu-1-390x220.jpg 390w\" sizes=\"auto, (max-width: 1280px) 100vw, 1280px\" \/><\/p>\n<p><strong>G\u00d6REVDEN ALINDI<\/strong><\/p>\n<p>\u0130tfaiye \u015fefi yard\u0131mc\u0131s\u0131 Albay Zaur Mirzayev, kad\u0131n bir meslekta\u015f\u0131yla yak\u0131nla\u015ft\u0131. \u0130kilinin yak\u0131nla\u015ft\u0131\u011f\u0131 anlar\u0131n g\u00f6r\u00fcnt\u00fcs\u00fc sosyal medyaya s\u0131zd\u0131r\u0131ld\u0131. Kim taraf\u0131ndan s\u0131zd\u0131r\u0131ld\u0131\u011f\u0131 bilinmeyen g\u00f6r\u00fcnt\u00fclerle ilgili ba\u015fsavc\u0131l\u0131k ise s\u00f6z konusu g\u00f6r\u00fcnt\u00fclerin ofisin kap\u0131s\u0131 kilitlendikten sonra \u00e7ekildi\u011fini belirtti. G\u00f6r\u00fcnt\u00fclerin if\u015fa olmas\u0131n\u0131n ard\u0131ndan itfaiye \u015fefi yard\u0131mc\u0131s\u0131 g\u00f6revden al\u0131nd\u0131.<\/p>\n<p><img loading=\"lazy\" decoding=\"async\" class=\"aligncenter wp-image-35976 size-full\" src=\"https:\/\/adanaseshaber.com.tr\/wp-content\/uploads\/2022\/08\/itfaiye-dairesindeki-cinsel-icerikli-goruntuler-ifsa-oldu-2.jpg\" alt=\"\" width=\"1280\" height=\"720\" srcset=\"https:\/\/adanaseshaber.com.tr\/wp-content\/uploads\/2022\/08\/itfaiye-dairesindeki-cinsel-icerikli-goruntuler-ifsa-oldu-2.jpg 1280w, https:\/\/adanaseshaber.com.tr\/wp-content\/uploads\/2022\/08\/itfaiye-dairesindeki-cinsel-icerikli-goruntuler-ifsa-oldu-2-300x169.jpg 300w, https:\/\/adanaseshaber.com.tr\/wp-content\/uploads\/2022\/08\/itfaiye-dairesindeki-cinsel-icerikli-goruntuler-ifsa-oldu-2-1024x576.jpg 1024w, https:\/\/adanaseshaber.com.tr\/wp-content\/uploads\/2022\/08\/itfaiye-dairesindeki-cinsel-icerikli-goruntuler-ifsa-oldu-2-768x432.jpg 768w, https:\/\/adanaseshaber.com.tr\/wp-content\/uploads\/2022\/08\/itfaiye-dairesindeki-cinsel-icerikli-goruntuler-ifsa-oldu-2-390x220.jpg 390w\" sizes=\"auto, (max-width: 1280px) 100vw, 1280px\" \/><\/p>\n<p><strong>G\u00d6ZALTINA ALINDI<\/strong><\/p>\n<p>Aktar\u0131lan bilgilere g\u00f6re, Acil Durumlar Bakanl\u0131\u011f\u0131 Devlet Yang\u0131ndan korunma Servisi \u015eefi\u2019nin yard\u0131mc\u0131s\u0131 olan Albay Zaur Mirzayev, olay\u0131n ard\u0131ndan g\u00f6zalt\u0131na al\u0131nd\u0131. \u0130tfaiye \u015fefi yard\u0131mc\u0131s\u0131 Mirzayev\u2019in g\u00f6revi k\u00f6t\u00fcye kullanma, pornografik materyallerin yasa d\u0131\u015f\u0131 da\u011f\u0131t\u0131m\u0131 ve mahremiyet ihlalleri dahil olmak \u00fczere cezai su\u00e7larla hakim kar\u015f\u0131s\u0131na \u00e7\u0131kart\u0131lmaya haz\u0131rland\u0131\u011f\u0131 \u00f6\u011frenildi. \u00d6te yandan Mirzayev\u2019in \u00e7ekimleri de kendisi yapt\u0131\u011f\u0131 iddia edildi. Yetkililer, Mirzayev\u2019in hizmet bilgisayar\u0131na gizli bir kamera yerle\u015ftirdi\u011fini ve mesai saatleri i\u00e7inde cinsel eylemlerde bulundu\u011funu \u00f6ne s\u00fcrd\u00fc. Savc\u0131l\u0131k taraf\u0131ndan konuyla ilgili yap\u0131lan a\u00e7\u0131klamada ise \u2018Ofiste cinsel ili\u015fki ve di\u011fer yak\u0131n ili\u015fki bi\u00e7imleri s\u0131ras\u0131nda video ve foto\u011fraf \u00e7ekimi yapt\u0131\u011f\u0131n\u0131 ve yasa d\u0131\u015f\u0131 pornografik g\u00f6r\u00fcnt\u00fclerin internette yay\u0131lmas\u0131na neden oldu\u011funu tespit ettik.\u2019 ifadelerine yer verildi.<\/p>\n<p>&nbsp;<\/p>\n","protected":false},"excerpt":{"rendered":"<p>Azerbaycan\u2019da bir itfaiye ofisindeki g\u00f6r\u00fcnt\u00fcler g\u00fcndem oldu. \u0130tfaiye \u015fefi yard\u0131mc\u0131s\u0131n\u0131n kad\u0131n bir itfaiye g\u00f6revlisiyle yak\u0131nla\u015ft\u0131\u011f\u0131 g\u00f6r\u00fcnt\u00fcler if\u015fa edildi. G\u00fcndeme bomba gibi d\u00fc\u015fen g\u00f6r\u00fcnt\u00fcler sosyal medyaya s\u0131zd\u0131r\u0131l\u0131rken olay sonras\u0131nda itfaiye \u015fefi yard\u0131mc\u0131s\u0131n\u0131n g\u00f6revine son verildi. \u00c7ok konu\u015fulan g\u00f6r\u00fcnt\u00fclere yorum ya\u011fd\u0131. Azerbaycan\u2019\u0131n g\u00fcndemine oturan itfaiye \u015fefi yard\u0131mc\u0131s\u0131 ve kad\u0131n itfaiye g\u00f6revlisinin sosyal medyaya s\u0131zan cinsel i\u00e7erikli g\u00f6r\u00fcnt\u00fcleri &hellip;<\/p>\n","protected":false},"author":6,"featured_media":35974,"comment_status":"closed","ping_status":"closed","sticky":false,"template":"","format":"standard","meta":{"footnotes":""},"categories":[1],"tags":[],"class_list":["post-35973","post","type-post","status-publish","format-standard","has-post-thumbnail","hentry","category-genel"],"amp_enabled":true,"_links":{"self":[{"href":"https:\/\/adanaseshaber.com.tr\/index.php?rest_route=\/wp\/v2\/posts\/35973","targetHints":{"allow":["GET"]}}],"collection":[{"href":"https:\/\/adanaseshaber.com.tr\/index.php?rest_route=\/wp\/v2\/posts"}],"about":[{"href":"https:\/\/adanaseshaber.com.tr\/index.php?rest_route=\/wp\/v2\/types\/post"}],"author":[{"embeddable":true,"href":"https:\/\/adanaseshaber.com.tr\/index.php?rest_route=\/wp\/v2\/users\/6"}],"replies":[{"embeddable":true,"href":"https:\/\/adanaseshaber.com.tr\/index.php?rest_route=%2Fwp%2Fv2%2Fcomments&post=35973"}],"version-history":[{"count":1,"href":"https:\/\/adanaseshaber.com.tr\/index.php?rest_route=\/wp\/v2\/posts\/35973\/revisions"}],"predecessor-version":[{"id":35977,"href":"https:\/\/adanaseshaber.com.tr\/index.php?rest_route=\/wp\/v2\/posts\/35973\/revisions\/35977"}],"wp:featuredmedia":[{"embeddable":true,"href":"https:\/\/adanaseshaber.com.tr\/index.php?rest_route=\/wp\/v2\/media\/35974"}],"wp:attachment":[{"href":"https:\/\/adanaseshaber.com.tr\/index.php?rest_route=%2Fwp%2Fv2%2Fmedia&parent=35973"}],"wp:term":[{"taxonomy":"category","embeddable":true,"href":"https:\/\/adanaseshaber.com.tr\/index.php?rest_route=%2Fwp%2Fv2%2Fcategories&post=35973"},{"taxonomy":"post_tag","embeddable":true,"href":"https:\/\/adanaseshaber.com.tr\/index.php?rest_route=%2Fwp%2Fv2%2Ftags&post=35973"}],"curies":[{"name":"wp","href":"https:\/\/api.w.org\/{rel}","templated":true}]}}