{"id":35990,"date":"2022-08-22T16:19:25","date_gmt":"2022-08-22T13:19:25","guid":{"rendered":"https:\/\/www.adanaseshaber.com\/?p=35990"},"modified":"2022-08-22T16:19:05","modified_gmt":"2022-08-22T13:19:05","slug":"mesut-ozil-cumhurbaskani-erdoganin-hediye-ettigi-saati-paylasti-sosyal-medya-yikildi","status":"publish","type":"post","link":"https:\/\/adanaseshaber.com.tr\/?p=35990","title":{"rendered":"Mesut \u00d6zil Cumhurba\u015fkan\u0131 Erdo\u011fan\u2019\u0131n hediye etti\u011fi saati payla\u015ft\u0131 sosyal medya y\u0131k\u0131ld\u0131"},"content":{"rendered":"<p>Fenerbah\u00e7e\u2019den Ba\u015fak\u015fehir\u2019e transfer olan y\u0131ld\u0131z futbolcu Mesut \u00d6zil, Cumhurba\u015fkan\u0131 Recep Tayyip Erdo\u011fan taraf\u0131ndan kendisine hediye edilen saati sosyal medya hesab\u0131ndan payla\u015ft\u0131. \u00d6zil\u2019in payla\u015f\u0131m\u0131n\u0131n ard\u0131ndan sosyal medyada g\u00fcndem Cumhurba\u015fkan\u0131 Erdo\u011fan\u2019\u0131n y\u0131ld\u0131z futbolcuya verdi\u011fi hediye saat oldu. Pahal\u0131 hediye ile ilgili \u00e7ok say\u0131da yorum geldi. Cumhurba\u015fkan\u0131 Erdo\u011fan\u2019\u0131n Mesut \u00d6zil\u2019e hediye etti\u011fi kendi imzas\u0131n\u0131n bulundu\u011fu saat sosyal medyada g\u00fcndem oldu. Mesut \u00d6zil\u2019in sosyal medya hesab\u0131ndan payla\u015ft\u0131\u011f\u0131 hediye ile ilgili \u00e7ok say\u0131da yorum gelirken konu sosyal medyan\u0131n g\u00fcndemine oturdu. AK Parti\u2019nin 21. kurulu y\u0131ld\u00f6n\u00fcm\u00fcnde AK Parti y\u00f6neticileri ve milletvekillerine hediye edilen bu saatin futbolcu Mesut \u00d6zil\u2019e de hediye edilmesi baz\u0131 sosyal medya kullan\u0131c\u0131lar\u0131 taraf\u0131ndan ele\u015ftirildi.<\/p>\n<p><b>HED\u0130YE SAAT\u0130N\u0130 SOSYAL MEDYA HESABINDAN PAYLA\u015eTI<\/b><\/p>\n<p>D\u00fcnyaca \u00fcnl\u00fc futbolcu Mesut \u00d6zil, Fenerbah\u00e7e\u2019den ayr\u0131l\u0131\u011f\u0131yla spor g\u00fcndeminde \u00fcst s\u0131ralarda yer alm\u0131\u015f ve Ba\u015fak\u015fehir\u2019e transferi ile de \u00e7ok konu\u015fulmu\u015ftu. Sosyal medya hesab\u0131n\u0131 da aktif \u015fekilde kullanan \u00d6zil, sosyal medya hesab\u0131n\u0131n hikaye k\u0131sm\u0131ndan Cumhurba\u015fkan\u0131 Recep Tayyip Erdo\u011fan taraf\u0131ndan kendisine hediye edilen Erdo\u011fan\u2019\u0131n imzas\u0131 bulunan kol saatini payla\u015ft\u0131. \u00d6zil, kolundaki hediye saatin foto\u011fraf\u0131n\u0131 payla\u015farak T\u00fcrk bayra\u011f\u0131, dua eden eller ve kalp emojisini not olarak ekledi.<\/p>\n<p><img loading=\"lazy\" decoding=\"async\" class=\"aligncenter wp-image-35995 size-full\" src=\"https:\/\/adanaseshaber.com.tr\/wp-content\/uploads\/2022\/08\/mesut-ozil-cumhurbaskani-erdoganin-hediye-ettigi-saati-paylasti-sosyal-medya-yikildi.jpeg\" alt=\"\" width=\"1280\" height=\"720\" srcset=\"https:\/\/adanaseshaber.com.tr\/wp-content\/uploads\/2022\/08\/mesut-ozil-cumhurbaskani-erdoganin-hediye-ettigi-saati-paylasti-sosyal-medya-yikildi.jpeg 1280w, https:\/\/adanaseshaber.com.tr\/wp-content\/uploads\/2022\/08\/mesut-ozil-cumhurbaskani-erdoganin-hediye-ettigi-saati-paylasti-sosyal-medya-yikildi-300x169.jpeg 300w, https:\/\/adanaseshaber.com.tr\/wp-content\/uploads\/2022\/08\/mesut-ozil-cumhurbaskani-erdoganin-hediye-ettigi-saati-paylasti-sosyal-medya-yikildi-1024x576.jpeg 1024w, https:\/\/adanaseshaber.com.tr\/wp-content\/uploads\/2022\/08\/mesut-ozil-cumhurbaskani-erdoganin-hediye-ettigi-saati-paylasti-sosyal-medya-yikildi-768x432.jpeg 768w, https:\/\/adanaseshaber.com.tr\/wp-content\/uploads\/2022\/08\/mesut-ozil-cumhurbaskani-erdoganin-hediye-ettigi-saati-paylasti-sosyal-medya-yikildi-390x220.jpeg 390w\" sizes=\"auto, (max-width: 1280px) 100vw, 1280px\" \/><\/p>\n<p><strong>SOSYAL MEDYANIN G\u00dcNDEM\u0130NE OTURDU<\/strong><\/p>\n<p>Futbolcu Mesut \u00d6zil\u2019in payla\u015f\u0131m\u0131 sosyal medyan\u0131n da g\u00fcndemine oturdu. Cumhurba\u015fkan\u0131 Recep Tayyip Erdo\u011fan\u2019\u0131n imzas\u0131n\u0131n bulundu\u011fu saatin \u00d6zil\u2019e de hediye edilmesi baz\u0131 sosyal medya kullan\u0131c\u0131lar\u0131 taraf\u0131ndan ele\u015ftirildi. Baz\u0131 kullan\u0131c\u0131lar ise hediye olay\u0131n\u0131n g\u00fczel d\u00fc\u015f\u00fcn\u00fcld\u00fc\u011f\u00fcne dair yorumlarda bulundu.<\/p>\n","protected":false},"excerpt":{"rendered":"<p>Fenerbah\u00e7e\u2019den Ba\u015fak\u015fehir\u2019e transfer olan y\u0131ld\u0131z futbolcu Mesut \u00d6zil, Cumhurba\u015fkan\u0131 Recep Tayyip Erdo\u011fan taraf\u0131ndan kendisine hediye edilen saati sosyal medya hesab\u0131ndan payla\u015ft\u0131. \u00d6zil\u2019in payla\u015f\u0131m\u0131n\u0131n ard\u0131ndan sosyal medyada g\u00fcndem Cumhurba\u015fkan\u0131 Erdo\u011fan\u2019\u0131n y\u0131ld\u0131z futbolcuya verdi\u011fi hediye saat oldu. Pahal\u0131 hediye ile ilgili \u00e7ok say\u0131da yorum geldi. Cumhurba\u015fkan\u0131 Erdo\u011fan\u2019\u0131n Mesut \u00d6zil\u2019e hediye etti\u011fi kendi imzas\u0131n\u0131n bulundu\u011fu saat sosyal medyada &hellip;<\/p>\n","protected":false},"author":6,"featured_media":35992,"comment_status":"closed","ping_status":"closed","sticky":false,"template":"","format":"standard","meta":{"footnotes":""},"categories":[5],"tags":[],"class_list":["post-35990","post","type-post","status-publish","format-standard","has-post-thumbnail","hentry","category-spor"],"amp_enabled":true,"_links":{"self":[{"href":"https:\/\/adanaseshaber.com.tr\/index.php?rest_route=\/wp\/v2\/posts\/35990","targetHints":{"allow":["GET"]}}],"collection":[{"href":"https:\/\/adanaseshaber.com.tr\/index.php?rest_route=\/wp\/v2\/posts"}],"about":[{"href":"https:\/\/adanaseshaber.com.tr\/index.php?rest_route=\/wp\/v2\/types\/post"}],"author":[{"embeddable":true,"href":"https:\/\/adanaseshaber.com.tr\/index.php?rest_route=\/wp\/v2\/users\/6"}],"replies":[{"embeddable":true,"href":"https:\/\/adanaseshaber.com.tr\/index.php?rest_route=%2Fwp%2Fv2%2Fcomments&post=35990"}],"version-history":[{"count":2,"href":"https:\/\/adanaseshaber.com.tr\/index.php?rest_route=\/wp\/v2\/posts\/35990\/revisions"}],"predecessor-version":[{"id":35997,"href":"https:\/\/adanaseshaber.com.tr\/index.php?rest_route=\/wp\/v2\/posts\/35990\/revisions\/35997"}],"wp:featuredmedia":[{"embeddable":true,"href":"https:\/\/adanaseshaber.com.tr\/index.php?rest_route=\/wp\/v2\/media\/35992"}],"wp:attachment":[{"href":"https:\/\/adanaseshaber.com.tr\/index.php?rest_route=%2Fwp%2Fv2%2Fmedia&parent=35990"}],"wp:term":[{"taxonomy":"category","embeddable":true,"href":"https:\/\/adanaseshaber.com.tr\/index.php?rest_route=%2Fwp%2Fv2%2Fcategories&post=35990"},{"taxonomy":"post_tag","embeddable":true,"href":"https:\/\/adanaseshaber.com.tr\/index.php?rest_route=%2Fwp%2Fv2%2Ftags&post=35990"}],"curies":[{"name":"wp","href":"https:\/\/api.w.org\/{rel}","templated":true}]}}