{"id":35998,"date":"2022-08-22T16:34:13","date_gmt":"2022-08-22T13:34:13","guid":{"rendered":"https:\/\/www.adanaseshaber.com\/?p=35998"},"modified":"2022-08-22T16:34:10","modified_gmt":"2022-08-22T13:34:10","slug":"arda-guler-adana-demirspor-maci-kadrosundan-cikarildi","status":"publish","type":"post","link":"https:\/\/adanaseshaber.com.tr\/?p=35998","title":{"rendered":"Arda G\u00fcler Adana Demirspor ma\u00e7\u0131 kadrosundan \u00e7\u0131kar\u0131ld\u0131"},"content":{"rendered":"<p>Fenerbah\u00e7e\u2019nin gen\u00e7 y\u0131ld\u0131z\u0131 Arda G\u00fcler, bu ak\u015fam oynanacak kritik kar\u015f\u0131la\u015fmada yer almayacak. Fenerbah\u00e7e ile Adana Demirspor aras\u0131nda bu ak\u015fam heyecan dolu bir kar\u015f\u0131la\u015fma ekrana gelecek. Futbolseverlerin nefesini tuttu\u011fu kar\u015f\u0131la\u015fma \u00f6ncesinde g\u00f6zler Fenerbah\u00e7e\u2019nin gen\u00e7 y\u0131ld\u0131z\u0131na \u00e7evrildi. Her ma\u00e7 kadroda yer al\u0131p almamas\u0131 tart\u0131\u015fma konusu olan Arda G\u00fcler\u2019in Adana Demirspor ma\u00e7\u0131 kadrosunda yer almayaca\u011f\u0131 \u00f6\u011frenildi. Yeni sezonun \u00fc\u00e7\u00fcnc\u00fc haftas\u0131nda g\u00fc\u00e7l\u00fc rakibi Adana Demirspor ile kendi evinde m\u00fccadele edecek olan Fenerbah\u00e7e\u2019de ma\u00e7 haz\u0131rl\u0131klar\u0131 devam ederken g\u00f6zler ma\u00e7\u0131n kadrosuna \u00e7evrildi. Fenerbah\u00e7eli taraftarlar\u0131n k\u0131sa s\u00fcrede sevgisini kazanan ba\u015far\u0131l\u0131 futbolcu Arda G\u00fcler\u2019in ma\u00e7 kadrosunda yer al\u0131p almayaca\u011f\u0131 ise b\u00fcy\u00fck bir merakla ara\u015ft\u0131r\u0131lmaya ba\u015fland\u0131. Fenerbah\u00e7e\u2019de Arda G\u00fcler\u2019in aile \u00fcyelerinden birinin sa\u011fl\u0131k problemleri sebebiyle ma\u00e7 kadrosunda yer almayaca\u011f\u0131 \u00f6\u011frenildi.<\/p>\n<p><strong>ARDA G\u00dcLER KADRODA YOK<\/strong><\/p>\n<p>Spor Toto S\u00fcper Lig\u2019in yeni sezonunun \u00fc\u00e7\u00fcnc\u00fc haftas\u0131nda t\u00fcm futbolseverlerin heyecan ve b\u00fcy\u00fck bir merakla bekledi\u011fi Fenerbah\u00e7e-Adana Demirspor kar\u015f\u0131la\u015fmas\u0131 bu ak\u015fam canl\u0131 yay\u0131nla ekranlarda olacak. Ma\u00e7 \u00f6ncesinde g\u00f6zler Fenerbah\u00e7e\u2019nin kadrosuna \u00e7evrildi. Sar\u0131-lacivertlilerin gen\u00e7 y\u0131ld\u0131z\u0131 Arda G\u00fcler\u2019in bu kritik ma\u00e7ta forma giyip giymeyece\u011fi merak konusu oldu. 10 numaral\u0131 forman\u0131n teslim edildi\u011fi Arda G\u00fcler\u2019in Adana Demirspor ma\u00e7\u0131 kadrosunda yer almayaca\u011f\u0131 \u00f6\u011frenildi. Arda G\u00fcler, aile \u00fcyelerinden birinin operasyon ge\u00e7irecek olmas\u0131 sebebiyle Adana Demirspor kar\u015f\u0131la\u015fmas\u0131n\u0131n kadrosunda yer almayaca\u011f\u0131 bilgisine ula\u015f\u0131ld\u0131.<\/p>\n<p><img loading=\"lazy\" decoding=\"async\" class=\"aligncenter wp-image-36001 size-full\" src=\"https:\/\/adanaseshaber.com.tr\/wp-content\/uploads\/2022\/08\/arda-guler-adana-demirspor-maci-kadrosundan-cikarildi-2.jpg\" alt=\"\" width=\"1280\" height=\"720\" srcset=\"https:\/\/adanaseshaber.com.tr\/wp-content\/uploads\/2022\/08\/arda-guler-adana-demirspor-maci-kadrosundan-cikarildi-2.jpg 1280w, https:\/\/adanaseshaber.com.tr\/wp-content\/uploads\/2022\/08\/arda-guler-adana-demirspor-maci-kadrosundan-cikarildi-2-300x169.jpg 300w, https:\/\/adanaseshaber.com.tr\/wp-content\/uploads\/2022\/08\/arda-guler-adana-demirspor-maci-kadrosundan-cikarildi-2-1024x576.jpg 1024w, https:\/\/adanaseshaber.com.tr\/wp-content\/uploads\/2022\/08\/arda-guler-adana-demirspor-maci-kadrosundan-cikarildi-2-768x432.jpg 768w, https:\/\/adanaseshaber.com.tr\/wp-content\/uploads\/2022\/08\/arda-guler-adana-demirspor-maci-kadrosundan-cikarildi-2-390x220.jpg 390w\" sizes=\"auto, (max-width: 1280px) 100vw, 1280px\" \/><\/p>\n<p><strong>YEN\u0130 TRANSFER PEDRO KADRODA<\/strong><\/p>\n<p>Fenerbah\u00e7e\u2019yin yeni transferi Joao Pedro, sakatl\u0131\u011f\u0131n\u0131 atlatt\u0131 ve bu ak\u015fam ekrana gelecek Adana Demirspor ma\u00e7\u0131 ile ilk kez kadroda olacak. \u00d6te yandan tedavileri devam eden Naz\u0131m Sangare, Bruma ve Serdar Aziz ise ma\u00e7 kadrosunda yer almayacak.<\/p>\n<p><strong>HAZIRLIKLAR TAMAMLANDI<\/strong><\/p>\n<p>Fenerbah\u00e7e, bu ak\u015fam kendi evinde g\u00fc\u00e7l\u00fc rakibi Adana Demirspor \u2018u konuk edecek. Merakla beklenen kar\u015f\u0131la\u015fma \u00f6ncesinde sar\u0131-lacivertli tak\u0131mda haz\u0131rl\u0131klar tamamland\u0131. Teknik direkt\u00f6r Jorge Jesus y\u00f6netiminde, Can Bartu Tesisleri\u2019nde ger\u00e7ekle\u015ftirilen ko\u015fu, idman ve \u0131s\u0131nma hareketlerinin ard\u0131ndan 2 grup \u015feklinde 5\u2019e 2 top kapma ve pas \u00e7al\u0131\u015fmas\u0131 yapan futbolcular taktiksel ve bireysel \u00e7al\u0131\u015fmalarla antrenman\u0131 tamamlad\u0131.<\/p>\n<p>&nbsp;<\/p>\n","protected":false},"excerpt":{"rendered":"<p>Fenerbah\u00e7e\u2019nin gen\u00e7 y\u0131ld\u0131z\u0131 Arda G\u00fcler, bu ak\u015fam oynanacak kritik kar\u015f\u0131la\u015fmada yer almayacak. Fenerbah\u00e7e ile Adana Demirspor aras\u0131nda bu ak\u015fam heyecan dolu bir kar\u015f\u0131la\u015fma ekrana gelecek. Futbolseverlerin nefesini tuttu\u011fu kar\u015f\u0131la\u015fma \u00f6ncesinde g\u00f6zler Fenerbah\u00e7e\u2019nin gen\u00e7 y\u0131ld\u0131z\u0131na \u00e7evrildi. Her ma\u00e7 kadroda yer al\u0131p almamas\u0131 tart\u0131\u015fma konusu olan Arda G\u00fcler\u2019in Adana Demirspor ma\u00e7\u0131 kadrosunda yer almayaca\u011f\u0131 \u00f6\u011frenildi. Yeni sezonun &hellip;<\/p>\n","protected":false},"author":6,"featured_media":35999,"comment_status":"closed","ping_status":"closed","sticky":false,"template":"","format":"standard","meta":{"footnotes":""},"categories":[5],"tags":[],"class_list":["post-35998","post","type-post","status-publish","format-standard","has-post-thumbnail","hentry","category-spor"],"amp_enabled":true,"_links":{"self":[{"href":"https:\/\/adanaseshaber.com.tr\/index.php?rest_route=\/wp\/v2\/posts\/35998","targetHints":{"allow":["GET"]}}],"collection":[{"href":"https:\/\/adanaseshaber.com.tr\/index.php?rest_route=\/wp\/v2\/posts"}],"about":[{"href":"https:\/\/adanaseshaber.com.tr\/index.php?rest_route=\/wp\/v2\/types\/post"}],"author":[{"embeddable":true,"href":"https:\/\/adanaseshaber.com.tr\/index.php?rest_route=\/wp\/v2\/users\/6"}],"replies":[{"embeddable":true,"href":"https:\/\/adanaseshaber.com.tr\/index.php?rest_route=%2Fwp%2Fv2%2Fcomments&post=35998"}],"version-history":[{"count":2,"href":"https:\/\/adanaseshaber.com.tr\/index.php?rest_route=\/wp\/v2\/posts\/35998\/revisions"}],"predecessor-version":[{"id":36003,"href":"https:\/\/adanaseshaber.com.tr\/index.php?rest_route=\/wp\/v2\/posts\/35998\/revisions\/36003"}],"wp:featuredmedia":[{"embeddable":true,"href":"https:\/\/adanaseshaber.com.tr\/index.php?rest_route=\/wp\/v2\/media\/35999"}],"wp:attachment":[{"href":"https:\/\/adanaseshaber.com.tr\/index.php?rest_route=%2Fwp%2Fv2%2Fmedia&parent=35998"}],"wp:term":[{"taxonomy":"category","embeddable":true,"href":"https:\/\/adanaseshaber.com.tr\/index.php?rest_route=%2Fwp%2Fv2%2Fcategories&post=35998"},{"taxonomy":"post_tag","embeddable":true,"href":"https:\/\/adanaseshaber.com.tr\/index.php?rest_route=%2Fwp%2Fv2%2Ftags&post=35998"}],"curies":[{"name":"wp","href":"https:\/\/api.w.org\/{rel}","templated":true}]}}