{"id":36004,"date":"2022-08-22T16:48:44","date_gmt":"2022-08-22T13:48:44","guid":{"rendered":"https:\/\/www.adanaseshaber.com\/?p=36004"},"modified":"2022-08-22T16:48:19","modified_gmt":"2022-08-22T13:48:19","slug":"yaprak-dokumu-kanal-d-yayin-akisi-22-agustos-2022","status":"publish","type":"post","link":"https:\/\/adanaseshaber.com.tr\/?p=36004","title":{"rendered":"Yaprak D\u00f6k\u00fcm\u00fc Kanal D yay\u0131n ak\u0131\u015f\u0131 22 A\u011fustos 2022"},"content":{"rendered":"<p>Bir d\u00f6nemin efsane dizileri aras\u0131nda yer alan ve \u015fimdilerde yay\u0131nlanan tekrar b\u00f6l\u00fcmleriyle de izlenme rekorlar\u0131 k\u0131ran Yaprak D\u00f6k\u00fcm\u00fc, izleyicinin yak\u0131ndan takip etti\u011fi sevilen dizinin tekrar b\u00f6l\u00fcmleri reyting rekorlar\u0131 k\u0131rmaya devam ederken hafta i\u00e7i her g\u00fcn Kanal D\u2019de tekrar b\u00f6l\u00fcmleriyle ekrana gelen dizinin bug\u00fcn yay\u0131nlanmamas\u0131 ise izleyiciyi merakland\u0131rd\u0131. Hafta i\u00e7i her g\u00fcn tekrar b\u00f6l\u00fcmleriyle ekranda olan dizi bug\u00fcn yay\u0131n ak\u0131\u015f\u0131nda yer almad\u0131. \u00dczerinden uzun y\u0131llar ge\u00e7se de g\u00fcn\u00fcm\u00fczde hala tekrar b\u00f6l\u00fcmleri b\u00fcy\u00fck bir ilgiyle izlenen Yaprak D\u00f6k\u00fcm\u00fc\u2019n\u00fcn 22 A\u011fustos 2022 Pazartesi g\u00fcn\u00fc ekranda olmamas\u0131 izleyiciyi mrakland\u0131rd\u0131. Peki, Yaprak D\u00f6k\u00fcm\u00fc Kanal D yay\u0131n ak\u0131\u015f\u0131nda neden yok? Yaprak D\u00f6k\u00fcm\u00fc bitti mi? Yaprak D\u00f6k\u00fcm\u00fc saat ka\u00e7ta ba\u015fl\u0131yor? 22 A\u011fustos 2022 Kanal D yay\u0131n ak\u0131\u015f\u0131nda neler var? Yaprak D\u00f6k\u00fcm\u00fc art\u0131k yay\u0131nlanmayacak m\u0131? \u0130\u015fte t\u00fcm merak edilenler\u2026<\/p>\n<p><strong>YAPRAK D\u00d6K\u00dcM\u00dc YAYIN AKI\u015eINDA YER ALMADI<\/strong><\/p>\n<p>Kanal D\u2019nin bir d\u00f6neme damga vuran dizisi Yaprak D\u00f6k\u00fcm\u00fc, g\u00fcn\u00fcm\u00fczde hala yay\u0131nlanan tekrar b\u00f6l\u00fcmleriyle b\u00fcy\u00fck ilgi g\u00f6r\u00fcyor. Bir d\u00f6nemin efsane dizileri aras\u0131nda yer alan ve hala tekrar b\u00f6l\u00fcmleriyle b\u00fcy\u00fck ilgi g\u00f6ren dizi hafta i\u00e7i her g\u00fcn Kanal D ekranlar\u0131nda yay\u0131nlan\u0131yordu. Tekrar b\u00f6l\u00fcmleriyle hafta i\u00e7i her g\u00fcn kanal D ekranlar\u0131nda yer alan dizinin 22 A\u011fustos 2022 Pazartesi (bug\u00fcn) Kanal D yay\u0131n ak\u0131\u015f\u0131nda yer almamas\u0131 ise izleyiciyi merakland\u0131rd\u0131. Bug\u00fcn dizinin yay\u0131nland\u0131\u011f\u0131 saatte Gelinim Mutfakta program\u0131n\u0131n yeni sezonu yay\u0131nland\u0131. Gelinim Mutfakta yar\u0131\u015fmas\u0131n\u0131n yeni sezonu ba\u015flad\u0131\u011f\u0131 i\u00e7in Yaprak D\u00f6k\u00fcm\u00fc dizisinin ekrana gelmedi\u011fi yorumlar\u0131 yap\u0131ld\u0131.<\/p>\n<p><img loading=\"lazy\" decoding=\"async\" class=\"aligncenter wp-image-36006 size-full\" src=\"https:\/\/adanaseshaber.com.tr\/wp-content\/uploads\/2022\/08\/yaprak-dokumu-kanal-d-yayin-akisi-22-agustos-2022-1.jpg\" alt=\"\" width=\"1280\" height=\"720\" srcset=\"https:\/\/adanaseshaber.com.tr\/wp-content\/uploads\/2022\/08\/yaprak-dokumu-kanal-d-yayin-akisi-22-agustos-2022-1.jpg 1280w, https:\/\/adanaseshaber.com.tr\/wp-content\/uploads\/2022\/08\/yaprak-dokumu-kanal-d-yayin-akisi-22-agustos-2022-1-300x169.jpg 300w, https:\/\/adanaseshaber.com.tr\/wp-content\/uploads\/2022\/08\/yaprak-dokumu-kanal-d-yayin-akisi-22-agustos-2022-1-1024x576.jpg 1024w, https:\/\/adanaseshaber.com.tr\/wp-content\/uploads\/2022\/08\/yaprak-dokumu-kanal-d-yayin-akisi-22-agustos-2022-1-768x432.jpg 768w, https:\/\/adanaseshaber.com.tr\/wp-content\/uploads\/2022\/08\/yaprak-dokumu-kanal-d-yayin-akisi-22-agustos-2022-1-390x220.jpg 390w\" sizes=\"auto, (max-width: 1280px) 100vw, 1280px\" \/><\/p>\n<p><strong>22 A\u011eUSTOS 2022 KANAL D YAYIN AKI\u015eI<\/strong><\/p>\n<p>22 A\u011fustos 2022 Pazartesi g\u00fcn\u00fcne ait Kanal D yay\u0131n ak\u0131\u015f\u0131 \u015f\u00f6yle;<\/p>\n<p>07.00- \u00d6yle Bir Ge\u00e7er Zaman Ki<\/p>\n<p>09.00- Neler Oluyor Hayatta?<\/p>\n<p>11.00- Magazin D Yaz<\/p>\n<p>12.00- Kanal D Haber G\u00fcn Aras\u0131<\/p>\n<p>13.00- Gelinim Mutfakta (Yeni Sezon)<\/p>\n<p>16.00- A\u015fk-\u0131 Memnu<\/p>\n<p>18.30- Kanal D Ana Haber<\/p>\n<p>20.00- IP Man: Son D\u00f6v\u00fc\u015f<\/p>\n<p>22.15- S\u0131cak Takip<\/p>\n<p>&nbsp;<\/p>\n","protected":false},"excerpt":{"rendered":"<p>Bir d\u00f6nemin efsane dizileri aras\u0131nda yer alan ve \u015fimdilerde yay\u0131nlanan tekrar b\u00f6l\u00fcmleriyle de izlenme rekorlar\u0131 k\u0131ran Yaprak D\u00f6k\u00fcm\u00fc, izleyicinin yak\u0131ndan takip etti\u011fi sevilen dizinin tekrar b\u00f6l\u00fcmleri reyting rekorlar\u0131 k\u0131rmaya devam ederken hafta i\u00e7i her g\u00fcn Kanal D\u2019de tekrar b\u00f6l\u00fcmleriyle ekrana gelen dizinin bug\u00fcn yay\u0131nlanmamas\u0131 ise izleyiciyi merakland\u0131rd\u0131. Hafta i\u00e7i her g\u00fcn tekrar b\u00f6l\u00fcmleriyle ekranda olan &hellip;<\/p>\n","protected":false},"author":6,"featured_media":36005,"comment_status":"closed","ping_status":"closed","sticky":false,"template":"","format":"standard","meta":{"footnotes":""},"categories":[15431],"tags":[],"class_list":["post-36004","post","type-post","status-publish","format-standard","has-post-thumbnail","hentry","category-medya"],"amp_enabled":true,"_links":{"self":[{"href":"https:\/\/adanaseshaber.com.tr\/index.php?rest_route=\/wp\/v2\/posts\/36004","targetHints":{"allow":["GET"]}}],"collection":[{"href":"https:\/\/adanaseshaber.com.tr\/index.php?rest_route=\/wp\/v2\/posts"}],"about":[{"href":"https:\/\/adanaseshaber.com.tr\/index.php?rest_route=\/wp\/v2\/types\/post"}],"author":[{"embeddable":true,"href":"https:\/\/adanaseshaber.com.tr\/index.php?rest_route=\/wp\/v2\/users\/6"}],"replies":[{"embeddable":true,"href":"https:\/\/adanaseshaber.com.tr\/index.php?rest_route=%2Fwp%2Fv2%2Fcomments&post=36004"}],"version-history":[{"count":2,"href":"https:\/\/adanaseshaber.com.tr\/index.php?rest_route=\/wp\/v2\/posts\/36004\/revisions"}],"predecessor-version":[{"id":36008,"href":"https:\/\/adanaseshaber.com.tr\/index.php?rest_route=\/wp\/v2\/posts\/36004\/revisions\/36008"}],"wp:featuredmedia":[{"embeddable":true,"href":"https:\/\/adanaseshaber.com.tr\/index.php?rest_route=\/wp\/v2\/media\/36005"}],"wp:attachment":[{"href":"https:\/\/adanaseshaber.com.tr\/index.php?rest_route=%2Fwp%2Fv2%2Fmedia&parent=36004"}],"wp:term":[{"taxonomy":"category","embeddable":true,"href":"https:\/\/adanaseshaber.com.tr\/index.php?rest_route=%2Fwp%2Fv2%2Fcategories&post=36004"},{"taxonomy":"post_tag","embeddable":true,"href":"https:\/\/adanaseshaber.com.tr\/index.php?rest_route=%2Fwp%2Fv2%2Ftags&post=36004"}],"curies":[{"name":"wp","href":"https:\/\/api.w.org\/{rel}","templated":true}]}}