{"id":36009,"date":"2022-08-22T17:22:57","date_gmt":"2022-08-22T14:22:57","guid":{"rendered":"https:\/\/www.adanaseshaber.com\/?p=36009"},"modified":"2022-08-22T17:22:24","modified_gmt":"2022-08-22T14:22:24","slug":"havrita-uygulamasina-erisim-engeli-getirildi","status":"publish","type":"post","link":"https:\/\/adanaseshaber.com.tr\/?p=36009","title":{"rendered":"Havrita uygulamas\u0131na eri\u015fim engeli getirildi"},"content":{"rendered":"<p>Sokak k\u00f6peklerinin ya\u015fad\u0131klar\u0131 yerleri harita \u00fczerinden i\u015faretleyerek hedef g\u00f6sterdi\u011fi iddia edilen Havrita uygulamas\u0131na mahkeme karar\u0131yla eri\u015fim engeli getirildi. Sokak k\u00f6peklerini hedef g\u00f6sterdi\u011fi iddia edilen uygulamaya kar\u015f\u0131 hayvanseverler aya\u011fa kalkm\u0131\u015f ve sosyal medya \u00fczerinden tepkiler \u00e7\u0131\u011f gibi b\u00fcy\u00fcm\u00fc\u015ft\u00fc. Mahkeme karar\u0131yla eri\u015fim engeli getirilen uygulamaya tepkiler s\u00fcr\u00fcyor. Ankara 1. Sulh Ceza Hakimli\u011fi, Havrita uygulamas\u0131na eri\u015fim engeli getirdi. Mahkeme karar\u0131yla Havrita isimli site ve sosyal medya hesaplar\u0131na eri\u015fim engeli geldi. Hayvanseverlerin g\u00fcnlerdir tepki g\u00f6sterdi\u011fi uygulama hakk\u0131nda verilen karar sonras\u0131nda sosyal medyada \u00e7ok say\u0131da payla\u015f\u0131m yap\u0131ld\u0131. Sokak k\u00f6peklerini hedef g\u00f6sterdi\u011fi iddia edilen uygulamaya tepkilerin s\u00fcrd\u00fc\u011f\u00fc de g\u00f6r\u00fcld\u00fc.<\/p>\n<p><strong>ER\u0130\u015e\u0130M ENGEL\u0130 GET\u0130R\u0130LD\u0130<\/strong><\/p>\n<p>G\u00fcnlerdir hem sosyal medya hem de canl\u0131 yay\u0131nlar \u00fczerinden sokak k\u00f6peklerini hedef g\u00f6sterdi\u011fi iddia edilen Havrita uygulamas\u0131na tepkiler \u00e7\u0131\u011f gibi b\u00fcy\u00fcm\u00fc\u015ft\u00fc. Hayvanseverleri ayakland\u0131ran iddialar\u0131n ard\u0131ndan Havrita uygulamas\u0131na tepkiler gelmeye devam etti. T\u00fcm bu geli\u015fmelerin ard\u0131ndan Pati Koruyucular\u0131 Hayvanlar\u0131 Koruma Derne\u011fi (PAWGUARD) avukat\u0131 Muhammed Yusuf Damnal\u0131, Havrita sitesi ve sosyal medya hesaplar\u0131ndan ki\u015filik haklar\u0131na sald\u0131r\u0131 mahiyetinde ifade ve g\u00f6r\u00fcnt\u00fcler kullan\u0131ld\u0131\u011f\u0131 gerek\u00e7esiyle siteye ve s\u00f6z konusu sitenin sosyal medya hesaplar\u0131na eri\u015fim engeli getirilmesini talep etti. Ankara 1. Sulh Ceza Hakimli\u011fi, 22 A\u011fustos 2022 tarih ve 2022\/10058 say\u0131l\u0131 karar kapsam\u0131nda sokak k\u00f6peklerinin harita \u00fczerinde yerini i\u015faretleyerek hedef g\u00f6steren internet uygulamas\u0131 \u2018Havrita Ba\u015f\u0131bo\u015f K\u00f6pek Haritas\u0131\u2019na eri\u015fim engeli getirdi.<\/p>\n<p>&nbsp;<\/p>\n","protected":false},"excerpt":{"rendered":"<p>Sokak k\u00f6peklerinin ya\u015fad\u0131klar\u0131 yerleri harita \u00fczerinden i\u015faretleyerek hedef g\u00f6sterdi\u011fi iddia edilen Havrita uygulamas\u0131na mahkeme karar\u0131yla eri\u015fim engeli getirildi. Sokak k\u00f6peklerini hedef g\u00f6sterdi\u011fi iddia edilen uygulamaya kar\u015f\u0131 hayvanseverler aya\u011fa kalkm\u0131\u015f ve sosyal medya \u00fczerinden tepkiler \u00e7\u0131\u011f gibi b\u00fcy\u00fcm\u00fc\u015ft\u00fc. Mahkeme karar\u0131yla eri\u015fim engeli getirilen uygulamaya tepkiler s\u00fcr\u00fcyor. Ankara 1. Sulh Ceza Hakimli\u011fi, Havrita uygulamas\u0131na eri\u015fim engeli getirdi. &hellip;<\/p>\n","protected":false},"author":6,"featured_media":36011,"comment_status":"closed","ping_status":"closed","sticky":false,"template":"","format":"standard","meta":{"footnotes":""},"categories":[1],"tags":[],"class_list":["post-36009","post","type-post","status-publish","format-standard","has-post-thumbnail","hentry","category-genel"],"amp_enabled":true,"_links":{"self":[{"href":"https:\/\/adanaseshaber.com.tr\/index.php?rest_route=\/wp\/v2\/posts\/36009","targetHints":{"allow":["GET"]}}],"collection":[{"href":"https:\/\/adanaseshaber.com.tr\/index.php?rest_route=\/wp\/v2\/posts"}],"about":[{"href":"https:\/\/adanaseshaber.com.tr\/index.php?rest_route=\/wp\/v2\/types\/post"}],"author":[{"embeddable":true,"href":"https:\/\/adanaseshaber.com.tr\/index.php?rest_route=\/wp\/v2\/users\/6"}],"replies":[{"embeddable":true,"href":"https:\/\/adanaseshaber.com.tr\/index.php?rest_route=%2Fwp%2Fv2%2Fcomments&post=36009"}],"version-history":[{"count":1,"href":"https:\/\/adanaseshaber.com.tr\/index.php?rest_route=\/wp\/v2\/posts\/36009\/revisions"}],"predecessor-version":[{"id":36012,"href":"https:\/\/adanaseshaber.com.tr\/index.php?rest_route=\/wp\/v2\/posts\/36009\/revisions\/36012"}],"wp:featuredmedia":[{"embeddable":true,"href":"https:\/\/adanaseshaber.com.tr\/index.php?rest_route=\/wp\/v2\/media\/36011"}],"wp:attachment":[{"href":"https:\/\/adanaseshaber.com.tr\/index.php?rest_route=%2Fwp%2Fv2%2Fmedia&parent=36009"}],"wp:term":[{"taxonomy":"category","embeddable":true,"href":"https:\/\/adanaseshaber.com.tr\/index.php?rest_route=%2Fwp%2Fv2%2Fcategories&post=36009"},{"taxonomy":"post_tag","embeddable":true,"href":"https:\/\/adanaseshaber.com.tr\/index.php?rest_route=%2Fwp%2Fv2%2Ftags&post=36009"}],"curies":[{"name":"wp","href":"https:\/\/api.w.org\/{rel}","templated":true}]}}