{"id":36021,"date":"2022-08-22T17:37:14","date_gmt":"2022-08-22T14:37:14","guid":{"rendered":"https:\/\/www.adanaseshaber.com\/?p=36021"},"modified":"2022-08-22T17:37:08","modified_gmt":"2022-08-22T14:37:08","slug":"selcuk-bayraktar-sumeyye-erdogana-yaptigi-dogum-gunu-surpriziyle-gundem-oldu","status":"publish","type":"post","link":"https:\/\/adanaseshaber.com.tr\/?p=36021","title":{"rendered":"Sel\u00e7uk Bayraktar S\u00fcmeyye Erdo\u011fan\u2019a yapt\u0131\u011f\u0131 do\u011fum g\u00fcn\u00fc s\u00fcrpriziyle g\u00fcndem oldu"},"content":{"rendered":"<p>S\u0130HA\u2019lar\u0131n ba\u015far\u0131s\u0131 ile s\u0131k s\u0131k \u00fclkemizi gururland\u0131ran Baykar Teknik M\u00fcd\u00fcr\u00fc Sel\u00e7uk Bayraktar\u2019\u0131n e\u015fi S\u00fcmeyye Erdo\u011fan\u2019a yapt\u0131\u011f\u0131 do\u011fum g\u00fcn\u00fc s\u00fcrprizi g\u00fcndem oldu. Sel\u00e7uk Bayraktar ve S\u00fcmeyye Erdo\u011fan Bayraktar\u2019\u0131n romantik anlar\u0131 sosyal medyan\u0131n g\u00fcndemine oturdu. Sel\u00e7uk Bayraktar\u2019\u0131n e\u015fine \u00e7i\u00e7ek verdi\u011fi anlara ait g\u00f6r\u00fcnt\u00fcler sosyal medyada payla\u015f\u0131m rekoru k\u0131rd\u0131. Sel\u00e7uk Bayraktar\u2019\u0131n e\u015fi S\u00fcmeyye Erdo\u011fan Bayraktar\u2019a yapt\u0131\u011f\u0131 do\u011fum g\u00fcn\u00fc s\u00fcrprizi \u00e7ok konu\u015fuldu. \u00c7iftin romantik anlar\u0131 sosyal medyan\u0131n g\u00fcndemine otururken bu anlara ait g\u00f6r\u00fcnt\u00fclere binlerce yorum geldi. Bayraktar\u2019\u0131n e\u015fi S\u00fcmeyye Erdo\u011fan Bayraktar\u2019a \u00e7i\u00e7ek verdi\u011fi anlar payla\u015f\u0131m rekoru k\u0131rd\u0131. \u00c7iftin samimi halleri ve birbirlerine olan sevgisi sosyal medya kullan\u0131c\u0131lar\u0131n\u0131 \u00e7ok etkiledi.<\/p>\n<p><strong>BAYRAKTAR\u2019DAN ROMANT\u0130K S\u00dcRPR\u0130Z<\/strong><\/p>\n<p>S\u0130HA\u2019lar\u0131n ba\u015far\u0131s\u0131 ile s\u0131k s\u0131k g\u00fcndeme gelen ve \u00fclkemize b\u00fcy\u00fck gururlar ya\u015fatan Baykar Teknik M\u00fcd\u00fcr\u00fc Sel\u00e7uk Bayraktar\u2019\u0131n e\u015fi S\u00fcmeyye Erdo\u011fan Bayraktar\u2019a yapt\u0131\u011f\u0131 do\u011fum g\u00fcn\u00fc s\u00fcrprizi sosyal medyan\u0131n g\u00fcndemine oturdu. Byaraktar\u2019\u0131n yapt\u0131\u011f\u0131 romantik s\u00fcrpriz g\u00fcn\u00fcn en \u00e7ok konu\u015fulan konusu oldu. Bayraktar, KADEM Vakf\u0131 M\u00fctevelli Heyeti Ba\u015fkan\u0131 olan e\u015fi S\u00fcmeyye Erdo\u011fan Bayraktar\u2019\u0131n da yer ald\u0131\u011f\u0131 Gen\u00e7 Kadem Kamp\u0131\u2019na kat\u0131l\u0131m g\u00f6sterdi. Burada k\u0131sa bir konu\u015fma yapan Sel\u00e7uk Bayraktar, 22 A\u011fustos do\u011fumlu olan e\u015fi S\u00fcmeyye Erdo\u011fan Bayraktar\u2019a romantik bir do\u011fum g\u00fcn\u00fc s\u00fcrprizi yaparak bir buket \u00e7i\u00e7ek verdi.<\/p>\n<p><img loading=\"lazy\" decoding=\"async\" class=\"aligncenter wp-image-36023 size-full\" src=\"https:\/\/adanaseshaber.com.tr\/wp-content\/uploads\/2022\/08\/selcuk-bayraktar-sumeyye-erdogana-yaptigi-dogum-gunu-surpriziyle-gundem-oldu-1.jpg\" alt=\"\" width=\"1280\" height=\"720\" srcset=\"https:\/\/adanaseshaber.com.tr\/wp-content\/uploads\/2022\/08\/selcuk-bayraktar-sumeyye-erdogana-yaptigi-dogum-gunu-surpriziyle-gundem-oldu-1.jpg 1280w, https:\/\/adanaseshaber.com.tr\/wp-content\/uploads\/2022\/08\/selcuk-bayraktar-sumeyye-erdogana-yaptigi-dogum-gunu-surpriziyle-gundem-oldu-1-300x169.jpg 300w, https:\/\/adanaseshaber.com.tr\/wp-content\/uploads\/2022\/08\/selcuk-bayraktar-sumeyye-erdogana-yaptigi-dogum-gunu-surpriziyle-gundem-oldu-1-1024x576.jpg 1024w, https:\/\/adanaseshaber.com.tr\/wp-content\/uploads\/2022\/08\/selcuk-bayraktar-sumeyye-erdogana-yaptigi-dogum-gunu-surpriziyle-gundem-oldu-1-768x432.jpg 768w, https:\/\/adanaseshaber.com.tr\/wp-content\/uploads\/2022\/08\/selcuk-bayraktar-sumeyye-erdogana-yaptigi-dogum-gunu-surpriziyle-gundem-oldu-1-390x220.jpg 390w\" sizes=\"auto, (max-width: 1280px) 100vw, 1280px\" \/><\/p>\n<p><strong>\u00c7\u0130FT\u0130N SAM\u0130M\u0130 HALLER\u0130 SOSYAL MEDYADA G\u00dcNDEM OLDU<\/strong><\/p>\n<p>Sel\u00e7uk Bayraktar ve e\u015fi S\u00fcmeyye Erdo\u011fan Bayraktar\u2019\u0131n romantik halleri kameralara yans\u0131rken Bayraktar \u00e7iftinin samimi ve mutlu halleri sosyal medyada da g\u00fcndem oldu. Bayraktar \u00e7iftinin samimiyetinin yans\u0131d\u0131 video payla\u015f\u0131m rekorlar\u0131 k\u0131rarken s\u00f6z konusu g\u00f6r\u00fcnt\u00fclere be\u011feni ve yorum ya\u011fd\u0131.<\/p>\n","protected":false},"excerpt":{"rendered":"<p>S\u0130HA\u2019lar\u0131n ba\u015far\u0131s\u0131 ile s\u0131k s\u0131k \u00fclkemizi gururland\u0131ran Baykar Teknik M\u00fcd\u00fcr\u00fc Sel\u00e7uk Bayraktar\u2019\u0131n e\u015fi S\u00fcmeyye Erdo\u011fan\u2019a yapt\u0131\u011f\u0131 do\u011fum g\u00fcn\u00fc s\u00fcrprizi g\u00fcndem oldu. Sel\u00e7uk Bayraktar ve S\u00fcmeyye Erdo\u011fan Bayraktar\u2019\u0131n romantik anlar\u0131 sosyal medyan\u0131n g\u00fcndemine oturdu. Sel\u00e7uk Bayraktar\u2019\u0131n e\u015fine \u00e7i\u00e7ek verdi\u011fi anlara ait g\u00f6r\u00fcnt\u00fcler sosyal medyada payla\u015f\u0131m rekoru k\u0131rd\u0131. Sel\u00e7uk Bayraktar\u2019\u0131n e\u015fi S\u00fcmeyye Erdo\u011fan Bayraktar\u2019a yapt\u0131\u011f\u0131 do\u011fum g\u00fcn\u00fc &hellip;<\/p>\n","protected":false},"author":6,"featured_media":36022,"comment_status":"closed","ping_status":"closed","sticky":false,"template":"","format":"standard","meta":{"footnotes":""},"categories":[1],"tags":[],"class_list":["post-36021","post","type-post","status-publish","format-standard","has-post-thumbnail","hentry","category-genel"],"amp_enabled":true,"_links":{"self":[{"href":"https:\/\/adanaseshaber.com.tr\/index.php?rest_route=\/wp\/v2\/posts\/36021","targetHints":{"allow":["GET"]}}],"collection":[{"href":"https:\/\/adanaseshaber.com.tr\/index.php?rest_route=\/wp\/v2\/posts"}],"about":[{"href":"https:\/\/adanaseshaber.com.tr\/index.php?rest_route=\/wp\/v2\/types\/post"}],"author":[{"embeddable":true,"href":"https:\/\/adanaseshaber.com.tr\/index.php?rest_route=\/wp\/v2\/users\/6"}],"replies":[{"embeddable":true,"href":"https:\/\/adanaseshaber.com.tr\/index.php?rest_route=%2Fwp%2Fv2%2Fcomments&post=36021"}],"version-history":[{"count":2,"href":"https:\/\/adanaseshaber.com.tr\/index.php?rest_route=\/wp\/v2\/posts\/36021\/revisions"}],"predecessor-version":[{"id":36026,"href":"https:\/\/adanaseshaber.com.tr\/index.php?rest_route=\/wp\/v2\/posts\/36021\/revisions\/36026"}],"wp:featuredmedia":[{"embeddable":true,"href":"https:\/\/adanaseshaber.com.tr\/index.php?rest_route=\/wp\/v2\/media\/36022"}],"wp:attachment":[{"href":"https:\/\/adanaseshaber.com.tr\/index.php?rest_route=%2Fwp%2Fv2%2Fmedia&parent=36021"}],"wp:term":[{"taxonomy":"category","embeddable":true,"href":"https:\/\/adanaseshaber.com.tr\/index.php?rest_route=%2Fwp%2Fv2%2Fcategories&post=36021"},{"taxonomy":"post_tag","embeddable":true,"href":"https:\/\/adanaseshaber.com.tr\/index.php?rest_route=%2Fwp%2Fv2%2Ftags&post=36021"}],"curies":[{"name":"wp","href":"https:\/\/api.w.org\/{rel}","templated":true}]}}