{"id":36059,"date":"2022-08-22T19:29:04","date_gmt":"2022-08-22T16:29:04","guid":{"rendered":"https:\/\/www.adanaseshaber.com\/?p=36059"},"modified":"2022-08-22T19:30:11","modified_gmt":"2022-08-22T16:30:11","slug":"deneyap-sinav-sonuclari-aciklandi","status":"publish","type":"post","link":"https:\/\/adanaseshaber.com.tr\/?p=36059","title":{"rendered":"Deneyap s\u0131nav sonu\u00e7lar\u0131 a\u00e7\u0131kland\u0131"},"content":{"rendered":"<p>Deneyap s\u0131nav sonu\u00e7lar\u0131yla ilgili ara\u015ft\u0131rmalar s\u00fcr\u00fcyor. Deneyap At\u00f6lyeleri Teknoloji adaylar\u0131 s\u0131nav sonu\u00e7lar\u0131 ile ilgili ara\u015ft\u0131rmalar\u0131na devam ediyor. Bu kapsamda 2022-2023 e\u011fitim-\u00f6\u011fretim y\u0131l\u0131 4., 5., 8. s\u0131n\u0131f, lise haz\u0131rl\u0131k s\u0131n\u0131f\u0131 ve 9. s\u0131n\u0131f \u00f6\u011frencileri s\u0131nav sonucunu ara\u015ft\u0131rmaya ba\u015flad\u0131. Deneyap s\u0131nav sonu\u00e7lar\u0131 22 A\u011fustos 2022 Pazartesi (bug\u00fcn) itibar\u0131yla a\u00e7\u0131kland\u0131. \u0130ki a\u015famadan olu\u015fan deneyap s\u0131nav sonu\u00e7lar\u0131 bug\u00fcn a\u00e7\u0131kland\u0131. S\u0131nav sonu\u00e7lar\u0131n\u0131n ilan edilmesinin ard\u0131ndan s\u0131nav sonu\u00e7lar\u0131na itiraz etme tarihi ile ilgili de ara\u015ft\u0131rmalar h\u0131z kazand\u0131. Peki, Deneyap s\u0131nav sonu\u00e7lar\u0131 a\u00e7\u0131kland\u0131 m\u0131 2022? Deneyap s\u0131nav sonucu nas\u0131l \u00f6\u011frenilir? Deneyap s\u0131nav sonu\u00e7lar\u0131na itiraz etme hangi tarihe kadar? \u0130\u015fte detaylar\u2026<\/p>\n<p><strong>DENEYAP SINAV SONU\u00c7LARI A\u00c7IKLANDI<\/strong><\/p>\n<p>\u0130ki a\u015famadan olu\u015fan deneyap teknoloji at\u00f6lyeleri \u00f6\u011frenci se\u00e7me s\u0131nav\u0131 sonu\u00e7lar\u0131 a\u00e7\u0131kland\u0131. S\u00f6z konusu s\u0131nav ortaokul grubu \u00f6\u011frencileri i\u00e7in 12 \u015eubat 2022, lise grubu \u00f6\u011frencileri i\u00e7in de 13 \u015eubat 2022 tarihinde ger\u00e7ekle\u015ftirilmi\u015fti. Merakla beklenen Deneyap \u00d6\u011frenci Se\u00e7me S\u0131nav sonu\u00e7lar\u0131 bug\u00fcn a\u00e7\u0131kland\u0131. Kay\u0131t s\u00fcreci ile ilgili bilgilendirme ise www.deneyapturkiye.org adresinden takip edilecek. Deneyap 2. faz \u00e7al\u0131\u015fmas\u0131 kapsam\u0131nda Ad\u0131yaman, Antalya, A\u011fr\u0131, Afyonkarahisar, \u00c7orum, \u00c7anakkale, Gaziantep, Isparta, Malatya, Kastamonu, Elaz\u0131\u011f, Rize, Sakarya, \u015eanl\u0131urfa, Kahramanmara\u015f, Yozgat ve Tokat illerinden e\u011fitim almaya hak kazanan Deneyap \u00f6\u011frencileri belli oldu.<\/p>\n<p><img loading=\"lazy\" decoding=\"async\" class=\"aligncenter wp-image-36062 size-full\" src=\"https:\/\/adanaseshaber.com.tr\/wp-content\/uploads\/2022\/08\/deneyap-sinav-sonuclari-aciklandi-1.jpg\" alt=\"\" width=\"1280\" height=\"720\" srcset=\"https:\/\/adanaseshaber.com.tr\/wp-content\/uploads\/2022\/08\/deneyap-sinav-sonuclari-aciklandi-1.jpg 1280w, https:\/\/adanaseshaber.com.tr\/wp-content\/uploads\/2022\/08\/deneyap-sinav-sonuclari-aciklandi-1-300x169.jpg 300w, https:\/\/adanaseshaber.com.tr\/wp-content\/uploads\/2022\/08\/deneyap-sinav-sonuclari-aciklandi-1-1024x576.jpg 1024w, https:\/\/adanaseshaber.com.tr\/wp-content\/uploads\/2022\/08\/deneyap-sinav-sonuclari-aciklandi-1-768x432.jpg 768w, https:\/\/adanaseshaber.com.tr\/wp-content\/uploads\/2022\/08\/deneyap-sinav-sonuclari-aciklandi-1-390x220.jpg 390w\" sizes=\"auto, (max-width: 1280px) 100vw, 1280px\" \/><\/p>\n<p><strong>DENEYAP SINAV SONU\u00c7LARINA \u0130T\u0130RAZ ETME HANG\u0130 TAR\u0130HE KADAR?<\/strong><\/p>\n<p>Deneyap s\u0131nav sonu\u00e7lar\u0131 22 A\u011fustos 2022 tarihi itibar\u0131yla a\u00e7\u0131kland\u0131. 23-24 A\u011fustos 2022 tarihleri aras\u0131nda adaylardan s\u0131nava y\u00f6nelik itirazlar al\u0131nacak. S\u0131nav kapsam\u0131nda adaylar s\u0131nav sonu\u00e7lar\u0131na itiraz etme hakk\u0131na sahipler. S\u0131nav itirazlar\u0131 de\u011ferlendirmeye al\u0131n\u0131p 7 Eyl\u00fcl 2022 tarihinde ise itiraz sonu\u00e7lar\u0131 a\u00e7\u0131klanacak.<\/p>\n<p>&nbsp;<\/p>\n","protected":false},"excerpt":{"rendered":"<p>Deneyap s\u0131nav sonu\u00e7lar\u0131yla ilgili ara\u015ft\u0131rmalar s\u00fcr\u00fcyor. Deneyap At\u00f6lyeleri Teknoloji adaylar\u0131 s\u0131nav sonu\u00e7lar\u0131 ile ilgili ara\u015ft\u0131rmalar\u0131na devam ediyor. Bu kapsamda 2022-2023 e\u011fitim-\u00f6\u011fretim y\u0131l\u0131 4., 5., 8. s\u0131n\u0131f, lise haz\u0131rl\u0131k s\u0131n\u0131f\u0131 ve 9. s\u0131n\u0131f \u00f6\u011frencileri s\u0131nav sonucunu ara\u015ft\u0131rmaya ba\u015flad\u0131. Deneyap s\u0131nav sonu\u00e7lar\u0131 22 A\u011fustos 2022 Pazartesi (bug\u00fcn) itibar\u0131yla a\u00e7\u0131kland\u0131. \u0130ki a\u015famadan olu\u015fan deneyap s\u0131nav sonu\u00e7lar\u0131 bug\u00fcn a\u00e7\u0131kland\u0131. &hellip;<\/p>\n","protected":false},"author":6,"featured_media":36060,"comment_status":"closed","ping_status":"closed","sticky":false,"template":"","format":"standard","meta":{"footnotes":""},"categories":[1],"tags":[],"class_list":["post-36059","post","type-post","status-publish","format-standard","has-post-thumbnail","hentry","category-genel"],"amp_enabled":true,"_links":{"self":[{"href":"https:\/\/adanaseshaber.com.tr\/index.php?rest_route=\/wp\/v2\/posts\/36059","targetHints":{"allow":["GET"]}}],"collection":[{"href":"https:\/\/adanaseshaber.com.tr\/index.php?rest_route=\/wp\/v2\/posts"}],"about":[{"href":"https:\/\/adanaseshaber.com.tr\/index.php?rest_route=\/wp\/v2\/types\/post"}],"author":[{"embeddable":true,"href":"https:\/\/adanaseshaber.com.tr\/index.php?rest_route=\/wp\/v2\/users\/6"}],"replies":[{"embeddable":true,"href":"https:\/\/adanaseshaber.com.tr\/index.php?rest_route=%2Fwp%2Fv2%2Fcomments&post=36059"}],"version-history":[{"count":2,"href":"https:\/\/adanaseshaber.com.tr\/index.php?rest_route=\/wp\/v2\/posts\/36059\/revisions"}],"predecessor-version":[{"id":36063,"href":"https:\/\/adanaseshaber.com.tr\/index.php?rest_route=\/wp\/v2\/posts\/36059\/revisions\/36063"}],"wp:featuredmedia":[{"embeddable":true,"href":"https:\/\/adanaseshaber.com.tr\/index.php?rest_route=\/wp\/v2\/media\/36060"}],"wp:attachment":[{"href":"https:\/\/adanaseshaber.com.tr\/index.php?rest_route=%2Fwp%2Fv2%2Fmedia&parent=36059"}],"wp:term":[{"taxonomy":"category","embeddable":true,"href":"https:\/\/adanaseshaber.com.tr\/index.php?rest_route=%2Fwp%2Fv2%2Fcategories&post=36059"},{"taxonomy":"post_tag","embeddable":true,"href":"https:\/\/adanaseshaber.com.tr\/index.php?rest_route=%2Fwp%2Fv2%2Ftags&post=36059"}],"curies":[{"name":"wp","href":"https:\/\/api.w.org\/{rel}","templated":true}]}}