{"id":36064,"date":"2022-08-22T19:43:04","date_gmt":"2022-08-22T16:43:04","guid":{"rendered":"https:\/\/www.adanaseshaber.com\/?p=36064"},"modified":"2022-08-22T19:43:06","modified_gmt":"2022-08-22T16:43:06","slug":"masterchef-turkiye-ana-kadro-yarismacilari","status":"publish","type":"post","link":"https:\/\/adanaseshaber.com.tr\/?p=36064","title":{"rendered":"MasterChef T\u00fcrkiye ana kadro yar\u0131\u015fmac\u0131lar\u0131"},"content":{"rendered":"<p>TV8 ekranlar\u0131nda yay\u0131nlanan ve her b\u00f6l\u00fcm\u00fc b\u00fcy\u00fck bir ilgiyle takip edilen MasterChef T\u00fcrkiye yar\u0131\u015fmas\u0131n\u0131n yeni sezonu da yine b\u00fcy\u00fck ilgi g\u00f6r\u00fcyor. Somer Sivrio\u011flu, Danilo Zanna ve Mehmet Yal\u00e7\u0131nkaya\u2019n\u0131n j\u00fcri koltu\u011funda oturdu\u011fu yar\u0131\u015fmada haftalarca s\u00fcren elemelerin ard\u0131ndan ana kadroya giren yar\u0131\u015fmac\u0131lar belli oldu. Haftalard\u0131r en iyisi olmak ve ana kadroya girmek i\u00e7in m\u00fccadele eden MasterChef yar\u0131\u015fmac\u0131lar\u0131ndan 18\u2019i ana kadroya girmeyi ba\u015fard\u0131 ve \u015fampiyonluk i\u00e7in yar\u0131\u015fmaya hak kazand\u0131. MasterChef T\u00fcrkiye\u2019nin yeni sezonunda ana kadroya giren yar\u0131\u015fmac\u0131lar belli oldu. Bu ak\u015fam ana kadroya girmeyi ba\u015faran 18 yar\u0131\u015fmac\u0131 ilk kez yar\u0131\u015facak. Haftalard\u0131r s\u00fcren eleme sonras\u0131nda MasterChef\u2019in ana kadrosu belirlendi. Peki, MasterChef T\u00fcrkiye ana kadro yar\u0131\u015fmac\u0131lar\u0131 kimler? MasterChef ana kadroda kimler var? \u0130\u015fte MasterChef ana kadroya giren isimler ve t\u00fcm detaylar\u2026<\/p>\n<p><strong>MASTERCHEF ANA KADROYA G\u0130REN YARI\u015eMACILAR<\/strong><\/p>\n<p>MasterChef T\u00fcrkiye\u2019de ana kadroya giren yar\u0131\u015fmac\u0131lar\u0131n isimleri \u015f\u00f6yle;<\/p>\n<p>&#8211; Gamze Tosun<\/p>\n<p>&#8211; Metin Yavuz<\/p>\n<p>&#8211; \u00c7a\u011fatay Akg\u00fcl<\/p>\n<p>&#8211; Onur Bi\u00e7im<\/p>\n<p>&#8211; Melih Berkay G\u00fcnd\u00fcz<\/p>\n<p>&#8211; \u015eeyma M\u00fcjdeci<\/p>\n<p>&#8211; Fatma Nur U\u00e7ar<\/p>\n<p>&#8211; B\u00fc\u015fra Zambak<\/p>\n<p>&#8211; Ya\u011f\u0131z \u00d6z\u00e7elik<\/p>\n<p>&#8211; Tayfun Gen\u00e7<\/p>\n<p>&#8211; Kaan Noyanalpan<\/p>\n<p>&#8211; Burak Hayato\u011flu<\/p>\n<p>&#8211; Burak Kaya<\/p>\n<p>&#8211; Dilan Karata\u015f<\/p>\n<p>&#8211; Bar\u0131\u015f Demir<\/p>\n<p>&#8211; K\u0131van\u00e7 Karadeniz<\/p>\n<p>&#8211; Ayaz Ge\u00e7er<\/p>\n<p>&#8211; Serpilay Salk\u0131m<\/p>\n<p><img loading=\"lazy\" decoding=\"async\" class=\"aligncenter wp-image-36066 size-full\" src=\"https:\/\/adanaseshaber.com.tr\/wp-content\/uploads\/2022\/08\/masterchef-turkiye-ana-kadro-yarismacilari-1.jpg\" alt=\"\" width=\"1280\" height=\"720\" srcset=\"https:\/\/adanaseshaber.com.tr\/wp-content\/uploads\/2022\/08\/masterchef-turkiye-ana-kadro-yarismacilari-1.jpg 1280w, https:\/\/adanaseshaber.com.tr\/wp-content\/uploads\/2022\/08\/masterchef-turkiye-ana-kadro-yarismacilari-1-300x169.jpg 300w, https:\/\/adanaseshaber.com.tr\/wp-content\/uploads\/2022\/08\/masterchef-turkiye-ana-kadro-yarismacilari-1-1024x576.jpg 1024w, https:\/\/adanaseshaber.com.tr\/wp-content\/uploads\/2022\/08\/masterchef-turkiye-ana-kadro-yarismacilari-1-768x432.jpg 768w, https:\/\/adanaseshaber.com.tr\/wp-content\/uploads\/2022\/08\/masterchef-turkiye-ana-kadro-yarismacilari-1-390x220.jpg 390w\" sizes=\"auto, (max-width: 1280px) 100vw, 1280px\" \/><\/p>\n<p><strong>MASTERCHEF T\u00dcRK\u0130YE ANA KADRO \u0130LK KEZ YARI\u015eACAK<\/strong><\/p>\n<p>El lezzetini ve mutfaktaki ustal\u0131klar\u0131n\u0131 yar\u0131\u015ft\u0131ran birbirinden ba\u015far\u0131l\u0131 18 yar\u0131\u015fmac\u0131 rakiplerini tek tek eleyerek ana kadroya girmeyi ba\u015fard\u0131 ve \u015fampiyonluk i\u00e7in yar\u0131\u015fmaya hak kazand\u0131. \u015eimdi MasterChef T\u00fcrkiye en heyecanl\u0131 b\u00f6l\u00fcmleriyle ekrana gelmeye ba\u015flayacak. MasterChef T\u00fcrkiye, 18 ki\u015fiden olu\u015fan ana kadro yar\u0131\u015fmac\u0131lar\u0131yla ilk kez bu ak\u015fam ekranda olacak.<\/p>\n","protected":false},"excerpt":{"rendered":"<p>TV8 ekranlar\u0131nda yay\u0131nlanan ve her b\u00f6l\u00fcm\u00fc b\u00fcy\u00fck bir ilgiyle takip edilen MasterChef T\u00fcrkiye yar\u0131\u015fmas\u0131n\u0131n yeni sezonu da yine b\u00fcy\u00fck ilgi g\u00f6r\u00fcyor. Somer Sivrio\u011flu, Danilo Zanna ve Mehmet Yal\u00e7\u0131nkaya\u2019n\u0131n j\u00fcri koltu\u011funda oturdu\u011fu yar\u0131\u015fmada haftalarca s\u00fcren elemelerin ard\u0131ndan ana kadroya giren yar\u0131\u015fmac\u0131lar belli oldu. Haftalard\u0131r en iyisi olmak ve ana kadroya girmek i\u00e7in m\u00fccadele eden MasterChef yar\u0131\u015fmac\u0131lar\u0131ndan &hellip;<\/p>\n","protected":false},"author":6,"featured_media":36065,"comment_status":"closed","ping_status":"closed","sticky":false,"template":"","format":"standard","meta":{"footnotes":""},"categories":[15431],"tags":[],"class_list":["post-36064","post","type-post","status-publish","format-standard","has-post-thumbnail","hentry","category-medya"],"amp_enabled":true,"_links":{"self":[{"href":"https:\/\/adanaseshaber.com.tr\/index.php?rest_route=\/wp\/v2\/posts\/36064","targetHints":{"allow":["GET"]}}],"collection":[{"href":"https:\/\/adanaseshaber.com.tr\/index.php?rest_route=\/wp\/v2\/posts"}],"about":[{"href":"https:\/\/adanaseshaber.com.tr\/index.php?rest_route=\/wp\/v2\/types\/post"}],"author":[{"embeddable":true,"href":"https:\/\/adanaseshaber.com.tr\/index.php?rest_route=\/wp\/v2\/users\/6"}],"replies":[{"embeddable":true,"href":"https:\/\/adanaseshaber.com.tr\/index.php?rest_route=%2Fwp%2Fv2%2Fcomments&post=36064"}],"version-history":[{"count":2,"href":"https:\/\/adanaseshaber.com.tr\/index.php?rest_route=\/wp\/v2\/posts\/36064\/revisions"}],"predecessor-version":[{"id":36068,"href":"https:\/\/adanaseshaber.com.tr\/index.php?rest_route=\/wp\/v2\/posts\/36064\/revisions\/36068"}],"wp:featuredmedia":[{"embeddable":true,"href":"https:\/\/adanaseshaber.com.tr\/index.php?rest_route=\/wp\/v2\/media\/36065"}],"wp:attachment":[{"href":"https:\/\/adanaseshaber.com.tr\/index.php?rest_route=%2Fwp%2Fv2%2Fmedia&parent=36064"}],"wp:term":[{"taxonomy":"category","embeddable":true,"href":"https:\/\/adanaseshaber.com.tr\/index.php?rest_route=%2Fwp%2Fv2%2Fcategories&post=36064"},{"taxonomy":"post_tag","embeddable":true,"href":"https:\/\/adanaseshaber.com.tr\/index.php?rest_route=%2Fwp%2Fv2%2Ftags&post=36064"}],"curies":[{"name":"wp","href":"https:\/\/api.w.org\/{rel}","templated":true}]}}