{"id":36069,"date":"2022-08-22T20:06:11","date_gmt":"2022-08-22T17:06:11","guid":{"rendered":"https:\/\/www.adanaseshaber.com\/?p=36069"},"modified":"2022-08-22T20:06:58","modified_gmt":"2022-08-22T17:06:58","slug":"cumhurbaskanligi-kabinesi-cumhurbaskani-erdogan-aciklamalari","status":"publish","type":"post","link":"https:\/\/adanaseshaber.com.tr\/?p=36069","title":{"rendered":"Cumhurba\u015fkanl\u0131\u011f\u0131 kabinesi Cumhurba\u015fkan\u0131 Erdo\u011fan a\u00e7\u0131klamalar\u0131"},"content":{"rendered":"<p>Kabine toplant\u0131s\u0131n\u0131n ard\u0131ndan kameralar kar\u015f\u0131s\u0131na ge\u00e7en Cumhurba\u015fkan\u0131 Recep Tayyip Erdo\u011fan, konu\u015fmas\u0131na T\u00fcrkiye\u2019nin y\u00fcre\u011fini yakan trafik kazalar\u0131 ile ilgili yapt\u0131\u011f\u0131 a\u00e7\u0131klamalarla ba\u015flad\u0131. Mardin ve Gaziantep\u2019te meydana gelen kazalarla ilgili konu\u015fan Cumhurba\u015fkan\u0131 Erdo\u011fan, \u2018\u0130hmali olanlar hakk\u0131nda gereken yap\u0131lacak\u2019 ifadelerini kulland\u0131. Erdo\u011fan\u2019\u0131n konu\u015fmas\u0131ndaki g\u00fcndemi ise ekonomi yer ald\u0131. Gaziantep ve Mardin\u2019de meydana gelen ve t\u00fcm T\u00fcrkiye\u2019yi derinden sarsan trafik kazalar\u0131yla ilgili konu\u015fan Cumhurba\u015fkan\u0131 Erdo\u011fan, kazalar\u0131n t\u00fcm boyutlar\u0131yla soru\u015fturuldu\u011funu aktard\u0131. Soru\u015fturmalar neticesinde failler hakk\u0131nda i\u015flemler yap\u0131laca\u011f\u0131n\u0131 ve benzer kazalar ya\u015fanmamas\u0131 i\u00e7in gerekli tedbirlerin belirlenerek hayata ge\u00e7irilece\u011fini belirtti. Erdo\u011fan\u2019\u0131n a\u00e7\u0131klamalar\u0131nda ekonomik geli\u015fmeler de yer ald\u0131.<\/p>\n<p><strong>MARD\u0130N VE GAZ\u0130ANTEP KAZALARI<\/strong><\/p>\n<p>Kabine toplant\u0131s\u0131n\u0131n ard\u0131ndan kamuoyunu bilgilendirmek \u00fczere kameralar kar\u015f\u0131s\u0131na ge\u00e7en Cumhurba\u015fkan\u0131 Recep Tayyip Erdo\u011fan, a\u00e7\u0131klamas\u0131na Mardin ve Gaziantep&#8217;te meydana gelen elim trafik kazalar\u0131 ile ilgili konu\u015fmas\u0131yla ba\u015flad\u0131. Gaziantep ve Mardin&#8217;de meydana gelen trafik kazalar\u0131nda hayat\u0131n\u0131 kaybedenlere ba\u015fsa\u011fl\u0131\u011f\u0131 dileyen Erdo\u011fan, kazalar\u0131 t\u00fcm boyutlar\u0131yla soru\u015fturuldu\u011funu ve failler hakk\u0131nda i\u015flemler yap\u0131laca\u011f\u0131n\u0131 s\u00f6yleyerek &#8216;\u0130hmali olanlar hakk\u0131nda gereken yap\u0131lacak.&#8217; ifadelerini kulland\u0131.<\/p>\n<p><strong>ENFLASYON A\u00c7IKLAMASI<\/strong><\/p>\n<p>Ekonomide k\u00f6kl\u00fc de\u011fi\u015fimin ad\u0131m ad\u0131m hayata ge\u00e7irildi\u011fini s\u00f6yleyen Cumhurba\u015fkan\u0131 Recep Tayyip Erdo\u011fan, bug\u00fcn itibariyle t\u00fcm d\u00fcnyan\u0131n y\u00fcksek enflasyon ger\u00e7e\u011fi ve i\u015fsizlik tehdidiyle bo\u011fu\u015ftu\u011funu s\u00f6yledi ve \u2018T\u00fcrkiye ise ekonomik modeli sayesinde tarihinin en y\u00fcksek \u00fcretim, ihracat ve istihdam seviyesine ula\u015fm\u0131\u015ft\u0131r. Enflasyon rakamlar\u0131m\u0131z\u0131n \u00e7ok y\u00fcksek seyretmesi elbette \u00fcz\u00fcnt\u00fc vericidir. Biz enflasyon rakamlar\u0131n\u0131n insanlar\u0131m\u0131z\u0131n hayat\u0131ndaki olumsuz etkilerini, her kesimin gelir seviyesini y\u00fckselterek bertaraf etmeye \u00e7al\u0131\u015f\u0131rken ayn\u0131 zamanda enflasyonu d\u00fc\u015f\u00fcrecek tedbirleri al\u0131yoruz.\u2019 dedi.<\/p>\n<p><img loading=\"lazy\" decoding=\"async\" class=\"aligncenter wp-image-36072 size-full\" src=\"https:\/\/adanaseshaber.com.tr\/wp-content\/uploads\/2022\/08\/cumhurbaskanligi-kabinesi-cumhurbaskani-erdogan-aciklamalari-1.jpg\" alt=\"\" width=\"1280\" height=\"720\" srcset=\"https:\/\/adanaseshaber.com.tr\/wp-content\/uploads\/2022\/08\/cumhurbaskanligi-kabinesi-cumhurbaskani-erdogan-aciklamalari-1.jpg 1280w, https:\/\/adanaseshaber.com.tr\/wp-content\/uploads\/2022\/08\/cumhurbaskanligi-kabinesi-cumhurbaskani-erdogan-aciklamalari-1-300x169.jpg 300w, https:\/\/adanaseshaber.com.tr\/wp-content\/uploads\/2022\/08\/cumhurbaskanligi-kabinesi-cumhurbaskani-erdogan-aciklamalari-1-1024x576.jpg 1024w, https:\/\/adanaseshaber.com.tr\/wp-content\/uploads\/2022\/08\/cumhurbaskanligi-kabinesi-cumhurbaskani-erdogan-aciklamalari-1-768x432.jpg 768w, https:\/\/adanaseshaber.com.tr\/wp-content\/uploads\/2022\/08\/cumhurbaskanligi-kabinesi-cumhurbaskani-erdogan-aciklamalari-1-390x220.jpg 390w\" sizes=\"auto, (max-width: 1280px) 100vw, 1280px\" \/><\/p>\n<p><strong>F\u0130L\u0130ST\u0130N Z\u0130YARET\u0130<\/strong><\/p>\n<p>D\u0131\u015f politikayla ilgili de \u00e7ok \u00f6nemli a\u00e7\u0131klamalara yer veren Cumhurba\u015fkan\u0131 Erdo\u011fan, yar\u0131n Filistin Devlet Ba\u015fkan\u0131 Abbas\u2019\u0131 ziyaret edece\u011fini belirtti. Per\u015fembe g\u00fcn\u00fc Ahlat ve Cuma g\u00fcn\u00fc Malazgirt\u2019te olaca\u011f\u0131n\u0131 s\u00f6yleyen Erdo\u011fan, \u2018Say\u0131n Bah\u00e7eli ile birlikte bu iki \u00f6nemli program\u0131m\u0131z\u0131 in\u015fallah ger\u00e7ekle\u015ftirece\u011fiz. Cuma namaz\u0131m\u0131z\u0131 in\u015fallah Malazgirt\u2019te k\u0131laca\u011f\u0131z. Diyanet \u0130\u015fleri Ba\u015fkan\u0131m\u0131z\u0131n imametiyle in\u015fallah Cuma namaz\u0131m\u0131z\u0131 ifa edece\u011fiz. K\u00fctahya ve Afyonkarahisar\u2019da vatanda\u015flar\u0131m\u0131zla birlikte olaca\u011f\u0131z.\u2019 ifadelerine yer verdi.<\/p>\n","protected":false},"excerpt":{"rendered":"<p>Kabine toplant\u0131s\u0131n\u0131n ard\u0131ndan kameralar kar\u015f\u0131s\u0131na ge\u00e7en Cumhurba\u015fkan\u0131 Recep Tayyip Erdo\u011fan, konu\u015fmas\u0131na T\u00fcrkiye\u2019nin y\u00fcre\u011fini yakan trafik kazalar\u0131 ile ilgili yapt\u0131\u011f\u0131 a\u00e7\u0131klamalarla ba\u015flad\u0131. Mardin ve Gaziantep\u2019te meydana gelen kazalarla ilgili konu\u015fan Cumhurba\u015fkan\u0131 Erdo\u011fan, \u2018\u0130hmali olanlar hakk\u0131nda gereken yap\u0131lacak\u2019 ifadelerini kulland\u0131. Erdo\u011fan\u2019\u0131n konu\u015fmas\u0131ndaki g\u00fcndemi ise ekonomi yer ald\u0131. Gaziantep ve Mardin\u2019de meydana gelen ve t\u00fcm T\u00fcrkiye\u2019yi derinden sarsan &hellip;<\/p>\n","protected":false},"author":6,"featured_media":36070,"comment_status":"closed","ping_status":"closed","sticky":false,"template":"","format":"standard","meta":{"footnotes":""},"categories":[1],"tags":[],"class_list":["post-36069","post","type-post","status-publish","format-standard","has-post-thumbnail","hentry","category-genel"],"amp_enabled":true,"_links":{"self":[{"href":"https:\/\/adanaseshaber.com.tr\/index.php?rest_route=\/wp\/v2\/posts\/36069","targetHints":{"allow":["GET"]}}],"collection":[{"href":"https:\/\/adanaseshaber.com.tr\/index.php?rest_route=\/wp\/v2\/posts"}],"about":[{"href":"https:\/\/adanaseshaber.com.tr\/index.php?rest_route=\/wp\/v2\/types\/post"}],"author":[{"embeddable":true,"href":"https:\/\/adanaseshaber.com.tr\/index.php?rest_route=\/wp\/v2\/users\/6"}],"replies":[{"embeddable":true,"href":"https:\/\/adanaseshaber.com.tr\/index.php?rest_route=%2Fwp%2Fv2%2Fcomments&post=36069"}],"version-history":[{"count":2,"href":"https:\/\/adanaseshaber.com.tr\/index.php?rest_route=\/wp\/v2\/posts\/36069\/revisions"}],"predecessor-version":[{"id":36073,"href":"https:\/\/adanaseshaber.com.tr\/index.php?rest_route=\/wp\/v2\/posts\/36069\/revisions\/36073"}],"wp:featuredmedia":[{"embeddable":true,"href":"https:\/\/adanaseshaber.com.tr\/index.php?rest_route=\/wp\/v2\/media\/36070"}],"wp:attachment":[{"href":"https:\/\/adanaseshaber.com.tr\/index.php?rest_route=%2Fwp%2Fv2%2Fmedia&parent=36069"}],"wp:term":[{"taxonomy":"category","embeddable":true,"href":"https:\/\/adanaseshaber.com.tr\/index.php?rest_route=%2Fwp%2Fv2%2Fcategories&post=36069"},{"taxonomy":"post_tag","embeddable":true,"href":"https:\/\/adanaseshaber.com.tr\/index.php?rest_route=%2Fwp%2Fv2%2Ftags&post=36069"}],"curies":[{"name":"wp","href":"https:\/\/api.w.org\/{rel}","templated":true}]}}