{"id":36074,"date":"2022-08-22T20:22:42","date_gmt":"2022-08-22T17:22:42","guid":{"rendered":"https:\/\/www.adanaseshaber.com\/?p=36074"},"modified":"2022-08-22T20:22:05","modified_gmt":"2022-08-22T17:22:05","slug":"19-756-kisi-adini-ve-soyadini-fatih-terim-olarak-degistirmek-istedi","status":"publish","type":"post","link":"https:\/\/adanaseshaber.com.tr\/?p=36074","title":{"rendered":"19.756 ki\u015fi ad\u0131n\u0131 ve soyad\u0131n\u0131 Fatih Terim olarak de\u011fi\u015ftirmek istedi"},"content":{"rendered":"<p>\u0130\u00e7i\u015fleri Bakanl\u0131\u011f\u0131, ad ve soyad de\u011fi\u015fikli\u011fi ba\u015fvurusu i\u00e7in bir duyuru yapm\u0131\u015f ve bu duyurunun ard\u0131ndan ad\u0131n\u0131 ve soyad\u0131n\u0131 de\u011fi\u015ftirmek i\u00e7in binlerce ki\u015fi ba\u015fvuruda bulunmu\u015ftu. Konuyla ilgili N\u00fcfus ve Vatanda\u015fl\u0131k \u0130\u015fleri Genel M\u00fcd\u00fcrl\u00fc\u011f\u00fc\u2019nden yeni bir a\u00e7\u0131klama geldi. N\u00fcfus ve Vatanda\u015fl\u0131k \u0130\u015fleri Genel M\u00fcd\u00fcrl\u00fc\u011f\u00fc, ad ve soyad de\u011fi\u015fikli\u011fi ba\u015fvurusunda son tarihi duyurdu. \u015eimdiye kadar 19.756 vatanda\u015f\u0131n ad\u0131n\u0131 ve soyad\u0131n\u0131 Fatih Terim olarak de\u011fi\u015ftirmek istedi\u011fi \u00f6\u011frenildi. Sosyal medya, ad ve soyad de\u011fi\u015fikli\u011fi ba\u015fvurusundaki Fatih Terim detay\u0131n\u0131 konu\u015fuyor. \u015eimdiye kadar 19.756 ki\u015fi ad\u0131n\u0131 ve soyad\u0131n\u0131 Fatih Terim olarak de\u011fi\u015ftirmek istedi. Sosyal medyan\u0131n g\u00fcndemine oturan olayla ilgili \u2018Di\u011fer 19.755\u2019 ve \u2018Fatih Terim\u2019 etiketi alt\u0131nda \u00e7ok say\u0131da yorum yap\u0131ld\u0131. Konuyla ilgili yap\u0131lan esprili yorumlar ise y\u00fczleri g\u00fcld\u00fcrd\u00fc. \u0130\u015fte detaylar\u2026<\/p>\n<p><strong>SON BA\u015eVURU TAR\u0130H\u0130 A\u00c7IKLANDI<\/strong><\/p>\n<p>N\u00fcfus ve Vatanda\u015fl\u0131k \u0130\u015fleri Genel M\u00fcd\u00fcrl\u00fc\u011f\u00fc, ad ve soyad\u0131nda de\u011fi\u015fiklik yapmak isteyenler i\u00e7in son ba\u015fvuru tarihini a\u00e7\u0131klad\u0131. Sosyal medya \u00fczerinden yap\u0131lan duyuru kapsam\u0131nda vatanda\u015flar genel ahlaka uygun olmayan, g\u00fcl\u00fcn\u00e7 olarak de\u011ferlendirilen, yaz\u0131m ve imla hatas\u0131 olan ad ve soyad\u0131 de\u011fi\u015fikli\u011fi ba\u015fvurular\u0131n\u0131 e-Devlet arac\u0131l\u0131\u011f\u0131yla veya yaz\u0131l\u0131 olarak il\u00e7e n\u00fcfus m\u00fcd\u00fcrl\u00fcklerinden 24 Aral\u0131k 2022 tarihine kadar ger\u00e7ekle\u015ftirebilecek.<\/p>\n<p><img loading=\"lazy\" decoding=\"async\" class=\"aligncenter wp-image-36076 size-full\" src=\"https:\/\/adanaseshaber.com.tr\/wp-content\/uploads\/2022\/08\/19-756-kisi-adini-ve-soyadini-fatih-terim-olarak-degistirmek-istedi-1.jpg\" alt=\"\" width=\"1280\" height=\"720\" srcset=\"https:\/\/adanaseshaber.com.tr\/wp-content\/uploads\/2022\/08\/19-756-kisi-adini-ve-soyadini-fatih-terim-olarak-degistirmek-istedi-1.jpg 1280w, https:\/\/adanaseshaber.com.tr\/wp-content\/uploads\/2022\/08\/19-756-kisi-adini-ve-soyadini-fatih-terim-olarak-degistirmek-istedi-1-300x169.jpg 300w, https:\/\/adanaseshaber.com.tr\/wp-content\/uploads\/2022\/08\/19-756-kisi-adini-ve-soyadini-fatih-terim-olarak-degistirmek-istedi-1-1024x576.jpg 1024w, https:\/\/adanaseshaber.com.tr\/wp-content\/uploads\/2022\/08\/19-756-kisi-adini-ve-soyadini-fatih-terim-olarak-degistirmek-istedi-1-768x432.jpg 768w, https:\/\/adanaseshaber.com.tr\/wp-content\/uploads\/2022\/08\/19-756-kisi-adini-ve-soyadini-fatih-terim-olarak-degistirmek-istedi-1-390x220.jpg 390w\" sizes=\"auto, (max-width: 1280px) 100vw, 1280px\" \/><\/p>\n<p><strong>B\u0130NLERCE K\u0130\u015e\u0130 ADINI FAT\u0130H TER\u0130M OLARAK DE\u011e\u0130\u015eT\u0130RMEK \u0130STED\u0130<\/strong><\/p>\n<p>Ajansspor\u2019da yer alan habere g\u00f6re, Galatasaray\u2019\u0131n efsane teknik direkt\u00f6r\u00fc Fatih Terim\u2019e duyulan hayranl\u0131k ad ve soyad\u0131 de\u011fi\u015fikli\u011finde bir kez daha ortaya \u00e7\u0131kt\u0131. Vatanda\u015flara verilen ad ve soyad\u0131 de\u011fi\u015fikli\u011fi ba\u015fvuru hakk\u0131n\u0131n ba\u015flad\u0131\u011f\u0131 g\u00fcnden bu yana 19.756 yurtta\u015f ad\u0131n\u0131 Fatih Terim olarak de\u011fi\u015ftirmek i\u00e7in e-Devlet \u00fczerinden ba\u015fvuruda bulundu. Ad ve soyad de\u011fi\u015fikli\u011fi ba\u015fvurular\u0131ndaki Fatih Terim detay\u0131 sosyal medyan\u0131n da g\u00fcndemine oturdu.<\/p>\n<p>&nbsp;<\/p>\n","protected":false},"excerpt":{"rendered":"<p>\u0130\u00e7i\u015fleri Bakanl\u0131\u011f\u0131, ad ve soyad de\u011fi\u015fikli\u011fi ba\u015fvurusu i\u00e7in bir duyuru yapm\u0131\u015f ve bu duyurunun ard\u0131ndan ad\u0131n\u0131 ve soyad\u0131n\u0131 de\u011fi\u015ftirmek i\u00e7in binlerce ki\u015fi ba\u015fvuruda bulunmu\u015ftu. Konuyla ilgili N\u00fcfus ve Vatanda\u015fl\u0131k \u0130\u015fleri Genel M\u00fcd\u00fcrl\u00fc\u011f\u00fc\u2019nden yeni bir a\u00e7\u0131klama geldi. N\u00fcfus ve Vatanda\u015fl\u0131k \u0130\u015fleri Genel M\u00fcd\u00fcrl\u00fc\u011f\u00fc, ad ve soyad de\u011fi\u015fikli\u011fi ba\u015fvurusunda son tarihi duyurdu. \u015eimdiye kadar 19.756 vatanda\u015f\u0131n ad\u0131n\u0131 &hellip;<\/p>\n","protected":false},"author":6,"featured_media":36075,"comment_status":"closed","ping_status":"closed","sticky":false,"template":"","format":"standard","meta":{"footnotes":""},"categories":[5],"tags":[],"class_list":["post-36074","post","type-post","status-publish","format-standard","has-post-thumbnail","hentry","category-spor"],"amp_enabled":true,"_links":{"self":[{"href":"https:\/\/adanaseshaber.com.tr\/index.php?rest_route=\/wp\/v2\/posts\/36074","targetHints":{"allow":["GET"]}}],"collection":[{"href":"https:\/\/adanaseshaber.com.tr\/index.php?rest_route=\/wp\/v2\/posts"}],"about":[{"href":"https:\/\/adanaseshaber.com.tr\/index.php?rest_route=\/wp\/v2\/types\/post"}],"author":[{"embeddable":true,"href":"https:\/\/adanaseshaber.com.tr\/index.php?rest_route=\/wp\/v2\/users\/6"}],"replies":[{"embeddable":true,"href":"https:\/\/adanaseshaber.com.tr\/index.php?rest_route=%2Fwp%2Fv2%2Fcomments&post=36074"}],"version-history":[{"count":2,"href":"https:\/\/adanaseshaber.com.tr\/index.php?rest_route=\/wp\/v2\/posts\/36074\/revisions"}],"predecessor-version":[{"id":36078,"href":"https:\/\/adanaseshaber.com.tr\/index.php?rest_route=\/wp\/v2\/posts\/36074\/revisions\/36078"}],"wp:featuredmedia":[{"embeddable":true,"href":"https:\/\/adanaseshaber.com.tr\/index.php?rest_route=\/wp\/v2\/media\/36075"}],"wp:attachment":[{"href":"https:\/\/adanaseshaber.com.tr\/index.php?rest_route=%2Fwp%2Fv2%2Fmedia&parent=36074"}],"wp:term":[{"taxonomy":"category","embeddable":true,"href":"https:\/\/adanaseshaber.com.tr\/index.php?rest_route=%2Fwp%2Fv2%2Fcategories&post=36074"},{"taxonomy":"post_tag","embeddable":true,"href":"https:\/\/adanaseshaber.com.tr\/index.php?rest_route=%2Fwp%2Fv2%2Ftags&post=36074"}],"curies":[{"name":"wp","href":"https:\/\/api.w.org\/{rel}","templated":true}]}}