{"id":36080,"date":"2022-08-22T20:37:47","date_gmt":"2022-08-22T17:37:47","guid":{"rendered":"https:\/\/www.adanaseshaber.com\/?p=36080"},"modified":"2022-08-22T20:37:03","modified_gmt":"2022-08-22T17:37:03","slug":"cumhurbaskani-erdogandan-velilere-mujde-yardimci-kaynaklar-ucretsiz-dagitilacak","status":"publish","type":"post","link":"https:\/\/adanaseshaber.com.tr\/?p=36080","title":{"rendered":"Cumhurba\u015fkan\u0131 Erdo\u011fan\u2019dan velilere m\u00fcjde: Yard\u0131mc\u0131 kaynaklar \u00fccretsiz da\u011f\u0131t\u0131lacak"},"content":{"rendered":"<p>Kabine toplant\u0131s\u0131n\u0131n ard\u0131ndan kameralar kar\u015f\u0131s\u0131na ge\u00e7en ve \u00e7ok \u00f6nemli a\u00e7\u0131klamalara yer veren Cumhurba\u015fkan\u0131 Recep Tayyip Erdo\u011fan, okullar\u0131n a\u00e7\u0131lmas\u0131na \u00e7ok k\u0131sa bir s\u00fcre kala \u00f6\u011frencilere ve velilere de bir m\u00fcjdeli haber verdi. Ekonomiden d\u0131\u015f politikaya \u00e7ok say\u0131da \u00f6nemli konuya de\u011finen Erdo\u011fan, 2022-2023 e\u011fitim-\u00f6\u011fretim y\u0131l\u0131n\u0131n ba\u015flamas\u0131na haftalar kala yard\u0131mc\u0131 kaynak a\u00e7\u0131klamas\u0131yla y\u00fczleri g\u00fcld\u00fcrd\u00fc. Kabine toplant\u0131s\u0131 sonras\u0131nda kamuoyuna a\u00e7\u0131klamalarda bulunan Erdo\u011fan, 12 Eyl\u00fcl 2022 Pazartesi g\u00fcn\u00fc ba\u015flayacak olan yeni e\u011fitim-\u00f6\u011fretim d\u00f6nemi \u00f6ncesinde \u00f6\u011frenciler ve velilere m\u00fcjde verdi. Yeni e\u011fitim-\u00f6\u011fretim y\u0131l\u0131 i\u00e7in haz\u0131rl\u0131klar\u0131n t\u00fcm h\u0131z\u0131yla devam etti\u011fini aktaran Erdo\u011fan, ders kitaplar\u0131n\u0131n yan\u0131nda yard\u0131mc\u0131 kaynaklar\u0131n da \u00fccretsiz olarak da\u011f\u0131t\u0131laca\u011f\u0131n\u0131 duyurdu.<\/p>\n<p><strong>\u00d6\u011eRENC\u0130LER VE VEL\u0130LERE M\u00dcJDE<\/strong><\/p>\n<p>Cumhurba\u015fkan\u0131 Recep Tayyip Erdo\u011fan, 12 Eyl\u00fcl 2022 Pazartesi g\u00fcn\u00fc yeni e\u011fitim-\u00f6\u011fretim y\u0131l\u0131n\u0131n ilk zili \u00e7almadan \u00f6nce hem \u00f6\u011frencilere hem de velilere m\u00fcjdeli haberi duyurdu. Okullar\u0131n a\u00e7\u0131lmas\u0131na \u00e7ok k\u0131sa bir s\u00fcre kala \u00f6\u011frencilerin ve velilerin y\u00fcz\u00fcn\u00fc g\u00fcld\u00fcren Erdo\u011fan, bu y\u0131l ders kitaplar\u0131n\u0131n yan\u0131nda yard\u0131mc\u0131 kaynaklar\u0131n da \u00fccretsiz verilece\u011fini a\u00e7\u0131klad\u0131. A\u00e7\u0131klamas\u0131nda, \u2018Param\u0131zla kitap alam\u0131yorduk. Kitap bulam\u0131yorduk. \u00dcst s\u0131n\u0131flardaki abilerimizden teksir notlar\u0131n\u0131 bile sat\u0131n alam\u0131yorduk. Ama \u015fimdi ku\u015fe ka\u011f\u0131tta bas\u0131l\u0131 kitaplar\u0131 \u00fccretsiz olarak her e\u011fitim-\u00f6\u011fretim y\u0131l\u0131n\u0131n ba\u015f\u0131nda s\u0131rlar\u0131n\u0131n \u00fczerine yavrular\u0131m\u0131z\u0131n \u00f6n\u00fcne koyuyoruz. Bu y\u0131l ders kitaplar\u0131n\u0131n yan\u0131 s\u0131ra yard\u0131mc\u0131 kaynaklar\u0131 da \u00fccretsiz olarak okullar a\u00e7\u0131ld\u0131\u011f\u0131nda \u00f6\u011frencilerimizin masalar\u0131nda haz\u0131r edece\u011fiz.\u2019 ifadelerini kulland\u0131.<\/p>\n<p><img loading=\"lazy\" decoding=\"async\" class=\"aligncenter wp-image-36082 size-full\" src=\"https:\/\/adanaseshaber.com.tr\/wp-content\/uploads\/2022\/08\/cumhurbaskani-erdogandan-velilere-mujde-yardimci-kaynaklar-ucretsiz-dagitilacak-1.jpg\" alt=\"\" width=\"1280\" height=\"720\" srcset=\"https:\/\/adanaseshaber.com.tr\/wp-content\/uploads\/2022\/08\/cumhurbaskani-erdogandan-velilere-mujde-yardimci-kaynaklar-ucretsiz-dagitilacak-1.jpg 1280w, https:\/\/adanaseshaber.com.tr\/wp-content\/uploads\/2022\/08\/cumhurbaskani-erdogandan-velilere-mujde-yardimci-kaynaklar-ucretsiz-dagitilacak-1-300x169.jpg 300w, https:\/\/adanaseshaber.com.tr\/wp-content\/uploads\/2022\/08\/cumhurbaskani-erdogandan-velilere-mujde-yardimci-kaynaklar-ucretsiz-dagitilacak-1-1024x576.jpg 1024w, https:\/\/adanaseshaber.com.tr\/wp-content\/uploads\/2022\/08\/cumhurbaskani-erdogandan-velilere-mujde-yardimci-kaynaklar-ucretsiz-dagitilacak-1-768x432.jpg 768w, https:\/\/adanaseshaber.com.tr\/wp-content\/uploads\/2022\/08\/cumhurbaskani-erdogandan-velilere-mujde-yardimci-kaynaklar-ucretsiz-dagitilacak-1-390x220.jpg 390w\" sizes=\"auto, (max-width: 1280px) 100vw, 1280px\" \/><\/p>\n<p><strong>YAZ OKULLARI<\/strong><\/p>\n<p>Yaz okullar\u0131 hakk\u0131nda da konu\u015fan Erdo\u011fan, \u2018Yaz\u0131n a\u00e7t\u0131\u011f\u0131m\u0131z bilim, matematik, sanat ve yabanc\u0131 dil yaz okullar\u0131ndan 1 milyon \u00e7ocu\u011fumuz yararland\u0131. Bu yaz yeni projeyle kapal\u0131 k\u00f6y okullar\u0131n\u0131 imar ederek k\u00f6y ya\u015fam merkezleri haline getirdik. Okullar\u0131n a\u00e7\u0131laca\u011f\u0131 tarihe kadar 1500 k\u00f6y ya\u015fam merkezini faaliyete ge\u00e7irmi\u015f olaca\u011f\u0131z.\u2019 dedi.<\/p>\n<p>&nbsp;<\/p>\n","protected":false},"excerpt":{"rendered":"<p>Kabine toplant\u0131s\u0131n\u0131n ard\u0131ndan kameralar kar\u015f\u0131s\u0131na ge\u00e7en ve \u00e7ok \u00f6nemli a\u00e7\u0131klamalara yer veren Cumhurba\u015fkan\u0131 Recep Tayyip Erdo\u011fan, okullar\u0131n a\u00e7\u0131lmas\u0131na \u00e7ok k\u0131sa bir s\u00fcre kala \u00f6\u011frencilere ve velilere de bir m\u00fcjdeli haber verdi. Ekonomiden d\u0131\u015f politikaya \u00e7ok say\u0131da \u00f6nemli konuya de\u011finen Erdo\u011fan, 2022-2023 e\u011fitim-\u00f6\u011fretim y\u0131l\u0131n\u0131n ba\u015flamas\u0131na haftalar kala yard\u0131mc\u0131 kaynak a\u00e7\u0131klamas\u0131yla y\u00fczleri g\u00fcld\u00fcrd\u00fc. Kabine toplant\u0131s\u0131 sonras\u0131nda kamuoyuna &hellip;<\/p>\n","protected":false},"author":6,"featured_media":36081,"comment_status":"closed","ping_status":"closed","sticky":false,"template":"","format":"standard","meta":{"footnotes":""},"categories":[1],"tags":[],"class_list":["post-36080","post","type-post","status-publish","format-standard","has-post-thumbnail","hentry","category-genel"],"amp_enabled":true,"_links":{"self":[{"href":"https:\/\/adanaseshaber.com.tr\/index.php?rest_route=\/wp\/v2\/posts\/36080","targetHints":{"allow":["GET"]}}],"collection":[{"href":"https:\/\/adanaseshaber.com.tr\/index.php?rest_route=\/wp\/v2\/posts"}],"about":[{"href":"https:\/\/adanaseshaber.com.tr\/index.php?rest_route=\/wp\/v2\/types\/post"}],"author":[{"embeddable":true,"href":"https:\/\/adanaseshaber.com.tr\/index.php?rest_route=\/wp\/v2\/users\/6"}],"replies":[{"embeddable":true,"href":"https:\/\/adanaseshaber.com.tr\/index.php?rest_route=%2Fwp%2Fv2%2Fcomments&post=36080"}],"version-history":[{"count":1,"href":"https:\/\/adanaseshaber.com.tr\/index.php?rest_route=\/wp\/v2\/posts\/36080\/revisions"}],"predecessor-version":[{"id":36083,"href":"https:\/\/adanaseshaber.com.tr\/index.php?rest_route=\/wp\/v2\/posts\/36080\/revisions\/36083"}],"wp:featuredmedia":[{"embeddable":true,"href":"https:\/\/adanaseshaber.com.tr\/index.php?rest_route=\/wp\/v2\/media\/36081"}],"wp:attachment":[{"href":"https:\/\/adanaseshaber.com.tr\/index.php?rest_route=%2Fwp%2Fv2%2Fmedia&parent=36080"}],"wp:term":[{"taxonomy":"category","embeddable":true,"href":"https:\/\/adanaseshaber.com.tr\/index.php?rest_route=%2Fwp%2Fv2%2Fcategories&post=36080"},{"taxonomy":"post_tag","embeddable":true,"href":"https:\/\/adanaseshaber.com.tr\/index.php?rest_route=%2Fwp%2Fv2%2Ftags&post=36080"}],"curies":[{"name":"wp","href":"https:\/\/api.w.org\/{rel}","templated":true}]}}