{"id":36084,"date":"2022-08-23T01:43:53","date_gmt":"2022-08-22T22:43:53","guid":{"rendered":"https:\/\/www.adanaseshaber.com\/?p=36084"},"modified":"2022-08-23T01:43:08","modified_gmt":"2022-08-22T22:43:08","slug":"onyekuru-fenerbahceye-yaptigi-el-hareketiyle-taraftari-cildirtti","status":"publish","type":"post","link":"https:\/\/adanaseshaber.com.tr\/?p=36084","title":{"rendered":"Onyekuru Fenerbah\u00e7e\u2019ye yapt\u0131\u011f\u0131 el hareketiyle taraftar\u0131 \u00e7\u0131ld\u0131rtt\u0131"},"content":{"rendered":"<p>Kad\u0131k\u00f6y\u2019de nefes kesen Fenerbah\u00e7e-Adana Demirspor kar\u015f\u0131la\u015fmas\u0131 ekrana geldi. Futbolseverlere seyir zevki y\u00fcksek bir kar\u015f\u0131la\u015fma izleten her iki tak\u0131m oyuncular\u0131 muhte\u015fem performans\u0131yla geceye damga vururken Adana Demirspor oyuncusu Onyekuru ve Belhanda\u2019n\u0131n yapt\u0131\u011f\u0131 baz\u0131 hareketler ise taraftar\u0131 \u00e7\u0131ld\u0131rtt\u0131. Hem stadyumdaki hem de ekran ba\u015f\u0131ndaki Fenerbah\u00e7e taraftarlar\u0131 iki futbolcunun centilmenlik d\u0131\u015f\u0131 hareketlerine tepki g\u00f6sterdi. Fenerbah\u00e7e, evinde g\u00fc\u00e7l\u00fc rakibi Adana Demirspor\u2019u 4-2 ma\u011flup etti. Fenerbah\u00e7eli taraftarlar bir yandan galibiyetin tad\u0131n\u0131 \u00e7\u0131kar\u0131rken bir yandan da Adana Demirspor futbolcular\u0131 Onyekuru ve Belhanda\u2019n\u0131n yapt\u0131\u011f\u0131 centilmenlik d\u0131\u015f\u0131 hareketlere tepki g\u00f6sterdi. Belhanda ve Onyekuru, m\u00fccadele i\u00e7erisinde imal\u0131 hareketler yaparken Onyekuru\u2019dan kar\u015f\u0131la\u015fma sonras\u0131nda da tepki toplayan bir payla\u015f\u0131m geldi.<\/p>\n<p><strong>4 YILDIZ \u0130\u015eARET\u0130 TEPK\u0130 \u00c7EKT\u0130<\/strong><\/p>\n<p>Galatasaray\u2019\u0131n eski futbolcusu Onyekuru ve Belhanda, Fenerbah\u00e7e-Adana Demirspor ma\u00e7\u0131nda taraftar\u0131 k\u0131zd\u0131ran hareketler yapt\u0131. \u0130lk olarak Belhanda, korneri kullan\u0131rken Fenerbah\u00e7e taraftar\u0131na 4 y\u0131ld\u0131z i\u015fareti yapt\u0131. Hemen ard\u0131ndan Adana Demirspor, Onyekuru\u2019nun asistinde Dzyube ile ikinci d\u00f6l\u00fcn\u00fc buldu. Bu esnada Onyekuru, gol sevincini Fenerbah\u00e7eli trib\u00fcnlere do\u011fru ya\u015fad\u0131 ve \u2018a\u011flama\u2019 hareketi yapt\u0131. Onyekuru\u2019nun yapt\u0131\u011f\u0131 bu gol sevinci tepki toplad\u0131. Onyekuru\u2019nun Fenerbah\u00e7e Teknik Direkt\u00f6r\u00fc Jorge Jesus\u2019a kar\u015f\u0131 sergiledi\u011fi tav\u0131r ve 4 i\u015fareti yapt\u0131\u011f\u0131 anlar da sosyal medyada yo\u011fun tepkiye neden oldu.<\/p>\n<p><img loading=\"lazy\" decoding=\"async\" class=\"aligncenter wp-image-36086 size-full\" src=\"https:\/\/adanaseshaber.com.tr\/wp-content\/uploads\/2022\/08\/onyekuru-fenerbahceye-yaptigi-el-hareketiyle-taraftari-cildirtti-1.jpg\" alt=\"\" width=\"1280\" height=\"720\" srcset=\"https:\/\/adanaseshaber.com.tr\/wp-content\/uploads\/2022\/08\/onyekuru-fenerbahceye-yaptigi-el-hareketiyle-taraftari-cildirtti-1.jpg 1280w, https:\/\/adanaseshaber.com.tr\/wp-content\/uploads\/2022\/08\/onyekuru-fenerbahceye-yaptigi-el-hareketiyle-taraftari-cildirtti-1-300x169.jpg 300w, https:\/\/adanaseshaber.com.tr\/wp-content\/uploads\/2022\/08\/onyekuru-fenerbahceye-yaptigi-el-hareketiyle-taraftari-cildirtti-1-1024x576.jpg 1024w, https:\/\/adanaseshaber.com.tr\/wp-content\/uploads\/2022\/08\/onyekuru-fenerbahceye-yaptigi-el-hareketiyle-taraftari-cildirtti-1-768x432.jpg 768w, https:\/\/adanaseshaber.com.tr\/wp-content\/uploads\/2022\/08\/onyekuru-fenerbahceye-yaptigi-el-hareketiyle-taraftari-cildirtti-1-390x220.jpg 390w\" sizes=\"auto, (max-width: 1280px) 100vw, 1280px\" \/><\/p>\n<p><strong>ONYEKURU\u2019DAN FLA\u015e PAYLA\u015eIM<\/strong><\/p>\n<p>Ma\u00e7\u0131n Belhanda\u2019dan sonra en \u00e7ok konu\u015fulan ve tepki g\u00f6ren futbolcular\u0131ndan biri olan Onyekuru, ma\u00e7 bittikten sonra sosyal medya hesab\u0131ndan yapt\u0131\u011f\u0131 payla\u015f\u0131mla da t\u00fcm tepkileri \u00fczerine \u00e7ekti. Sosyal medya hesab\u0131ndan sevin\u00e7 foto\u011fraf\u0131n\u0131 payla\u015fan Onyekuru, \u20184. y\u0131ld\u0131z\u0131 alana kadar sakin olun\u2019 notunu ekledi. Fenerbah\u00e7eli taraftarlardan bu payla\u015f\u0131ma \u00e7ok b\u00fcy\u00fck tepkiler geldi.<\/p>\n","protected":false},"excerpt":{"rendered":"<p>Kad\u0131k\u00f6y\u2019de nefes kesen Fenerbah\u00e7e-Adana Demirspor kar\u015f\u0131la\u015fmas\u0131 ekrana geldi. Futbolseverlere seyir zevki y\u00fcksek bir kar\u015f\u0131la\u015fma izleten her iki tak\u0131m oyuncular\u0131 muhte\u015fem performans\u0131yla geceye damga vururken Adana Demirspor oyuncusu Onyekuru ve Belhanda\u2019n\u0131n yapt\u0131\u011f\u0131 baz\u0131 hareketler ise taraftar\u0131 \u00e7\u0131ld\u0131rtt\u0131. Hem stadyumdaki hem de ekran ba\u015f\u0131ndaki Fenerbah\u00e7e taraftarlar\u0131 iki futbolcunun centilmenlik d\u0131\u015f\u0131 hareketlerine tepki g\u00f6sterdi. Fenerbah\u00e7e, evinde g\u00fc\u00e7l\u00fc rakibi &hellip;<\/p>\n","protected":false},"author":6,"featured_media":36085,"comment_status":"closed","ping_status":"closed","sticky":false,"template":"","format":"standard","meta":{"footnotes":""},"categories":[5],"tags":[],"class_list":["post-36084","post","type-post","status-publish","format-standard","has-post-thumbnail","hentry","category-spor"],"amp_enabled":true,"_links":{"self":[{"href":"https:\/\/adanaseshaber.com.tr\/index.php?rest_route=\/wp\/v2\/posts\/36084","targetHints":{"allow":["GET"]}}],"collection":[{"href":"https:\/\/adanaseshaber.com.tr\/index.php?rest_route=\/wp\/v2\/posts"}],"about":[{"href":"https:\/\/adanaseshaber.com.tr\/index.php?rest_route=\/wp\/v2\/types\/post"}],"author":[{"embeddable":true,"href":"https:\/\/adanaseshaber.com.tr\/index.php?rest_route=\/wp\/v2\/users\/6"}],"replies":[{"embeddable":true,"href":"https:\/\/adanaseshaber.com.tr\/index.php?rest_route=%2Fwp%2Fv2%2Fcomments&post=36084"}],"version-history":[{"count":2,"href":"https:\/\/adanaseshaber.com.tr\/index.php?rest_route=\/wp\/v2\/posts\/36084\/revisions"}],"predecessor-version":[{"id":36088,"href":"https:\/\/adanaseshaber.com.tr\/index.php?rest_route=\/wp\/v2\/posts\/36084\/revisions\/36088"}],"wp:featuredmedia":[{"embeddable":true,"href":"https:\/\/adanaseshaber.com.tr\/index.php?rest_route=\/wp\/v2\/media\/36085"}],"wp:attachment":[{"href":"https:\/\/adanaseshaber.com.tr\/index.php?rest_route=%2Fwp%2Fv2%2Fmedia&parent=36084"}],"wp:term":[{"taxonomy":"category","embeddable":true,"href":"https:\/\/adanaseshaber.com.tr\/index.php?rest_route=%2Fwp%2Fv2%2Fcategories&post=36084"},{"taxonomy":"post_tag","embeddable":true,"href":"https:\/\/adanaseshaber.com.tr\/index.php?rest_route=%2Fwp%2Fv2%2Ftags&post=36084"}],"curies":[{"name":"wp","href":"https:\/\/api.w.org\/{rel}","templated":true}]}}