{"id":36146,"date":"2022-08-23T11:53:35","date_gmt":"2022-08-23T08:53:35","guid":{"rendered":"https:\/\/www.adanaseshaber.com\/?p=36146"},"modified":"2022-08-23T11:53:05","modified_gmt":"2022-08-23T08:53:05","slug":"engur-kalender-gulben-ergen-tarafindan-cop-eve-kilitlendigini-iddia-etti-gulben-ergenden-yanit-geldi","status":"publish","type":"post","link":"https:\/\/adanaseshaber.com.tr\/?p=36146","title":{"rendered":"Eng\u00fcr Kalender G\u00fclben Ergen taraf\u0131ndan \u00e7\u00f6p eve kilitlendi\u011fini iddia etti! G\u00fclben Ergen\u2019den yan\u0131t geldi"},"content":{"rendered":"<p>Bir d\u00f6nemin efsane sanat\u00e7\u0131s\u0131 Eng\u00fcr Kalender, \u00e7\u00f6plerle dolu evde bulunmu\u015f ve kendisini bu eve \u00fcnl\u00fc \u015fark\u0131c\u0131 G\u00fclben Ergen\u2019in kilitledi\u011fini iddia etmi\u015fti. Kendisini \u00e7\u00f6p eve G\u00fclben Ergen\u2019in kilitledi\u011fini ve d\u0131\u015far\u0131 \u00e7\u0131kmas\u0131na izin vermedi\u011fini s\u00f6yleyen Kalender\u2019in iddialar\u0131na Ergen\u2019den yan\u0131t geldi. G\u00fclben Ergen, sosyal medya hesab\u0131ndan yapt\u0131\u011f\u0131 payla\u015f\u0131mla hakk\u0131ndaki iddiay\u0131 yan\u0131tlad\u0131. Y\u0131llar \u00f6nce usta sanat\u00e7\u0131 \u0130brahim Tatl\u0131ses sayesinde \u015f\u00f6hreti yakalayan ve bir d\u00f6neme damgas\u0131n\u0131 vuran Eng\u00fcr Kalender, uzun bir s\u00fcredir ortalarda g\u00f6r\u00fcnm\u00fcyordu. Uzun zamand\u0131r g\u00f6zlerden uzak olan Kalender\u2019in \u00e7\u00f6p evde ya\u015fad\u0131\u011f\u0131 ortaya \u00e7\u0131kt\u0131. \u00c7\u00f6p evde bulunan Eng\u00fcr Kalender, kendisini bu eve \u015fark\u0131c\u0131 G\u00fclben Ergen\u2019in kilitledi\u011fini iddia etti.<\/p>\n<p><strong>\u00c7\u00d6P EVE G\u00dcLBEN ERGEN K\u0130L\u0130TLED\u0130 \u0130DD\u0130ASI<\/strong><\/p>\n<p>Bir d\u00f6nemin en \u00e7ok konu\u015fulan isimlerinden biri olan \u015fark\u0131c\u0131 Eng\u00fcr Kalender, uzun zamand\u0131r ortalarda g\u00f6r\u00fcnm\u00fcyordu. Usta sanat\u00e7\u0131 \u0130brahim Tatl\u0131ses sayesinde me\u015fhur olan ve bir d\u00f6neme damgas\u0131n\u0131 vuran Kalender, \u00e7\u00f6p evde bulunmu\u015ftu. Eng\u00fcr Kalender\u2019in bulunduktan sonra kendisini \u00fcnl\u00fc \u015fark\u0131c\u0131 G\u00fclben Ergen\u2019in eve kapatt\u0131\u011f\u0131n\u0131 iddia etti.<\/p>\n<p><strong>\u2018ASKERLER\u0130 KAPIDA BEKL\u0130YOR\u2019<\/strong><\/p>\n<p>Uzun s\u00fcredir ortalarda g\u00f6r\u00fcnmeyen ve \u00e7\u00f6p evde bulunan Eng\u00fcr Kalender, kendisini bu eve G\u00fclben Ergen\u2019in kapatt\u0131\u011f\u0131n\u0131 ve d\u0131\u015far\u0131 \u00e7\u0131kmas\u0131na izin vermedi\u011fini s\u00f6yledi\u011fi iddia edildi. \u00c7\u00f6p evden \u00e7\u0131kar\u0131lan Kalender, G\u00fclben Ergen\u2019in askerlerinin kap\u0131da k\u0131rm\u0131z\u0131 bir kamyonun i\u00e7inde bekledi\u011fini, kendisini bu eve G\u00fclben Ergen\u2019in kilitledi\u011fini ve d\u0131\u015far\u0131 \u00e7\u0131kmas\u0131n\u0131 istemedi\u011fini s\u00f6yledi\u011fi \u00f6ne s\u00fcr\u00fcld\u00fc.<\/p>\n<p><img loading=\"lazy\" decoding=\"async\" class=\"aligncenter wp-image-36148 size-full\" src=\"https:\/\/adanaseshaber.com.tr\/wp-content\/uploads\/2022\/08\/engur-kalender-gulben-ergen-tarafindan-cop-eve-kilitlendigini-iddia-etti-gulben-ergenden-yanit-geldi-1.jpg\" alt=\"\" width=\"1280\" height=\"720\" srcset=\"https:\/\/adanaseshaber.com.tr\/wp-content\/uploads\/2022\/08\/engur-kalender-gulben-ergen-tarafindan-cop-eve-kilitlendigini-iddia-etti-gulben-ergenden-yanit-geldi-1.jpg 1280w, https:\/\/adanaseshaber.com.tr\/wp-content\/uploads\/2022\/08\/engur-kalender-gulben-ergen-tarafindan-cop-eve-kilitlendigini-iddia-etti-gulben-ergenden-yanit-geldi-1-300x169.jpg 300w, https:\/\/adanaseshaber.com.tr\/wp-content\/uploads\/2022\/08\/engur-kalender-gulben-ergen-tarafindan-cop-eve-kilitlendigini-iddia-etti-gulben-ergenden-yanit-geldi-1-1024x576.jpg 1024w, https:\/\/adanaseshaber.com.tr\/wp-content\/uploads\/2022\/08\/engur-kalender-gulben-ergen-tarafindan-cop-eve-kilitlendigini-iddia-etti-gulben-ergenden-yanit-geldi-1-768x432.jpg 768w, https:\/\/adanaseshaber.com.tr\/wp-content\/uploads\/2022\/08\/engur-kalender-gulben-ergen-tarafindan-cop-eve-kilitlendigini-iddia-etti-gulben-ergenden-yanit-geldi-1-390x220.jpg 390w\" sizes=\"auto, (max-width: 1280px) 100vw, 1280px\" \/><\/p>\n<p><strong>G\u00dcLBEN ERGEN\u2019DEN YANIT GELD\u0130<\/strong><\/p>\n<p>Sosyal medya hesab\u0131n\u0131 aktif bir \u015fekilde kullanan \u00fcnl\u00fc isimler aras\u0131nda yer alan \u015fark\u0131c\u0131 G\u00fclben Ergen, hakk\u0131ndaki iddia ile ilgili sosyal medya hesab\u0131ndan bir payla\u015f\u0131m yapt\u0131 ve \u2018Eminim. Kesin do\u011frudur, anahtar cebimde\u2019 ifadelerine yer verdi.<\/p>\n","protected":false},"excerpt":{"rendered":"<p>Bir d\u00f6nemin efsane sanat\u00e7\u0131s\u0131 Eng\u00fcr Kalender, \u00e7\u00f6plerle dolu evde bulunmu\u015f ve kendisini bu eve \u00fcnl\u00fc \u015fark\u0131c\u0131 G\u00fclben Ergen\u2019in kilitledi\u011fini iddia etmi\u015fti. Kendisini \u00e7\u00f6p eve G\u00fclben Ergen\u2019in kilitledi\u011fini ve d\u0131\u015far\u0131 \u00e7\u0131kmas\u0131na izin vermedi\u011fini s\u00f6yleyen Kalender\u2019in iddialar\u0131na Ergen\u2019den yan\u0131t geldi. G\u00fclben Ergen, sosyal medya hesab\u0131ndan yapt\u0131\u011f\u0131 payla\u015f\u0131mla hakk\u0131ndaki iddiay\u0131 yan\u0131tlad\u0131. Y\u0131llar \u00f6nce usta sanat\u00e7\u0131 \u0130brahim Tatl\u0131ses sayesinde &hellip;<\/p>\n","protected":false},"author":6,"featured_media":36147,"comment_status":"closed","ping_status":"closed","sticky":false,"template":"","format":"standard","meta":{"footnotes":""},"categories":[15431],"tags":[],"class_list":["post-36146","post","type-post","status-publish","format-standard","has-post-thumbnail","hentry","category-medya"],"amp_enabled":true,"_links":{"self":[{"href":"https:\/\/adanaseshaber.com.tr\/index.php?rest_route=\/wp\/v2\/posts\/36146","targetHints":{"allow":["GET"]}}],"collection":[{"href":"https:\/\/adanaseshaber.com.tr\/index.php?rest_route=\/wp\/v2\/posts"}],"about":[{"href":"https:\/\/adanaseshaber.com.tr\/index.php?rest_route=\/wp\/v2\/types\/post"}],"author":[{"embeddable":true,"href":"https:\/\/adanaseshaber.com.tr\/index.php?rest_route=\/wp\/v2\/users\/6"}],"replies":[{"embeddable":true,"href":"https:\/\/adanaseshaber.com.tr\/index.php?rest_route=%2Fwp%2Fv2%2Fcomments&post=36146"}],"version-history":[{"count":2,"href":"https:\/\/adanaseshaber.com.tr\/index.php?rest_route=\/wp\/v2\/posts\/36146\/revisions"}],"predecessor-version":[{"id":36150,"href":"https:\/\/adanaseshaber.com.tr\/index.php?rest_route=\/wp\/v2\/posts\/36146\/revisions\/36150"}],"wp:featuredmedia":[{"embeddable":true,"href":"https:\/\/adanaseshaber.com.tr\/index.php?rest_route=\/wp\/v2\/media\/36147"}],"wp:attachment":[{"href":"https:\/\/adanaseshaber.com.tr\/index.php?rest_route=%2Fwp%2Fv2%2Fmedia&parent=36146"}],"wp:term":[{"taxonomy":"category","embeddable":true,"href":"https:\/\/adanaseshaber.com.tr\/index.php?rest_route=%2Fwp%2Fv2%2Fcategories&post=36146"},{"taxonomy":"post_tag","embeddable":true,"href":"https:\/\/adanaseshaber.com.tr\/index.php?rest_route=%2Fwp%2Fv2%2Ftags&post=36146"}],"curies":[{"name":"wp","href":"https:\/\/api.w.org\/{rel}","templated":true}]}}