{"id":36151,"date":"2022-08-23T12:07:49","date_gmt":"2022-08-23T09:07:49","guid":{"rendered":"https:\/\/www.adanaseshaber.com\/?p=36151"},"modified":"2022-08-23T12:07:22","modified_gmt":"2022-08-23T09:07:22","slug":"ask-i-memnu-final-bolumu-kendi-gununde-yayinlanacak","status":"publish","type":"post","link":"https:\/\/adanaseshaber.com.tr\/?p=36151","title":{"rendered":"A\u015fk-\u0131 Memnu final b\u00f6l\u00fcm\u00fc kendi g\u00fcn\u00fcnde yay\u0131nlanacak"},"content":{"rendered":"<p>Bir d\u00f6nemin efsane dizisi A\u015fk-\u0131 Memnu\u2019nun final b\u00f6l\u00fcm\u00fc y\u0131llar sonra kendi g\u00fcn\u00fcnde ve kendi saatinde ekranda olacak. Kanal D ekranlar\u0131n\u0131n y\u0131llar ge\u00e7se de unutulmayan ve tekrar b\u00f6l\u00fcmleri b\u00fcy\u00fck bir ilgiyle izlenen sevilen dizisi A\u015fk-\u0131 Memnu, \u015fimdilerde tekrar b\u00f6l\u00fcmleriyle ekranda yer almaya devam ediyor. Unutulmazlar aras\u0131na ismini yazd\u0131ran dizinin 25 A\u011fustos 2022 Per\u015fembe ak\u015fam\u0131 y\u0131llar sonra kendi g\u00fcn\u00fcnde ve kendi saatinde final b\u00f6l\u00fcm\u00fcyle ekrana gelece\u011fi \u00f6\u011frenildi. Y\u0131llar \u00f6nce Per\u015fembe ak\u015famlar\u0131 ekrana gelen ve her b\u00f6l\u00fcm\u00fc izlenme rekorlar\u0131 k\u0131ran efsane dizi A\u015fk-\u0131 Memnu, \u015fimdilerde tekrar b\u00f6l\u00fcmleriyle de izleyici ekrana kilitliyor. Final b\u00f6l\u00fcm\u00fc ekrana damga vuran dizinin y\u0131llar sonra yine kendi g\u00fcn\u00fcnde ve kendi saatinde final b\u00f6l\u00fcm\u00fcyle ekranda yer alaca\u011f\u0131 \u00f6\u011frenildi.<\/p>\n<p><strong>A\u015eK-I MEMNU EFSANE F\u0130NAL B\u00d6L\u00dcM\u00dcYLE EKRANDA OLACAK<\/strong><\/p>\n<p>Bir d\u00f6neme damgas\u0131n\u0131 vuran ba\u015frollerinde Beren Saat, K\u0131van\u00e7 Tatl\u0131tu\u011f, Sel\u00e7uk Y\u00f6ntem, Nebahat \u00c7ehre ve Hazal Kaya gibi \u00fcnl\u00fc isimlerin yer ald\u0131\u011f\u0131 A\u015fk-\u0131 Memnu, y\u0131llar \u00f6nce izleyicinin kalbinde taht kurmu\u015ftu. Aradan uzun y\u0131llar ge\u00e7mesine ra\u011fmen tekrar b\u00f6l\u00fcmleri hi\u00e7 s\u0131k\u0131lmadan izlenen dizi \u015fimdilerde yine tekrar b\u00f6l\u00fcmleriyle izleyicinin kar\u015f\u0131s\u0131na \u00e7\u0131k\u0131yor. Sevilen dizi yay\u0131nland\u0131\u011f\u0131 d\u00f6nemde final b\u00f6l\u00fcm\u00fcyle ekran\u0131 sallam\u0131\u015f ve \u00e7ok konu\u015fulmu\u015ftu. \u015eimdi efsane final b\u00f6l\u00fcm\u00fcyle yeniden ekrana gelecek olan dizinin kendi g\u00fcn ve saatinde yay\u0131nlanaca\u011f\u0131 \u00f6\u011frenildi. A\u015fk-\u0131 Memnu, y\u0131llar sonra kendi g\u00fcn\u00fcnde ve kendi saatinde 25 A\u011fustos 2022 Per\u015fembe ak\u015fam\u0131 saat 20.00\u2019de final b\u00f6l\u00fcm\u00fcyle Kanal D\u2019de.<\/p>\n<p><img loading=\"lazy\" decoding=\"async\" class=\"aligncenter wp-image-36153 size-full\" src=\"https:\/\/adanaseshaber.com.tr\/wp-content\/uploads\/2022\/08\/ask-i-memnu-final-bolumu-kendi-gununde-yayinlanacak-1.jpg\" alt=\"\" width=\"1280\" height=\"720\" srcset=\"https:\/\/adanaseshaber.com.tr\/wp-content\/uploads\/2022\/08\/ask-i-memnu-final-bolumu-kendi-gununde-yayinlanacak-1.jpg 1280w, https:\/\/adanaseshaber.com.tr\/wp-content\/uploads\/2022\/08\/ask-i-memnu-final-bolumu-kendi-gununde-yayinlanacak-1-300x169.jpg 300w, https:\/\/adanaseshaber.com.tr\/wp-content\/uploads\/2022\/08\/ask-i-memnu-final-bolumu-kendi-gununde-yayinlanacak-1-1024x576.jpg 1024w, https:\/\/adanaseshaber.com.tr\/wp-content\/uploads\/2022\/08\/ask-i-memnu-final-bolumu-kendi-gununde-yayinlanacak-1-768x432.jpg 768w, https:\/\/adanaseshaber.com.tr\/wp-content\/uploads\/2022\/08\/ask-i-memnu-final-bolumu-kendi-gununde-yayinlanacak-1-390x220.jpg 390w\" sizes=\"auto, (max-width: 1280px) 100vw, 1280px\" \/><\/p>\n<p><strong>A\u015eK-I MEMNU NE ZAMAN YAYINLANDI?<\/strong><\/p>\n<p>2008-2010 y\u0131llar\u0131 aras\u0131nda yay\u0131nlanan ve ilk b\u00f6l\u00fcm\u00fcnden son b\u00f6l\u00fcm\u00fcne kadar izlenme rekorlar\u0131 k\u0131ran A\u015fk-\u0131 Memnu, Behl\u00fcl ile Bihter\u2019in yasak a\u015fk\u0131n\u0131 konu alm\u0131\u015f ve ekranda kald\u0131\u011f\u0131 s\u00fcre boyunca en g\u00f6zde diziler aras\u0131nda yer alm\u0131\u015ft\u0131r.<\/p>\n<p>&nbsp;<\/p>\n","protected":false},"excerpt":{"rendered":"<p>Bir d\u00f6nemin efsane dizisi A\u015fk-\u0131 Memnu\u2019nun final b\u00f6l\u00fcm\u00fc y\u0131llar sonra kendi g\u00fcn\u00fcnde ve kendi saatinde ekranda olacak. Kanal D ekranlar\u0131n\u0131n y\u0131llar ge\u00e7se de unutulmayan ve tekrar b\u00f6l\u00fcmleri b\u00fcy\u00fck bir ilgiyle izlenen sevilen dizisi A\u015fk-\u0131 Memnu, \u015fimdilerde tekrar b\u00f6l\u00fcmleriyle ekranda yer almaya devam ediyor. Unutulmazlar aras\u0131na ismini yazd\u0131ran dizinin 25 A\u011fustos 2022 Per\u015fembe ak\u015fam\u0131 y\u0131llar sonra &hellip;<\/p>\n","protected":false},"author":6,"featured_media":36152,"comment_status":"closed","ping_status":"closed","sticky":false,"template":"","format":"standard","meta":{"footnotes":""},"categories":[15431],"tags":[],"class_list":["post-36151","post","type-post","status-publish","format-standard","has-post-thumbnail","hentry","category-medya"],"amp_enabled":true,"_links":{"self":[{"href":"https:\/\/adanaseshaber.com.tr\/index.php?rest_route=\/wp\/v2\/posts\/36151","targetHints":{"allow":["GET"]}}],"collection":[{"href":"https:\/\/adanaseshaber.com.tr\/index.php?rest_route=\/wp\/v2\/posts"}],"about":[{"href":"https:\/\/adanaseshaber.com.tr\/index.php?rest_route=\/wp\/v2\/types\/post"}],"author":[{"embeddable":true,"href":"https:\/\/adanaseshaber.com.tr\/index.php?rest_route=\/wp\/v2\/users\/6"}],"replies":[{"embeddable":true,"href":"https:\/\/adanaseshaber.com.tr\/index.php?rest_route=%2Fwp%2Fv2%2Fcomments&post=36151"}],"version-history":[{"count":2,"href":"https:\/\/adanaseshaber.com.tr\/index.php?rest_route=\/wp\/v2\/posts\/36151\/revisions"}],"predecessor-version":[{"id":36155,"href":"https:\/\/adanaseshaber.com.tr\/index.php?rest_route=\/wp\/v2\/posts\/36151\/revisions\/36155"}],"wp:featuredmedia":[{"embeddable":true,"href":"https:\/\/adanaseshaber.com.tr\/index.php?rest_route=\/wp\/v2\/media\/36152"}],"wp:attachment":[{"href":"https:\/\/adanaseshaber.com.tr\/index.php?rest_route=%2Fwp%2Fv2%2Fmedia&parent=36151"}],"wp:term":[{"taxonomy":"category","embeddable":true,"href":"https:\/\/adanaseshaber.com.tr\/index.php?rest_route=%2Fwp%2Fv2%2Fcategories&post=36151"},{"taxonomy":"post_tag","embeddable":true,"href":"https:\/\/adanaseshaber.com.tr\/index.php?rest_route=%2Fwp%2Fv2%2Ftags&post=36151"}],"curies":[{"name":"wp","href":"https:\/\/api.w.org\/{rel}","templated":true}]}}