{"id":36168,"date":"2022-08-23T13:52:31","date_gmt":"2022-08-23T10:52:31","guid":{"rendered":"https:\/\/www.adanaseshaber.com\/?p=36168"},"modified":"2022-08-23T13:53:00","modified_gmt":"2022-08-23T10:53:00","slug":"yargi-dizisi-yeni-sezon-tarihi-belli-oldu","status":"publish","type":"post","link":"https:\/\/adanaseshaber.com.tr\/?p=36168","title":{"rendered":"Yarg\u0131 dizisi yeni sezon tarihi belli oldu"},"content":{"rendered":"<p>Kanal D ekranlar\u0131n\u0131n sevilen dizisi Yarg\u0131, ba\u015far\u0131l\u0131 bir sezonu geride b\u0131rakm\u0131\u015f ve sezon finali ile ekranlara k\u0131sa bir ara vermi\u015fti. Hem oyuncu kadrosu hem de konusuyla t\u00fcm dikkatleri \u00fczerine \u00e7ekmeyi ba\u015faran dizinin ikinci sezonu ise b\u00fcy\u00fck bir heyecanla bekleniyor. Muhte\u015fem bir sezon finaliyle ekrana ara veren dizinin yeni sezonunda neler olaca\u011f\u0131 merak konusu. Yarg\u0131 dizisi hayranlar\u0131 ikinci sezon ara\u015ft\u0131rmalar\u0131na ba\u015flad\u0131. Dizinin ikinci sezonunun ne zaman ba\u015flayaca\u011f\u0131 merak konusu. \u00d6zellikle sezon finalindeki final sahnesi hala konu\u015fuluyor. Dizinin yeni sezonda izleyiciye nas\u0131l bir s\u00fcrpriz yapaca\u011f\u0131 merak ediliyor. Peki, Yarg\u0131 dizisi yeni sezon ne zaman ba\u015fl\u0131yor? Yarg\u0131 dizisi yeni sezon tarihi a\u00e7\u0131kland\u0131 m\u0131? \u0130\u015fte detaylar\u2026<\/p>\n<p><strong>YARGI D\u0130Z\u0130S\u0130 YEN\u0130 SEZON NE ZAMAN BA\u015eLIYOR?<\/strong><\/p>\n<p>Ay Yap\u0131m imzal\u0131 Yarg\u0131 dizisi hem konusu hem de oyuncu kadrosuyla muhte\u015fem bir sezonu geride b\u0131rakm\u0131\u015ft\u0131. Nefesleri kesen sezon finali b\u00f6l\u00fcm\u00fcyle izleyiciyi merakland\u0131ran dizinin yeni sezonu i\u00e7in geri say\u0131m ba\u015flad\u0131. Sezon finali aras\u0131 veren dizinin yeni sezonunun ba\u015flayaca\u011f\u0131 tarih b\u00fcy\u00fck bir merakla ara\u015ft\u0131r\u0131l\u0131yor. Yarg\u0131 dizisi ekibi 20 A\u011fustos 2022 tarihinde sete \u00e7\u0131kt\u0131. Yarg\u0131, 18 Eyl\u00fcl 2022 tarihinde ikinci sezonun ilk b\u00f6l\u00fcm\u00fcyle ekranda olacak.<\/p>\n<p><img loading=\"lazy\" decoding=\"async\" class=\"aligncenter wp-image-36171 size-full\" src=\"https:\/\/adanaseshaber.com.tr\/wp-content\/uploads\/2022\/08\/yargi-dizisi-yeni-sezon-tarihi-belli-oldu-1.jpg\" alt=\"\" width=\"1280\" height=\"720\" srcset=\"https:\/\/adanaseshaber.com.tr\/wp-content\/uploads\/2022\/08\/yargi-dizisi-yeni-sezon-tarihi-belli-oldu-1.jpg 1280w, https:\/\/adanaseshaber.com.tr\/wp-content\/uploads\/2022\/08\/yargi-dizisi-yeni-sezon-tarihi-belli-oldu-1-300x169.jpg 300w, https:\/\/adanaseshaber.com.tr\/wp-content\/uploads\/2022\/08\/yargi-dizisi-yeni-sezon-tarihi-belli-oldu-1-1024x576.jpg 1024w, https:\/\/adanaseshaber.com.tr\/wp-content\/uploads\/2022\/08\/yargi-dizisi-yeni-sezon-tarihi-belli-oldu-1-768x432.jpg 768w, https:\/\/adanaseshaber.com.tr\/wp-content\/uploads\/2022\/08\/yargi-dizisi-yeni-sezon-tarihi-belli-oldu-1-390x220.jpg 390w\" sizes=\"auto, (max-width: 1280px) 100vw, 1280px\" \/><\/p>\n<p><strong>ALTI AYLIK ZAMAN ATLAMASI GER\u00c7EKLE\u015eM\u0130\u015eT\u0130<\/strong><\/p>\n<p>Yarg\u0131\u2019n\u0131n ilk sezonunda alt\u0131 ayl\u0131k bir zaman atlamas\u0131 ger\u00e7ekle\u015fmi\u015fti. Sezon finalinin ekrana damga vuran final sahnesinde Ceylin\u2019in \u00fcst\u00fc ba\u015f\u0131 kan i\u00e7inde ve elinde b\u0131\u00e7akla eve gelmesi sonras\u0131nda Eren \u00f6fkeli bir \u015fekilde Ceylin\u2019in kap\u0131s\u0131n\u0131 \u00e7ald\u0131. Eren\u2019in Ceylin\u2019i tutuklad\u0131\u011f\u0131n\u0131 s\u00f6yledi\u011fi sahne ise izleyiciye b\u00fcy\u00fck bir \u015fok ya\u015fatm\u0131\u015ft\u0131. Eren\u2019in Ceylin\u2019i sorguya \u00e7ekti\u011fi sahnede \u2018Ilgaz Kaya\u2019y\u0131 neden \u00f6ld\u00fcrd\u00fcn?\u2019 \u015feklindeki sorusu ise ikinci bir \u015fok etkisi yaratt\u0131. Bu esnada Ceylin ise sadece Eren\u2019in y\u00fcz\u00fcne bakt\u0131. Heyecan dolu ve ikinci sezon i\u00e7in soru i\u015faretleriyle dolu bir sezon finali ile ekrana ara veren dizinin yeni sezonunda neler olaca\u011f\u0131 merakla bekleniyor.<\/p>\n","protected":false},"excerpt":{"rendered":"<p>Kanal D ekranlar\u0131n\u0131n sevilen dizisi Yarg\u0131, ba\u015far\u0131l\u0131 bir sezonu geride b\u0131rakm\u0131\u015f ve sezon finali ile ekranlara k\u0131sa bir ara vermi\u015fti. Hem oyuncu kadrosu hem de konusuyla t\u00fcm dikkatleri \u00fczerine \u00e7ekmeyi ba\u015faran dizinin ikinci sezonu ise b\u00fcy\u00fck bir heyecanla bekleniyor. Muhte\u015fem bir sezon finaliyle ekrana ara veren dizinin yeni sezonunda neler olaca\u011f\u0131 merak konusu. Yarg\u0131 dizisi &hellip;<\/p>\n","protected":false},"author":6,"featured_media":36169,"comment_status":"closed","ping_status":"closed","sticky":false,"template":"","format":"standard","meta":{"footnotes":""},"categories":[15431],"tags":[],"class_list":["post-36168","post","type-post","status-publish","format-standard","has-post-thumbnail","hentry","category-medya"],"amp_enabled":true,"_links":{"self":[{"href":"https:\/\/adanaseshaber.com.tr\/index.php?rest_route=\/wp\/v2\/posts\/36168","targetHints":{"allow":["GET"]}}],"collection":[{"href":"https:\/\/adanaseshaber.com.tr\/index.php?rest_route=\/wp\/v2\/posts"}],"about":[{"href":"https:\/\/adanaseshaber.com.tr\/index.php?rest_route=\/wp\/v2\/types\/post"}],"author":[{"embeddable":true,"href":"https:\/\/adanaseshaber.com.tr\/index.php?rest_route=\/wp\/v2\/users\/6"}],"replies":[{"embeddable":true,"href":"https:\/\/adanaseshaber.com.tr\/index.php?rest_route=%2Fwp%2Fv2%2Fcomments&post=36168"}],"version-history":[{"count":2,"href":"https:\/\/adanaseshaber.com.tr\/index.php?rest_route=\/wp\/v2\/posts\/36168\/revisions"}],"predecessor-version":[{"id":36172,"href":"https:\/\/adanaseshaber.com.tr\/index.php?rest_route=\/wp\/v2\/posts\/36168\/revisions\/36172"}],"wp:featuredmedia":[{"embeddable":true,"href":"https:\/\/adanaseshaber.com.tr\/index.php?rest_route=\/wp\/v2\/media\/36169"}],"wp:attachment":[{"href":"https:\/\/adanaseshaber.com.tr\/index.php?rest_route=%2Fwp%2Fv2%2Fmedia&parent=36168"}],"wp:term":[{"taxonomy":"category","embeddable":true,"href":"https:\/\/adanaseshaber.com.tr\/index.php?rest_route=%2Fwp%2Fv2%2Fcategories&post=36168"},{"taxonomy":"post_tag","embeddable":true,"href":"https:\/\/adanaseshaber.com.tr\/index.php?rest_route=%2Fwp%2Fv2%2Ftags&post=36168"}],"curies":[{"name":"wp","href":"https:\/\/api.w.org\/{rel}","templated":true}]}}