{"id":36173,"date":"2022-08-23T14:25:34","date_gmt":"2022-08-23T11:25:34","guid":{"rendered":"https:\/\/www.adanaseshaber.com\/?p=36173"},"modified":"2022-08-23T14:31:30","modified_gmt":"2022-08-23T11:31:30","slug":"milyon-fest-fethiye-mugla-valiligi-tarafindan-yasaklandi","status":"publish","type":"post","link":"https:\/\/adanaseshaber.com.tr\/?p=36173","title":{"rendered":"Milyon Fest Fethiye Mu\u011fla Valili\u011fi taraf\u0131ndan yasakland\u0131"},"content":{"rendered":"<p>Festival yasaklar\u0131n\u0131n ard\u0131 arkas\u0131 kesilmezken bir yasak haberi de Milyon Fest Fethiye\u2019den geldi. T\u00fcrkiye\u2019nin en b\u00fcy\u00fck m\u00fczik festivalleri aras\u0131nda yer alan bu sene 1-4 Eyl\u00fcl tarihleri aras\u0131nda ikincisi d\u00fczenlenecek olan Milyon Fest Fethiye\u2019nin Mu\u011fla Valili\u011fi taraf\u0131ndan yasakland\u0131\u011f\u0131 \u00f6\u011frenildi. Valili\u011fin Mu\u011fla Fest Fethiye karar\u0131na BelediyeBa\u015fkan\u0131 Alim Karaca\u2019dan \u00e7ok sert tepki geldi. Mu\u011fla Valili\u011fi taraf\u0131ndan iptal edilen Mu\u011fla Fest Fethiye, bu sene 1-4 Eyl\u00fcl 2022 tarihleri aras\u0131nda d\u00fczenlenecekti. Bu y\u0131l ikincisi d\u00fczenlenecek olan m\u00fczik festivali Valilik engeline tak\u0131ld\u0131. Yasak sonras\u0131nda \u00e7ok sert a\u00e7\u0131klamalarda bulunan Fethiye Belediye Ba\u015fkan\u0131 Alim Karaca, \u2018Al\u0131nan karar\u0131n gerek\u00e7esi yok. Kendilerine yak\u0131n insanlar\u0131n konserleri iptal edilmiyor. \u0130dari mahkemeye ba\u015fvuraca\u011f\u0131z.\u2019 dedi.<\/p>\n<p><b>M\u0130LYON FEST FETH\u0130YE YASAKLANDI<\/b><\/p>\n<p>T\u00fcrkiye&#8217;nin en b\u00fcy\u00fck m\u00fczik festivalleri aras\u0131nda yer alan ve bu y\u0131l ikincisi d\u00fczenlenecek olan Milyon Fest Fethiye Valilik engeline tak\u0131ld\u0131. Bu y\u0131l 1-4 Eyl\u00fcl 2022 tarihleri aras\u0131nda d\u00fczenlenecek olan m\u00fczik festivaline yasak geldi. Fethiye Belediyesi&#8217;nin destekleriyle 1-4 Eyl\u00fcl 2022 tarihleri aras\u0131nda d\u00fczenlenecek olan Milyon Fest Fethiye, Mu\u011fla Valili\u011fi taraf\u0131ndan yasakland\u0131. M\u00fczik festivali i\u00e7in bu y\u0131l 16 \u00fcnl\u00fc sanat\u00e7\u0131n\u0131n kat\u0131l\u0131m\u0131 planlan\u0131yordu.<\/p>\n<p><strong>FETH\u0130YE BELED\u0130YE BA\u015eKANI&#8217;NDAN YASAK \u0130LE \u0130LG\u0130L\u0130 A\u00c7IKLAMA<\/strong><\/p>\n<p>Mu\u011fla Valili\u011fi taraf\u0131ndan iptal edilen M,lyon Fest Fethiye ile ilgili konu\u015fan Fethiye Belediye Ba\u015fkan\u0131 Alim Karaca, al\u0131nan karar\u0131n gerek\u00e7esi olmad\u0131\u011f\u0131n\u0131 s\u00f6yledi ve &#8216;Bu y\u0131l yine \u00e7ok g\u00fczel projelerimiz vard\u0131. Ama sabah valilikten ald\u0131\u011f\u0131m\u0131z haber ile \u00fcz\u00fcld\u00fck. Gen\u00e7lerimizi \u0130nlice Plaj\u0131&#8217;nda 16 sanat\u00e7\u0131yla bulu\u015fturaca\u011f\u0131m\u0131z Milyon Fest, valilik taraf\u0131ndan iptal edildi.&#8217; ifadelerine yer verdi.<\/p>\n<p><strong>MAHKEMEYE BA\u015eVURULACAK<\/strong><\/p>\n<p>Al\u0131nan bu karar\u0131n gerek\u00e7esi olmad\u0131\u011f\u0131n\u0131n alt\u0131n\u0131 tekrar tekrar \u00e7izen Fethiye Belediye Ba\u015fkan\u0131 Alim Karaca, &#8216;Biz idari mahkemeye ba\u015fvuraca\u011f\u0131z. Kendine yak\u0131n insanlar\u0131n konserleri iptal edilmiyor. Ama Fethiye Belediyesi&#8217;nin \u0130nlice Plaj\u0131&#8217;ndaki yapaca\u011f\u0131 konser iptal ediliyor. Bunu gen\u00e7lerimizin takdirine sunuyorum.&#8217; dedi.<\/p>\n","protected":false},"excerpt":{"rendered":"<p>Festival yasaklar\u0131n\u0131n ard\u0131 arkas\u0131 kesilmezken bir yasak haberi de Milyon Fest Fethiye\u2019den geldi. T\u00fcrkiye\u2019nin en b\u00fcy\u00fck m\u00fczik festivalleri aras\u0131nda yer alan bu sene 1-4 Eyl\u00fcl tarihleri aras\u0131nda ikincisi d\u00fczenlenecek olan Milyon Fest Fethiye\u2019nin Mu\u011fla Valili\u011fi taraf\u0131ndan yasakland\u0131\u011f\u0131 \u00f6\u011frenildi. Valili\u011fin Mu\u011fla Fest Fethiye karar\u0131na BelediyeBa\u015fkan\u0131 Alim Karaca\u2019dan \u00e7ok sert tepki geldi. Mu\u011fla Valili\u011fi taraf\u0131ndan iptal edilen &hellip;<\/p>\n","protected":false},"author":6,"featured_media":36174,"comment_status":"closed","ping_status":"closed","sticky":false,"template":"","format":"standard","meta":{"footnotes":""},"categories":[1],"tags":[],"class_list":["post-36173","post","type-post","status-publish","format-standard","has-post-thumbnail","hentry","category-genel"],"amp_enabled":true,"_links":{"self":[{"href":"https:\/\/adanaseshaber.com.tr\/index.php?rest_route=\/wp\/v2\/posts\/36173","targetHints":{"allow":["GET"]}}],"collection":[{"href":"https:\/\/adanaseshaber.com.tr\/index.php?rest_route=\/wp\/v2\/posts"}],"about":[{"href":"https:\/\/adanaseshaber.com.tr\/index.php?rest_route=\/wp\/v2\/types\/post"}],"author":[{"embeddable":true,"href":"https:\/\/adanaseshaber.com.tr\/index.php?rest_route=\/wp\/v2\/users\/6"}],"replies":[{"embeddable":true,"href":"https:\/\/adanaseshaber.com.tr\/index.php?rest_route=%2Fwp%2Fv2%2Fcomments&post=36173"}],"version-history":[{"count":5,"href":"https:\/\/adanaseshaber.com.tr\/index.php?rest_route=\/wp\/v2\/posts\/36173\/revisions"}],"predecessor-version":[{"id":36180,"href":"https:\/\/adanaseshaber.com.tr\/index.php?rest_route=\/wp\/v2\/posts\/36173\/revisions\/36180"}],"wp:featuredmedia":[{"embeddable":true,"href":"https:\/\/adanaseshaber.com.tr\/index.php?rest_route=\/wp\/v2\/media\/36174"}],"wp:attachment":[{"href":"https:\/\/adanaseshaber.com.tr\/index.php?rest_route=%2Fwp%2Fv2%2Fmedia&parent=36173"}],"wp:term":[{"taxonomy":"category","embeddable":true,"href":"https:\/\/adanaseshaber.com.tr\/index.php?rest_route=%2Fwp%2Fv2%2Fcategories&post=36173"},{"taxonomy":"post_tag","embeddable":true,"href":"https:\/\/adanaseshaber.com.tr\/index.php?rest_route=%2Fwp%2Fv2%2Ftags&post=36173"}],"curies":[{"name":"wp","href":"https:\/\/api.w.org\/{rel}","templated":true}]}}