{"id":36190,"date":"2022-08-23T15:06:32","date_gmt":"2022-08-23T12:06:32","guid":{"rendered":"https:\/\/www.adanaseshaber.com\/?p=36190"},"modified":"2022-08-23T15:06:09","modified_gmt":"2022-08-23T12:06:09","slug":"asli-turanli-burak-celik-aski-boyle-ortaya-cikti","status":"publish","type":"post","link":"https:\/\/adanaseshaber.com.tr\/?p=36190","title":{"rendered":"Asl\u0131 Turanl\u0131 Burak \u00c7elik a\u015fk\u0131 b\u00f6yle ortaya \u00e7\u0131kt\u0131"},"content":{"rendered":"<p>FOX ekranlar\u0131nda yay\u0131nlanan Senden Daha G\u00fczel dizisinin yak\u0131\u015f\u0131kl\u0131 ba\u015frol\u00fc Burak \u00c7elik, g\u00f6nl\u00fcn\u00fc ayn\u0131 dizide rol ald\u0131\u011f\u0131 meslekta\u015f\u0131na kapt\u0131rd\u0131. \u00c7ok say\u0131da yap\u0131mda rol alan ve ba\u015far\u0131l\u0131 oyunculu\u011fu kadar yak\u0131\u015f\u0131kl\u0131l\u0131\u011f\u0131yla da ad\u0131ndan s\u0131k\u00e7a s\u00f6z ettiren \u00fcnl\u00fc oyuncu Burak \u00c7elik\u2019in Senden Daha G\u00fczel dizisindeki rol arkada\u015f\u0131 Asl\u0131 Turan\u0131 ile a\u015fk ya\u015fad\u0131\u011f\u0131 iddia edildi. Yeni dizi a\u015fk\u0131 ile ilgili iddialar magazin man\u015fetlerine bomba gibi d\u00fc\u015ft\u00fc. FOX TV\u2019nin sevilen yaz dizisi Senden Daha G\u00fczel izleyicinin g\u00f6nl\u00fcnde taht kurdu. Ba\u015frollerinde Burak \u00c7elik ve Cemre Baysel\u2019in yer ald\u0131\u011f\u0131 sevilen diziden a\u015fk \u00e7\u0131kt\u0131. \u0130ddialara g\u00f6re dizinin ba\u015frol oyuncusu Burak \u00c7elik ile dizide Nazl\u0131 karakterine hayat veren Asl\u0131 Turanl\u0131 a\u015fk ya\u015f\u0131yor. Dizi setinde ba\u015flad\u0131\u011f\u0131 iddia edilen a\u015fk haberi sosyal medyan\u0131n da g\u00fcndemine oturdu. \u0130\u015fte detaylar\u2026<\/p>\n<p><strong>D\u0130Z\u0130 SET\u0130NDE A\u015eK \u0130DD\u0130ASI<\/strong><\/p>\n<p>Yaz aylar\u0131nda ba\u015flayan ve k\u0131sa s\u00fcrede izleyicinin be\u011fenisini kazanmay\u0131 ba\u015faran sevilen dizi Senden Daha G\u00fczel\u2019in yak\u0131\u015f\u0131kl\u0131 ba\u015frol oyuncusu Burak \u00c7elik\u2019in g\u00f6nl\u00fcn\u00fc ayn\u0131 dizide rol alan Asl\u0131 Turanl\u0131\u2019ya kapt\u0131rd\u0131\u011f\u0131 iddia edildi. H\u00fcrriyet\u2019ten \u0130smail Bayrak, Burak \u00e7elik ile Asl\u0131 Turanl\u0131\u2019n\u0131n yeni bir a\u015fka yelken a\u00e7t\u0131\u011f\u0131n\u0131 iddia etti.<\/p>\n<p><img loading=\"lazy\" decoding=\"async\" class=\"aligncenter wp-image-36192 size-full\" src=\"https:\/\/adanaseshaber.com.tr\/wp-content\/uploads\/2022\/08\/asli-turanli-burak-celik-aski-boyle-ortaya-cikti-1.jpg\" alt=\"\" width=\"1280\" height=\"720\" srcset=\"https:\/\/adanaseshaber.com.tr\/wp-content\/uploads\/2022\/08\/asli-turanli-burak-celik-aski-boyle-ortaya-cikti-1.jpg 1280w, https:\/\/adanaseshaber.com.tr\/wp-content\/uploads\/2022\/08\/asli-turanli-burak-celik-aski-boyle-ortaya-cikti-1-300x169.jpg 300w, https:\/\/adanaseshaber.com.tr\/wp-content\/uploads\/2022\/08\/asli-turanli-burak-celik-aski-boyle-ortaya-cikti-1-1024x576.jpg 1024w, https:\/\/adanaseshaber.com.tr\/wp-content\/uploads\/2022\/08\/asli-turanli-burak-celik-aski-boyle-ortaya-cikti-1-768x432.jpg 768w, https:\/\/adanaseshaber.com.tr\/wp-content\/uploads\/2022\/08\/asli-turanli-burak-celik-aski-boyle-ortaya-cikti-1-390x220.jpg 390w\" sizes=\"auto, (max-width: 1280px) 100vw, 1280px\" \/><\/p>\n<p><strong>\u0130L\u0130\u015eK\u0130LER\u0130N\u0130 G\u00d6ZLERDEN UZAK YA\u015eIYORLAR<\/strong><\/p>\n<p>\u0130smail Bayrak\u2019\u0131n haberine g\u00f6re, \u00fcnl\u00fc oyuncu Burak \u00e7elik ile meslekta\u015f\u0131 Asl\u0131 Turanl\u0131, Senden Daha G\u00fczel dizisinin setinde a\u015fk ya\u015famaya ba\u015flad\u0131. \u00c7iftin dizi setinde ba\u015flayan a\u015fklar\u0131n\u0131 g\u00f6zlerden uzak ya\u015fad\u0131klar\u0131 iddia edildi.<\/p>\n<p><img loading=\"lazy\" decoding=\"async\" class=\"aligncenter wp-image-36193 size-full\" src=\"https:\/\/adanaseshaber.com.tr\/wp-content\/uploads\/2022\/08\/asli-turanli-burak-celik-aski-boyle-ortaya-cikti-2.jpg\" alt=\"\" width=\"1280\" height=\"720\" srcset=\"https:\/\/adanaseshaber.com.tr\/wp-content\/uploads\/2022\/08\/asli-turanli-burak-celik-aski-boyle-ortaya-cikti-2.jpg 1280w, https:\/\/adanaseshaber.com.tr\/wp-content\/uploads\/2022\/08\/asli-turanli-burak-celik-aski-boyle-ortaya-cikti-2-300x169.jpg 300w, https:\/\/adanaseshaber.com.tr\/wp-content\/uploads\/2022\/08\/asli-turanli-burak-celik-aski-boyle-ortaya-cikti-2-1024x576.jpg 1024w, https:\/\/adanaseshaber.com.tr\/wp-content\/uploads\/2022\/08\/asli-turanli-burak-celik-aski-boyle-ortaya-cikti-2-768x432.jpg 768w, https:\/\/adanaseshaber.com.tr\/wp-content\/uploads\/2022\/08\/asli-turanli-burak-celik-aski-boyle-ortaya-cikti-2-390x220.jpg 390w\" sizes=\"auto, (max-width: 1280px) 100vw, 1280px\" \/><\/p>\n<p><strong>ASLI TURANLI K\u0130MD\u0130R?<\/strong><\/p>\n<p>1994 y\u0131l\u0131nda d\u00fcnyaya gelen oyuncu Asl\u0131 Turanl\u0131, Marmara \u00dcniversitesi D\u0131\u015f Ticaret ve Uluslararas\u0131 Amerikan \u0130li\u015fkileri b\u00f6l\u00fcm\u00fcnden mezun oldu. Emek Sahnesi\u2019nde baz\u0131 oyunlarda rol alan Turanl\u0131, Tiyatro Karnaval\u2019da sahnelenen y\u00f6netmenli\u011fini Ferdi Merter\u2019in yapt\u0131\u011f\u0131 ve senaryosunu Kaan Erkal\u2019\u0131n yazd\u0131\u011f\u0131 Ahh S\u00fcreyya m\u00fczikalinin kadrosunda yer ald\u0131. Kanal D\u2019nin uzun soluklu dizisi Arka Sokaklar\u2019da rol \u00fcstlenen Asl\u0131 Turanl\u0131, y\u00f6netmenli\u011fini Ali Yorganc\u0131o\u011flu\u2019nun yapt\u0131\u011f\u0131 Asl\u0131 Gibidir\u2019de oynad\u0131.<\/p>\n","protected":false},"excerpt":{"rendered":"<p>FOX ekranlar\u0131nda yay\u0131nlanan Senden Daha G\u00fczel dizisinin yak\u0131\u015f\u0131kl\u0131 ba\u015frol\u00fc Burak \u00c7elik, g\u00f6nl\u00fcn\u00fc ayn\u0131 dizide rol ald\u0131\u011f\u0131 meslekta\u015f\u0131na kapt\u0131rd\u0131. \u00c7ok say\u0131da yap\u0131mda rol alan ve ba\u015far\u0131l\u0131 oyunculu\u011fu kadar yak\u0131\u015f\u0131kl\u0131l\u0131\u011f\u0131yla da ad\u0131ndan s\u0131k\u00e7a s\u00f6z ettiren \u00fcnl\u00fc oyuncu Burak \u00c7elik\u2019in Senden Daha G\u00fczel dizisindeki rol arkada\u015f\u0131 Asl\u0131 Turan\u0131 ile a\u015fk ya\u015fad\u0131\u011f\u0131 iddia edildi. Yeni dizi a\u015fk\u0131 ile ilgili &hellip;<\/p>\n","protected":false},"author":6,"featured_media":36191,"comment_status":"closed","ping_status":"closed","sticky":false,"template":"","format":"standard","meta":{"footnotes":""},"categories":[15431],"tags":[],"class_list":["post-36190","post","type-post","status-publish","format-standard","has-post-thumbnail","hentry","category-medya"],"amp_enabled":true,"_links":{"self":[{"href":"https:\/\/adanaseshaber.com.tr\/index.php?rest_route=\/wp\/v2\/posts\/36190","targetHints":{"allow":["GET"]}}],"collection":[{"href":"https:\/\/adanaseshaber.com.tr\/index.php?rest_route=\/wp\/v2\/posts"}],"about":[{"href":"https:\/\/adanaseshaber.com.tr\/index.php?rest_route=\/wp\/v2\/types\/post"}],"author":[{"embeddable":true,"href":"https:\/\/adanaseshaber.com.tr\/index.php?rest_route=\/wp\/v2\/users\/6"}],"replies":[{"embeddable":true,"href":"https:\/\/adanaseshaber.com.tr\/index.php?rest_route=%2Fwp%2Fv2%2Fcomments&post=36190"}],"version-history":[{"count":1,"href":"https:\/\/adanaseshaber.com.tr\/index.php?rest_route=\/wp\/v2\/posts\/36190\/revisions"}],"predecessor-version":[{"id":36194,"href":"https:\/\/adanaseshaber.com.tr\/index.php?rest_route=\/wp\/v2\/posts\/36190\/revisions\/36194"}],"wp:featuredmedia":[{"embeddable":true,"href":"https:\/\/adanaseshaber.com.tr\/index.php?rest_route=\/wp\/v2\/media\/36191"}],"wp:attachment":[{"href":"https:\/\/adanaseshaber.com.tr\/index.php?rest_route=%2Fwp%2Fv2%2Fmedia&parent=36190"}],"wp:term":[{"taxonomy":"category","embeddable":true,"href":"https:\/\/adanaseshaber.com.tr\/index.php?rest_route=%2Fwp%2Fv2%2Fcategories&post=36190"},{"taxonomy":"post_tag","embeddable":true,"href":"https:\/\/adanaseshaber.com.tr\/index.php?rest_route=%2Fwp%2Fv2%2Ftags&post=36190"}],"curies":[{"name":"wp","href":"https:\/\/api.w.org\/{rel}","templated":true}]}}