{"id":36195,"date":"2022-08-23T16:01:42","date_gmt":"2022-08-23T13:01:42","guid":{"rendered":"https:\/\/www.adanaseshaber.com\/?p=36195"},"modified":"2022-08-23T16:01:22","modified_gmt":"2022-08-23T13:01:22","slug":"asgari-ucrete-ucuncu-zam-aciklamasi","status":"publish","type":"post","link":"https:\/\/adanaseshaber.com.tr\/?p=36195","title":{"rendered":"Asgari \u00fccrete \u00fc\u00e7\u00fcnc\u00fc zam a\u00e7\u0131klamas\u0131"},"content":{"rendered":"<p>Temmuz ay\u0131nda asgari \u00fccrete yap\u0131lan ara zamm\u0131n ard\u0131ndan asgari \u00fccret 5 bin 500 TL\u2019ye y\u00fckselmi\u015fti. \u0130lk kez asgari \u00fccrete Temmuz ay\u0131nda zam yap\u0131lm\u0131\u015f ve bu ara zamla birlikte son d\u00f6nemde ya\u015fanan ekonomik s\u0131k\u0131nt\u0131lar bir nebze olsun rahatlat\u0131lmaya \u00e7al\u0131\u015f\u0131lm\u0131\u015ft\u0131. \u015eimdilerde ise asgari \u00fccrete \u00fc\u00e7\u00fcnc\u00fc zam konusu g\u00fcndeme gelmeye ba\u015flad\u0131. Hayat pahal\u0131l\u0131\u011f\u0131 ve cep yakan g\u0131da fiyatlar\u0131n\u0131n ard\u0131ndan kamuoyunda asgari \u00fccrete \u00fc\u00e7\u00fcnc\u00fc zam iddialar\u0131 dillendirilmeye ba\u015fland\u0131. Asgari \u00fccrete 3. zam iddialar\u0131 son g\u00fcnlerde g\u00fcndemden d\u00fc\u015fmezken bu iddialar\u0131n ard\u0131ndan g\u00f6zler \u00c7al\u0131\u015fma ve Sosyal G\u00fcvenlik Bakan\u0131 Vedat Bilgin\u2019e \u00e7evrildi. Peki, asgari \u00fccrete 3. zam olacak m\u0131? Asgari \u00fccrete \u00fc\u00e7\u00fcnc\u00fc zam ne zaman gelir? Asgari \u00fccrete zam var m\u0131? 2022 asgari \u00fccret ne kadar? \u0130\u015fte t\u00fcm merak edilenler\u2026<\/p>\n<p><strong>ASGAR\u0130 \u00dcCRETE \u00dc\u00c7\u00dcNC\u00dc ZAM \u0130DD\u0130ASI<\/strong><\/p>\n<p>Son d\u00f6nemde ya\u015fanan ekonomik s\u0131k\u0131nt\u0131lar ve hayat pahal\u0131l\u0131\u011f\u0131 dar gelirli aileleri bir hayli zora sokmu\u015f ve asgari \u00fccretli \u00e7al\u0131\u015fanlar i\u00e7in h\u00fck\u00fcmet hemen d\u00fc\u011fmeye basm\u0131\u015ft\u0131. Hayat pahal\u0131l\u0131\u011f\u0131 ve giderek artan g\u0131da fiyatlar\u0131 sonras\u0131nda 2022 y\u0131l\u0131nda asgari \u00fccrete iki kez zam geldi. Bu y\u0131l ilk kez asgari \u00fccrete Temmuz ay\u0131nda ara zam yap\u0131ld\u0131 ve asgari \u00fccret 5 bin 500 TL\u2019ye y\u00fckseldi.<\/p>\n<p><strong>ASGAR\u0130 \u00dcCRETE \u00dc\u00c7\u00dcNC\u00dc ZAM OLACAK MI?<\/strong><\/p>\n<p>Asgari \u00fccrete 2022 y\u0131l\u0131nda iki kez zam yap\u0131lm\u0131\u015f ve 5 bin 500 TL\u2019ye y\u00fckselmi\u015fti. \u015eimdilerde ise kamuoyunda \u00fc\u00e7\u00fcnc\u00fc zam iddialar\u0131 konu\u015fulmaya ba\u015fland\u0131. Temmuz ay\u0131nda gelen ek zamm\u0131n ard\u0131ndan \u00fc\u00e7\u00fcnc\u00fc zam beklentisi olu\u015furken Cumhurba\u015fkan\u0131 Recep Tayyip Erdo\u011fan ise ge\u00e7ti\u011fimiz haftalarda yapt\u0131\u011f\u0131 Kabine toplant\u0131s\u0131nda vatanda\u015flardan destek ve sab\u0131r bekledi\u011fini belirterek y\u0131lba\u015f\u0131n\u0131 i\u015faret etmi\u015fti. Konuyla ilgili g\u00f6zlerin \u00e7evrildi\u011fi \u00c7al\u0131\u015fma ve Sosyal G\u00fcvenlik Bakan\u0131 Vedat Bilgin\u2019den de a\u00e7\u0131klama geldi.<\/p>\n<p><img loading=\"lazy\" decoding=\"async\" class=\"aligncenter wp-image-36197 size-full\" src=\"https:\/\/adanaseshaber.com.tr\/wp-content\/uploads\/2022\/08\/asgari-ucrete-ucuncu-zam-aciklamasi-1.jpg\" alt=\"\" width=\"1280\" height=\"720\" srcset=\"https:\/\/adanaseshaber.com.tr\/wp-content\/uploads\/2022\/08\/asgari-ucrete-ucuncu-zam-aciklamasi-1.jpg 1280w, https:\/\/adanaseshaber.com.tr\/wp-content\/uploads\/2022\/08\/asgari-ucrete-ucuncu-zam-aciklamasi-1-300x169.jpg 300w, https:\/\/adanaseshaber.com.tr\/wp-content\/uploads\/2022\/08\/asgari-ucrete-ucuncu-zam-aciklamasi-1-1024x576.jpg 1024w, https:\/\/adanaseshaber.com.tr\/wp-content\/uploads\/2022\/08\/asgari-ucrete-ucuncu-zam-aciklamasi-1-768x432.jpg 768w, https:\/\/adanaseshaber.com.tr\/wp-content\/uploads\/2022\/08\/asgari-ucrete-ucuncu-zam-aciklamasi-1-390x220.jpg 390w\" sizes=\"auto, (max-width: 1280px) 100vw, 1280px\" \/><\/p>\n<p><strong>BAKAN B\u0130LG\u0130N\u2019DEN A\u00c7IKLAMA<\/strong><\/p>\n<p>D\u00fcn ger\u00e7ekle\u015ftirilen Kabine toplant\u0131s\u0131n\u0131n ard\u0131ndan kendisine sorulan sorular\u0131 yan\u0131tlayan \u00c7al\u0131\u015fma ve Sosyal G\u00fcvenlik Bakan\u0131 Vedat Bilgin, asgari \u00fccrete \u00fc\u00e7\u00fcnc\u00fc zam iddialar\u0131yla ilgili de konu\u015ftu. Bakan Bilgin, 3. zam konusunun \u015fu anda g\u00fcndemlerinde olmad\u0131\u011f\u0131n\u0131 fakat Aral\u0131k ay\u0131nda tekrar masaya yat\u0131r\u0131laca\u011f\u0131n\u0131 s\u00f6yledi.<\/p>\n","protected":false},"excerpt":{"rendered":"<p>Temmuz ay\u0131nda asgari \u00fccrete yap\u0131lan ara zamm\u0131n ard\u0131ndan asgari \u00fccret 5 bin 500 TL\u2019ye y\u00fckselmi\u015fti. \u0130lk kez asgari \u00fccrete Temmuz ay\u0131nda zam yap\u0131lm\u0131\u015f ve bu ara zamla birlikte son d\u00f6nemde ya\u015fanan ekonomik s\u0131k\u0131nt\u0131lar bir nebze olsun rahatlat\u0131lmaya \u00e7al\u0131\u015f\u0131lm\u0131\u015ft\u0131. \u015eimdilerde ise asgari \u00fccrete \u00fc\u00e7\u00fcnc\u00fc zam konusu g\u00fcndeme gelmeye ba\u015flad\u0131. Hayat pahal\u0131l\u0131\u011f\u0131 ve cep yakan g\u0131da fiyatlar\u0131n\u0131n &hellip;<\/p>\n","protected":false},"author":6,"featured_media":36196,"comment_status":"closed","ping_status":"closed","sticky":false,"template":"","format":"standard","meta":{"footnotes":""},"categories":[1],"tags":[],"class_list":["post-36195","post","type-post","status-publish","format-standard","has-post-thumbnail","hentry","category-genel"],"amp_enabled":true,"_links":{"self":[{"href":"https:\/\/adanaseshaber.com.tr\/index.php?rest_route=\/wp\/v2\/posts\/36195","targetHints":{"allow":["GET"]}}],"collection":[{"href":"https:\/\/adanaseshaber.com.tr\/index.php?rest_route=\/wp\/v2\/posts"}],"about":[{"href":"https:\/\/adanaseshaber.com.tr\/index.php?rest_route=\/wp\/v2\/types\/post"}],"author":[{"embeddable":true,"href":"https:\/\/adanaseshaber.com.tr\/index.php?rest_route=\/wp\/v2\/users\/6"}],"replies":[{"embeddable":true,"href":"https:\/\/adanaseshaber.com.tr\/index.php?rest_route=%2Fwp%2Fv2%2Fcomments&post=36195"}],"version-history":[{"count":1,"href":"https:\/\/adanaseshaber.com.tr\/index.php?rest_route=\/wp\/v2\/posts\/36195\/revisions"}],"predecessor-version":[{"id":36198,"href":"https:\/\/adanaseshaber.com.tr\/index.php?rest_route=\/wp\/v2\/posts\/36195\/revisions\/36198"}],"wp:featuredmedia":[{"embeddable":true,"href":"https:\/\/adanaseshaber.com.tr\/index.php?rest_route=\/wp\/v2\/media\/36196"}],"wp:attachment":[{"href":"https:\/\/adanaseshaber.com.tr\/index.php?rest_route=%2Fwp%2Fv2%2Fmedia&parent=36195"}],"wp:term":[{"taxonomy":"category","embeddable":true,"href":"https:\/\/adanaseshaber.com.tr\/index.php?rest_route=%2Fwp%2Fv2%2Fcategories&post=36195"},{"taxonomy":"post_tag","embeddable":true,"href":"https:\/\/adanaseshaber.com.tr\/index.php?rest_route=%2Fwp%2Fv2%2Ftags&post=36195"}],"curies":[{"name":"wp","href":"https:\/\/api.w.org\/{rel}","templated":true}]}}