{"id":36213,"date":"2022-08-23T17:18:42","date_gmt":"2022-08-23T14:18:42","guid":{"rendered":"https:\/\/www.adanaseshaber.com\/?p=36213"},"modified":"2022-08-23T17:18:05","modified_gmt":"2022-08-23T14:18:05","slug":"cocugu-okula-gidecek-ailelere-destek","status":"publish","type":"post","link":"https:\/\/adanaseshaber.com.tr\/?p=36213","title":{"rendered":"\u00c7ocu\u011fu okula gidecek ailelere destek"},"content":{"rendered":"<p>2022-2023 e\u011fitim-\u00f6\u011fretim y\u0131l\u0131n\u0131n ba\u015flamas\u0131na az bir s\u00fcre kal\u0131rken \u00e7ocu\u011fu okula yeni ba\u015flayacak olan aileler SED ba\u015fvurular\u0131n\u0131 ara\u015ft\u0131rmaya ba\u015flad\u0131. Aile ve Sosyal Politikalar Bakanl\u0131\u011f\u0131 taraf\u0131ndan \u00e7ocu\u011fu okula yeni ba\u015flayacak olan ailelere verilen destekle ilgili yo\u011fun bir ara\u015ft\u0131rma var. Sosyal ve Ekonomik Destek ile ilgili ara\u015ft\u0131rmalar devam ediyor. SED \u00f6demelerinin ne zaman ve nas\u0131l yap\u0131laca\u011f\u0131, SED ba\u015fvurular\u0131n\u0131n nas\u0131l ve nereden yap\u0131laca\u011f\u0131na dair merak edilen \u00e7ok say\u0131da soru var. \u00c7ocu\u011fu okula yeni ba\u015flayacak olan ailelere Aile ve Sosyal Politikalar Bakanl\u0131\u011f\u0131 taraf\u0131ndan Sosyal ve Ekonomik Destek \u00f6demesi yap\u0131l\u0131yor. Okullar\u0131n a\u00e7\u0131lmas\u0131na \u00e7ok az bir s\u00fcre kal\u0131rken \u00e7ocu\u011fu okula yeni ba\u015flayacak olan aileler SED ba\u015fvurular\u0131n\u0131 ve SED ile ilgili t\u00fcm detaylar\u0131 ara\u015ft\u0131rmaya ba\u015flad\u0131. Peki, SED ba\u015fvurular\u0131 ba\u015flad\u0131 m\u0131? 2022 SED ba\u015fvurusu nas\u0131l yap\u0131l\u0131r? SED ba\u015fvuru \u015fartlar\u0131 nelerdir? SED \u00f6demeleri ne zaman yap\u0131lacak? \u0130\u015fte t\u00fcm merak edilenler\u2026<\/p>\n<p><strong>SED \u00d6DEMES\u0130 BA\u015eVURUSU NASIL YAPILIR?<\/strong><\/p>\n<p>Aile ve Sosyal Politikalar Bakanl\u0131\u011f\u0131 taraf\u0131ndan \u00e7ocu\u011fu yeni okula ba\u015flayacak olan ailelere verilen Sosyal Ekonomik Destek (SED) ba\u015fvurusu yapmak isteyenler Sosyal Hizmet Merkezi veya Aile ve Sosyal \u0130\u015fler Politikalar \u0130l M\u00fcd\u00fcrl\u00fckleri arac\u0131l\u0131\u011f\u0131yla ba\u015fvurular\u0131n\u0131 yapabilirler. Yine e-Devlet \u00fczerinden de ba\u015fvuru yap\u0131labilir. Ba\u015fvuru i\u00e7in Aile ve Sosyal \u0130\u015fler Politikalar \u0130l M\u00fcd\u00fcrl\u00fckleri veya Sosyal Hizmet Merkezi\u2019nde s\u00f6z konusu destekten faydalanabilmek i\u00e7in dilek\u00e7e doldurulmas\u0131 gerekiyor. SED ba\u015fvurusu i\u00e7in doldurulan dilek\u00e7e ilgili kuruma teslim edilir ve dilek\u00e7enin ard\u0131ndan ba\u015fvuru yapan ailenin ekonomik durumu incelenir. S\u00fcre\u00e7 i\u00e7erisinde il m\u00fcd\u00fcrl\u00fckleri evleri ziyaret eder ve ailenin gelir d\u00fczeyi incelenerek tespit edilir. Ailenin gerekli t\u00fcm \u015fartlar\u0131 sa\u011flamas\u0131 durumunda ba\u015fvuru yapan ki\u015fi veya aile ad\u0131na bir dosya haz\u0131rlan\u0131r ve T.C. Kimlik belgesinin fotokopisi, sa\u011fl\u0131k durumunu g\u00f6steren belge, \u00e7ocu\u011fun \u00f6\u011frenim belgesi, \u00e7al\u0131\u015fmayanlar i\u00e7in \u0130\u015e-KUR\u2019a ba\u015fvuru yapt\u0131klar\u0131n\u0131 g\u00f6steren belge talep edilir. Talep edilen belgeler il m\u00fcd\u00fcrl\u00fc\u011f\u00fcne teslim edildikten sonra Sosyal Ekonomik Destek (SED) \u00f6demeleri ba\u015flar.<\/p>\n<p><img loading=\"lazy\" decoding=\"async\" class=\"aligncenter wp-image-36215 size-full\" src=\"https:\/\/adanaseshaber.com.tr\/wp-content\/uploads\/2022\/08\/cocugu-okula-gidecek-ailelere-destek-1.jpg\" alt=\"\" width=\"1280\" height=\"720\" srcset=\"https:\/\/adanaseshaber.com.tr\/wp-content\/uploads\/2022\/08\/cocugu-okula-gidecek-ailelere-destek-1.jpg 1280w, https:\/\/adanaseshaber.com.tr\/wp-content\/uploads\/2022\/08\/cocugu-okula-gidecek-ailelere-destek-1-300x169.jpg 300w, https:\/\/adanaseshaber.com.tr\/wp-content\/uploads\/2022\/08\/cocugu-okula-gidecek-ailelere-destek-1-1024x576.jpg 1024w, https:\/\/adanaseshaber.com.tr\/wp-content\/uploads\/2022\/08\/cocugu-okula-gidecek-ailelere-destek-1-768x432.jpg 768w, https:\/\/adanaseshaber.com.tr\/wp-content\/uploads\/2022\/08\/cocugu-okula-gidecek-ailelere-destek-1-390x220.jpg 390w\" sizes=\"auto, (max-width: 1280px) 100vw, 1280px\" \/><\/p>\n<p><strong>SED \u00d6DEMELER\u0130 NE ZAMAN YAPILACAK 2022?<\/strong><\/p>\n<p>Okullar\u0131n a\u00e7\u0131lmas\u0131na \u00e7ok az bir s\u00fcre kal\u0131rken 2 bin 337 TL tutar\u0131ndaki SED \u00f6demelerinin ne zaman yap\u0131laca\u011f\u0131na dair ara\u015ft\u0131rmalar da h\u0131z kazand\u0131. Aile ve Sosyal Politikalar Bakan\u0131 Derya Yan\u0131k, \u00e7ocuklar\u0131n temel ihtiya\u00e7lar\u0131 ve okul masraflar\u0131n\u0131n kar\u015f\u0131lanmas\u0131 i\u00e7in ihtiya\u00e7 sahibi ailelere sa\u011flanan Sosyal Ekonomik Destek (SED) \u00f6demelerinin 2022 A\u011fustos ay\u0131nda hesaplara yat\u0131r\u0131laca\u011f\u0131n\u0131 a\u00e7\u0131klad\u0131. Yard\u0131mdan faydalanacak 140 bin civar\u0131nda aile oldu\u011funu s\u00f6yleyen Bakan Yan\u0131k, \u2018SED\u2019den yararlanan \u00e7ocuklar\u0131m\u0131z i\u00e7in ailelerin hesaplar\u0131na A\u011fustos 2022 \u00f6demesi olarak toplam 328.311.460 TL yat\u0131rd\u0131k.\u2019 ifadelerine yer verdi.<\/p>\n","protected":false},"excerpt":{"rendered":"<p>2022-2023 e\u011fitim-\u00f6\u011fretim y\u0131l\u0131n\u0131n ba\u015flamas\u0131na az bir s\u00fcre kal\u0131rken \u00e7ocu\u011fu okula yeni ba\u015flayacak olan aileler SED ba\u015fvurular\u0131n\u0131 ara\u015ft\u0131rmaya ba\u015flad\u0131. Aile ve Sosyal Politikalar Bakanl\u0131\u011f\u0131 taraf\u0131ndan \u00e7ocu\u011fu okula yeni ba\u015flayacak olan ailelere verilen destekle ilgili yo\u011fun bir ara\u015ft\u0131rma var. Sosyal ve Ekonomik Destek ile ilgili ara\u015ft\u0131rmalar devam ediyor. SED \u00f6demelerinin ne zaman ve nas\u0131l yap\u0131laca\u011f\u0131, SED ba\u015fvurular\u0131n\u0131n &hellip;<\/p>\n","protected":false},"author":6,"featured_media":36214,"comment_status":"closed","ping_status":"closed","sticky":false,"template":"","format":"standard","meta":{"footnotes":""},"categories":[1],"tags":[],"class_list":["post-36213","post","type-post","status-publish","format-standard","has-post-thumbnail","hentry","category-genel"],"amp_enabled":true,"_links":{"self":[{"href":"https:\/\/adanaseshaber.com.tr\/index.php?rest_route=\/wp\/v2\/posts\/36213","targetHints":{"allow":["GET"]}}],"collection":[{"href":"https:\/\/adanaseshaber.com.tr\/index.php?rest_route=\/wp\/v2\/posts"}],"about":[{"href":"https:\/\/adanaseshaber.com.tr\/index.php?rest_route=\/wp\/v2\/types\/post"}],"author":[{"embeddable":true,"href":"https:\/\/adanaseshaber.com.tr\/index.php?rest_route=\/wp\/v2\/users\/6"}],"replies":[{"embeddable":true,"href":"https:\/\/adanaseshaber.com.tr\/index.php?rest_route=%2Fwp%2Fv2%2Fcomments&post=36213"}],"version-history":[{"count":2,"href":"https:\/\/adanaseshaber.com.tr\/index.php?rest_route=\/wp\/v2\/posts\/36213\/revisions"}],"predecessor-version":[{"id":36217,"href":"https:\/\/adanaseshaber.com.tr\/index.php?rest_route=\/wp\/v2\/posts\/36213\/revisions\/36217"}],"wp:featuredmedia":[{"embeddable":true,"href":"https:\/\/adanaseshaber.com.tr\/index.php?rest_route=\/wp\/v2\/media\/36214"}],"wp:attachment":[{"href":"https:\/\/adanaseshaber.com.tr\/index.php?rest_route=%2Fwp%2Fv2%2Fmedia&parent=36213"}],"wp:term":[{"taxonomy":"category","embeddable":true,"href":"https:\/\/adanaseshaber.com.tr\/index.php?rest_route=%2Fwp%2Fv2%2Fcategories&post=36213"},{"taxonomy":"post_tag","embeddable":true,"href":"https:\/\/adanaseshaber.com.tr\/index.php?rest_route=%2Fwp%2Fv2%2Ftags&post=36213"}],"curies":[{"name":"wp","href":"https:\/\/api.w.org\/{rel}","templated":true}]}}